{"id":267426,"date":"2025-07-23T07:06:07","date_gmt":"2025-07-23T07:06:07","guid":{"rendered":"https:\/\/www.europesays.com\/fr\/267426\/"},"modified":"2025-07-23T07:06:07","modified_gmt":"2025-07-23T07:06:07","slug":"le-paris-fc-et-rennes-a-la-lutte-pour-un-ancien-de-ligue-1-france-stade-rennais","status":"publish","type":"post","link":"https:\/\/www.europesays.com\/fr\/267426\/","title":{"rendered":"Le Paris FC et Rennes \u00e0 la lutte pour un ancien de Ligue 1 ? &#8211; France &#8211; Stade rennais"},"content":{"rendered":"<p>Le premier round du duel Arnault-Pinault ?<\/p>\n<p>Les deux propri\u00e9taires rivaux du <a target=\"_blank\" href=\"https:\/\/www.sofoot.com\/articles\/le-paris-fc-de-la-famille-arnault-et-red-bull-un-autre-terrain-de-soft-power-dans-la-capitale\" rel=\"nofollow noopener\">Paris FC<\/a> et du Stade rennais vont devoir attendre le mois de novembre pour se retrouver sur le terrain, au stade Jean-Bouin. Avant de s\u2019affronter sur le rectangle vert, les deux clubs fran\u00e7ais pourraient \u00eatre concurrents sur le march\u00e9 des transferts dans les prochains jours.<\/p>\n<p><a target=\"_blank\" href=\"https:\/\/www.lequipe.fr\/Football\/Actualites\/Mercato-le-paris-fc-entre-dans-la-danse-pour-przemyslaw-frankowski-deja-convoite-par-rennes\/1579910\" rel=\"nofollow noopener\">D\u2019apr\u00e8s des informations de L\u2019\u00c9quipe publi\u00e9es ce mardi,<\/a> le PFC comme le SRFC souhaitent enr\u00f4ler Przemys\u0142aw Frankowski. Apr\u00e8s avoir \u00e9t\u00e9 <a target=\"_blank\" href=\"https:\/\/www.sofoot.com\/breves\/przemyslaw-frankowski-prete-par-lens-a-galatasaray-avec-option-dachat\" rel=\"nofollow noopener\">pr\u00eat\u00e9 avec une obligation d\u2019achat par Lens l\u2019hiver dernier<\/a>, <strong>le lat\u00e9ral polonais sort d\u2019une fin de saison gal\u00e8re en Turquie et devrait d\u00e9j\u00e0 quitter Galatasaray cet \u00e9t\u00e9.\u00a0<\/strong>Le club parisien serait chaud pour un transfert sec, selon le quotidien, alors que les Bretons n\u00e9gocieraient plut\u00f4t pour un pr\u00eat avec option d\u2019achat.<\/p>\n<p>Que le combat des chefs commence.<\/p>\n<p>\t\t\t\t\t\t\t\t\t\t<a class=\"lien-connexe\" href=\"https:\/\/www.sofoot.com\/breves\/rennes-om-et-nantes-psg-on-connait-les-affiches-de-la-premiere-journee-de-ligue-1\" rel=\"nofollow noopener\" target=\"_blank\">D\u00e9couvrez les affiches de la premi\u00e8re journ\u00e9e de Ligue 1<\/a>\t\t\t\t\t<\/p>\n","protected":false},"excerpt":{"rendered":"Le premier round du duel Arnault-Pinault ? Les deux propri\u00e9taires rivaux du Paris FC et du Stade rennais&hellip;\n","protected":false},"author":2,"featured_media":267427,"comment_status":"","ping_status":"","sticky":false,"template":"","format":"standard","meta":{"footnotes":""},"categories":[2821],"tags":[1111,47,11,61,829,69,65,64,1777,674,63,1011,27,68,66,12,62,70,584,25,67],"class_list":{"0":"post-267426","1":"post","2":"type-post","3":"status-publish","4":"format-standard","5":"has-post-thumbnail","7":"category-rennes","8":"tag-actu","9":"tag-actualite","10":"tag-actualites","11":"tag-actus-football","12":"tag-bretagne","13":"tag-bundesliga","14":"tag-championnats-europeens","15":"tag-equipe-de-france","16":"tag-eu","17":"tag-europe","18":"tag-football","19":"tag-fr","20":"tag-france","21":"tag-ligua","22":"tag-ligue-1","23":"tag-news","24":"tag-news-foot","25":"tag-premier-league","26":"tag-rennes","27":"tag-republique-francaise","28":"tag-serie-a"},"share_on_mastodon":{"url":"https:\/\/pubeurope.com\/@fr\/114901285807737055","error":""},"_links":{"self":[{"href":"https:\/\/www.europesays.com\/fr\/wp-json\/wp\/v2\/posts\/267426","targetHints":{"allow":["GET"]}}],"collection":[{"href":"https:\/\/www.europesays.com\/fr\/wp-json\/wp\/v2\/posts"}],"about":[{"href":"https:\/\/www.europesays.com\/fr\/wp-json\/wp\/v2\/types\/post"}],"author":[{"embeddable":true,"href":"https:\/\/www.europesays.com\/fr\/wp-json\/wp\/v2\/users\/2"}],"replies":[{"embeddable":true,"href":"https:\/\/www.europesays.com\/fr\/wp-json\/wp\/v2\/comments?post=267426"}],"version-history":[{"count":0,"href":"https:\/\/www.europesays.com\/fr\/wp-json\/wp\/v2\/posts\/267426\/revisions"}],"wp:featuredmedia":[{"embeddable":true,"href":"https:\/\/www.europesays.com\/fr\/wp-json\/wp\/v2\/media\/267427"}],"wp:attachment":[{"href":"https:\/\/www.europesays.com\/fr\/wp-json\/wp\/v2\/media?parent=267426"}],"wp:term":[{"taxonomy":"category","embeddable":true,"href":"https:\/\/www.europesays.com\/fr\/wp-json\/wp\/v2\/categories?post=267426"},{"taxonomy":"post_tag","embeddable":true,"href":"https:\/\/www.europesays.com\/fr\/wp-json\/wp\/v2\/tags?post=267426"}],"curies":[{"name":"wp","href":"https:\/\/api.w.org\/{rel}","templated":true}]}}