{"id":267435,"date":"2025-07-23T07:11:28","date_gmt":"2025-07-23T07:11:28","guid":{"rendered":"https:\/\/www.europesays.com\/fr\/267435\/"},"modified":"2025-07-23T07:11:28","modified_gmt":"2025-07-23T07:11:28","slug":"le-beach-tour-prevention-en-loire-atlantique-prevenir-les-noyades-des-le-plus-jeune-age","status":"publish","type":"post","link":"https:\/\/www.europesays.com\/fr\/267435\/","title":{"rendered":"Le Beach tour pr\u00e9vention en Loire-Atlantique\u00a0: pr\u00e9venir les noyades d\u00e8s le plus jeune \u00e2ge"},"content":{"rendered":"<p><strong>\u00ab\u00a0La noyade est silencieuse.\u00a0\u00bb<\/strong> Ce message fort s\u2019affiche en grand sur le pass Plouf, petit passeport distribu\u00e9 aux enfants, lors du Beach tour pr\u00e9vention.\u00a0Ce village itin\u00e9rant, qui vise \u00e0 sensibiliser le grand public pour qu\u2019il passe un \u00e9t\u00e9 en s\u00e9curit\u00e9 au bord de l\u2019eau \u00e9tait pr\u00e9sent \u00e0 <a href=\"https:\/\/labaule.maville.com\/actu\/actudet_-a-la-turballe-l-ocean-se-dechaine-et-les-plages-restent-fermees-je-me-suis-fait-peur-_8-6908755_actu.Htm\" target=\"_self\" rel=\"noopener\">La Turballe<\/a>, ce mardi 22\u00a0juillet. Pour sa sixi\u00e8me \u00e9dition, il fait \u00e9tape en six endroits. Il se rendra ensuite au Pouliguen, ce mercredi 23\u00a0juillet, \u00e0 Piriac-sur-Mer le 24\u00a0juillet, \u00e0 La Baule le 30\u00a0juillet, puis Saint-Br\u00e9vin-les-Pins le 31\u00a0juillet. Et comme les noyades ne concernent pas uniquement la mer, une \u00e9tape est aussi pr\u00e9vue au plan d\u2019eau du Ch\u00eane, \u00e0 Oudon.<\/p>\n<p>En France, <a href=\"https:\/\/www.ouest-france.fr\/mer\/plages\/video-pourquoi-plusieurs-plages-de-loire-atlantique-sont-interdites-a-la-baignade-39079967-9a55-3201-8c51-2f537bb0773f\" target=\"_self\" rel=\"noopener\">la noyade<\/a> est la premi\u00e8re cause de mortalit\u00e9 par accident de la vie courante chez les moins de 25\u00a0ans. Lors de l\u2019\u00e9t\u00e9 2024 en Loire-Atlantique, seize\u00a0noyades ont entra\u00een\u00e9 quatre\u00a0d\u00e9c\u00e8s. Une augmentation par rapport \u00e0 l\u2019\u00e9t\u00e9 2023, lors duquel onze\u00a0noyades avaient \u00e9t\u00e9 recens\u00e9es, dont quatre\u00a0suivies d\u2019un d\u00e9c\u00e8s. <strong>\u00ab\u00a030\u00a0% des noyades concernent les enfants de moins de 6\u00a0ans\u00a0\u00bb<\/strong>, souligne \u00c9ric de Wispeleare, sous-pr\u00e9fet de Saint-Nazaire. D\u2019o\u00f9 l\u2019importance de rendre la pr\u00e9vention accessible d\u00e8s le plus jeune \u00e2ge.<\/p>\n<p>Une pr\u00e9vention ludique<\/p>\n<p>La pr\u00e9vention se veut ludique pour les enfants. Munis de leur pass Plouf, ils doivent le faire remplir de tampons en passant par les diff\u00e9rents ateliers propos\u00e9s. Plusieurs intervenants sont pr\u00e9sents, parmi lesquels la Soci\u00e9t\u00e9 nationale de sauvetage en mer, la Ligue contre le cancer ou encore l\u2019Office fran\u00e7ais de la biodiversit\u00e9. En d\u00e9ambulant entre les stands, les enfants participent \u00e0 des ateliers de secourisme, apprennent \u00e0 faire des n\u0153uds marins, d\u00e9couvrent la biodiversit\u00e9\u2026<\/p>\n<p>Maxence et Oph\u00e9lie apprennent le massage cardiaque et la position lat\u00e9rale de s\u00e9curit\u00e9 (PLS). <strong>\u00ab\u00a0C\u2019est tr\u00e8s simple, m\u00eame un enfant peut mettre un adulte en PLS\u00a0\u00bb,<\/strong> assure un formateur.<\/p>\n<p>\u00a0<\/p>\n","protected":false},"excerpt":{"rendered":"\u00ab\u00a0La noyade est silencieuse.\u00a0\u00bb Ce message fort s\u2019affiche en grand sur le pass Plouf, petit passeport distribu\u00e9 aux&hellip;\n","protected":false},"author":2,"featured_media":267436,"comment_status":"","ping_status":"","sticky":false,"template":"","format":"standard","meta":{"footnotes":""},"categories":[2818],"tags":[1111,11,317,31060,1777,674,1011,27,3913,3047,766,12,40684,2636,40683,6543,25,3584],"class_list":{"0":"post-267435","1":"post","2":"type-post","3":"status-publish","4":"format-standard","5":"has-post-thumbnail","7":"category-nantes","8":"tag-actu","9":"tag-actualites","10":"tag-age","11":"tag-beach","12":"tag-eu","13":"tag-europe","14":"tag-fr","15":"tag-france","16":"tag-jeune","17":"tag-loire-atlantique","18":"tag-nantes","19":"tag-news","20":"tag-noyades","21":"tag-pays-de-la-loire","22":"tag-prevenir","23":"tag-prevention","24":"tag-republique-francaise","25":"tag-tour"},"share_on_mastodon":{"url":"https:\/\/pubeurope.com\/@fr\/114901305478230531","error":""},"_links":{"self":[{"href":"https:\/\/www.europesays.com\/fr\/wp-json\/wp\/v2\/posts\/267435","targetHints":{"allow":["GET"]}}],"collection":[{"href":"https:\/\/www.europesays.com\/fr\/wp-json\/wp\/v2\/posts"}],"about":[{"href":"https:\/\/www.europesays.com\/fr\/wp-json\/wp\/v2\/types\/post"}],"author":[{"embeddable":true,"href":"https:\/\/www.europesays.com\/fr\/wp-json\/wp\/v2\/users\/2"}],"replies":[{"embeddable":true,"href":"https:\/\/www.europesays.com\/fr\/wp-json\/wp\/v2\/comments?post=267435"}],"version-history":[{"count":0,"href":"https:\/\/www.europesays.com\/fr\/wp-json\/wp\/v2\/posts\/267435\/revisions"}],"wp:featuredmedia":[{"embeddable":true,"href":"https:\/\/www.europesays.com\/fr\/wp-json\/wp\/v2\/media\/267436"}],"wp:attachment":[{"href":"https:\/\/www.europesays.com\/fr\/wp-json\/wp\/v2\/media?parent=267435"}],"wp:term":[{"taxonomy":"category","embeddable":true,"href":"https:\/\/www.europesays.com\/fr\/wp-json\/wp\/v2\/categories?post=267435"},{"taxonomy":"post_tag","embeddable":true,"href":"https:\/\/www.europesays.com\/fr\/wp-json\/wp\/v2\/tags?post=267435"}],"curies":[{"name":"wp","href":"https:\/\/api.w.org\/{rel}","templated":true}]}}