{"id":267437,"date":"2025-07-23T07:12:11","date_gmt":"2025-07-23T07:12:11","guid":{"rendered":"https:\/\/www.europesays.com\/fr\/267437\/"},"modified":"2025-07-23T07:12:11","modified_gmt":"2025-07-23T07:12:11","slug":"cest-le-loup-qui-est-entre-dans-la-bergerie-liberation","status":"publish","type":"post","link":"https:\/\/www.europesays.com\/fr\/267437\/","title":{"rendered":"\u00abC\u2019est le loup qui est entr\u00e9 dans la bergerie\u00bb \u2013 Lib\u00e9ration"},"content":{"rendered":"<p class=\"sc-ksZaOG ehjQrN text-element\">Sous le soleil de mi-juillet, la petite ville d\u2019Oudon et son ch\u00e2teau m\u00e9di\u00e9val surplombant la Loire ressembleraient presque \u00e0 un d\u00e9cor de contes. C\u2019est pourtant ici, dans cette ville de Loire-Atlantique de 4 000 habitants, que vivait Pierre-Alain Cottineau. En septembre, l\u2019homme de 32 ans a \u00e9t\u00e9 mis en examen pour \u00abviol avec actes de torture ou de barbarie\u00bb et incarc\u00e9r\u00e9 pour des faits qui, s\u2019ils sont av\u00e9r\u00e9s, donnent la naus\u00e9e : des viols r\u00e9p\u00e9t\u00e9s sur une petite fille de 4 ans, porteuse d\u2019un handicap, dont il avait la garde en tant qu\u2019<a href=\"https:\/\/www.liberation.fr\/france\/2019\/11\/05\/familles-d-accueil-la-releve-de-la-garde-traine_1761732\/\" target=\"_blank\" rel=\"noopener\" title=\"https:\/\/www.liberation.fr\/france\/2019\/11\/05\/familles-d-accueil-la-releve-de-la-garde-traine_1761732\/\">assistant familial<\/a>.<\/p>\n<p class=\"sc-ksZaOG ehjQrN text-element\">Si le parquet de Nantes refuse de communiquer, l\u2019instruction \u00e9tant toujours en cours, plusieurs articles du Parisien \u00e9voquent au moins trois enfants victimes et cinq auteurs. Selon le quotidien, l\u2019assistant aurait invit\u00e9, via Telegram, d\u2019autres hommes \u00e0 son domicile pour venir violer des enfants qu\u2019il h\u00e9bergeait.<\/p>\n<p class=\"sc-ksZaOG ehjQrN text-element\">Ce jeudi 17 juillet au matin, \u00e0 Oudon, baign\u00e9 dans la torpeur estivale, personne ne veut trop parler de Pierre-Alain Cottineau. Des profils fuyants dans la rue, leurs ombres \u00e9cras\u00e9es par le soleil de l\u2019\u00e9t\u00e9. \u00abOn ne le connaissait pas\u00bb, l\u00e2che une voisine, \u00e0 deux pas du cours d\u2019eau bucolique du H\u00e2vre. Elle acc\u00e9l\u00e8re le pas. Une autre, sur le pas de sa porte, disc<\/p>\n","protected":false},"excerpt":{"rendered":"Sous le soleil de mi-juillet, la petite ville d\u2019Oudon et son ch\u00e2teau m\u00e9di\u00e9val surplombant la Loire ressembleraient presque&hellip;\n","protected":false},"author":2,"featured_media":267438,"comment_status":"","ping_status":"","sticky":false,"template":"","format":"standard","meta":{"footnotes":""},"categories":[2818],"tags":[1111,11,1777,674,1011,27,766,12,2636,874,25,799],"class_list":{"0":"post-267437","1":"post","2":"type-post","3":"status-publish","4":"format-standard","5":"has-post-thumbnail","7":"category-nantes","8":"tag-actu","9":"tag-actualites","10":"tag-eu","11":"tag-europe","12":"tag-fr","13":"tag-france","14":"tag-nantes","15":"tag-news","16":"tag-pays-de-la-loire","17":"tag-pedophilie","18":"tag-republique-francaise","19":"tag-violences-sexuelles"},"share_on_mastodon":{"url":"https:\/\/pubeurope.com\/@fr\/114901309417685434","error":""},"_links":{"self":[{"href":"https:\/\/www.europesays.com\/fr\/wp-json\/wp\/v2\/posts\/267437","targetHints":{"allow":["GET"]}}],"collection":[{"href":"https:\/\/www.europesays.com\/fr\/wp-json\/wp\/v2\/posts"}],"about":[{"href":"https:\/\/www.europesays.com\/fr\/wp-json\/wp\/v2\/types\/post"}],"author":[{"embeddable":true,"href":"https:\/\/www.europesays.com\/fr\/wp-json\/wp\/v2\/users\/2"}],"replies":[{"embeddable":true,"href":"https:\/\/www.europesays.com\/fr\/wp-json\/wp\/v2\/comments?post=267437"}],"version-history":[{"count":0,"href":"https:\/\/www.europesays.com\/fr\/wp-json\/wp\/v2\/posts\/267437\/revisions"}],"wp:featuredmedia":[{"embeddable":true,"href":"https:\/\/www.europesays.com\/fr\/wp-json\/wp\/v2\/media\/267438"}],"wp:attachment":[{"href":"https:\/\/www.europesays.com\/fr\/wp-json\/wp\/v2\/media?parent=267437"}],"wp:term":[{"taxonomy":"category","embeddable":true,"href":"https:\/\/www.europesays.com\/fr\/wp-json\/wp\/v2\/categories?post=267437"},{"taxonomy":"post_tag","embeddable":true,"href":"https:\/\/www.europesays.com\/fr\/wp-json\/wp\/v2\/tags?post=267437"}],"curies":[{"name":"wp","href":"https:\/\/api.w.org\/{rel}","templated":true}]}}