{"id":267443,"date":"2025-07-23T07:16:09","date_gmt":"2025-07-23T07:16:09","guid":{"rendered":"https:\/\/www.europesays.com\/fr\/267443\/"},"modified":"2025-07-23T07:16:09","modified_gmt":"2025-07-23T07:16:09","slug":"video-les-agriculteurs-deversent-leur-colere-et-leur-fumier-devant-le-siege-des-ecologistes-a-toulouse","status":"publish","type":"post","link":"https:\/\/www.europesays.com\/fr\/267443\/","title":{"rendered":"VIDEO. Les agriculteurs d\u00e9versent leur col\u00e8re (et leur fumier) devant le si\u00e8ge des \u00e9cologistes \u00e0 Toulouse"},"content":{"rendered":"<p>            Par<br \/>\n        <strong><br \/>\n            <a href=\"https:\/\/actu.fr\/auteur\/lea-afonso\" title=\"Consulter tous les articles de L\u00e9a Afonso\" rel=\"nofollow noopener\" target=\"_blank\">L\u00e9a Afonso<\/a><br \/>\n        <\/strong><\/p>\n<p>        Publi\u00e9 le<\/p>\n<p>            23 juil. 2025 \u00e0 8h54        <\/p>\n<p>Ce mardi 22 juillet 2025 au soir, plus de <strong>cent agriculteurs<\/strong> se sont rassembl\u00e9s devant les <strong>locaux d\u2019Europe \u00c9cologie Les Verts<\/strong> (EELV) \u00e0 <a href=\"https:\/\/actu.fr\/toulouse\/\" rel=\"nofollow noopener\" target=\"_blank\">Toulouse<\/a>, pour exprimer leur m\u00e9contentement quant \u00e0 une phrase prononc\u00e9e par Sandrine Rousseau, d\u00e9put\u00e9e \u00e9cologiste \u00e0 l\u2019Assembl\u00e9e nationale. Explications.<\/p>\n<p>Des paroles qui d\u00e9clenchent la col\u00e8re<\/p>\n<p class=\" wall-content\"><strong>\u00ab\u2009Je n\u2019en ai rien \u00e0 p\u00e9ter de leur rentabilit\u00e9\u2009\u00bb<\/strong>, c\u2019est cette phrase d\u00e9clar\u00e9e par la d\u00e9put\u00e9e Sandrine Rousseau sur le plateau de <a href=\"https:\/\/www.youtube.com\/watch?v=X6F6dNcJfSw\" rel=\"nofollow noopener\" target=\"_blank\">Le Media, <\/a>qui\u00a0a d\u00e9clench\u00e9 la col\u00e8re des agriculteurs. Peu apr\u00e8s l\u2019adoption de la loi Duplomb, cette derni\u00e8re a \u00e9t\u00e9 interrog\u00e9e sur <strong>l\u2019enjeu<\/strong> de la <strong>r\u00e9mun\u00e9ration des agriculteurs<\/strong> et a prononc\u00e9 ces paroles \u00ab\u2009totalement d\u00e9connect\u00e9es de la r\u00e9alit\u00e9, avec une attitude tellement r\u00e9elle que <strong>c\u2019est inacceptable<\/strong>\u2009\u00bb soutient Eloi Nespolous pr\u00e9sident de la coordination rurale Occitanie.<\/p>\n<p class=\" wall-content\">De tels propos qui ont pouss\u00e9 les agriculteurs de \u00ab\u2009quasiment<strong> tous les d\u00e9partements de la r\u00e9gion<\/strong>\u2009\u00bb selon ce dernier, \u00e0 se rassembler devant les locaux d\u2019EELV \u00e0 Toulouse.<\/p>\n<p>Qu&rsquo;est ce que la loi Duplomb ? <\/p>\n<p>Adopt\u00e9e par le Parlement le 8 juillet dernier, la loi dite \u00ab\u00a0Duplomb\u00a0\u00bb, vise \u00e0 assouplir certaines contraintes pour les agriculteurs. Elle pr\u00e9voit notamment de simplifier la mise en place de projets d\u2019\u00e9levage intensif, de r\u00e9serves d\u2019eau de type \u00ab m\u00e9gabassines \u00bb, ainsi que la r\u00e9introduction, de mani\u00e8re d\u00e9rogatoire et sous certaines conditions, de l\u2019ac\u00e9tamipride, un pesticide appartenant \u00e0 la famille des n\u00e9onicotino\u00efdes.<\/p>\n<p>Un rassemblement nocturne<\/p>\n<p class=\" wall-content\">Ils \u00e9taient donc une <strong>centaine<\/strong> ce mardi 22\u00a0juillet au soir \u00e0 se rassembler \u00e0 m\u00eame les portes du si\u00e8ge d\u2019EELV <strong>d\u00e8s 22h.<\/strong> D\u2019abord pour discuter, par la suite, pour d\u00e9poser \u00ab\u2009du fumier, des b\u00e2ches, des d\u00e9chets\u2026 C\u2019est une op\u00e9ration r\u00e9ussie, <strong>nous en sommes satisfaits<\/strong>\u2009\u00bb, confirme le pr\u00e9sident de la Coordination Rurale Occitanie.<\/p>\n<p>\u00ab\u2009Elle n\u2019a qu\u2019\u00e0 venir dans nos exploitations durant une semaine\u2009\u00bb<\/p>\n<p class=\" wall-content\">\u00ab\u2009On constate que <strong>l\u2019agribashing<\/strong>, le fait de contester notre agriculture, <strong>recommence en France<\/strong>, avec des propos tels que ceux tenus par la d\u00e9put\u00e9e. Si certains ne veulent plus que nous soyons l\u00e0 (en tant qu\u2019agriculteurs, NDLR), alors il faudra voir comment nourrir les fran\u00e7ais. Elle n\u2019a qu\u2019\u00e0 venir dans nos exploitations durant une semaine et voir la vraie vie. Nous sommes \u00e9duqu\u00e9s dans le travail et les valeurs rurales\u2009\u00bb, termine Eloi Nespolous.<\/p>\n<p>R\u00e9action des politiques\u00a0<\/p>\n<p class=\" wall-content\">Suite aux \u00e9v\u00e9nements, les membres toulousains d\u2019EELV ont r\u00e9agi et veulent ouvrir le dialogue avec les agriculteurs.\u00a0<\/p>\n<p class=\" wall-content\">\n<p class=\" wall-content\">\n<p class=\" wall-content\">Suivez toute l\u2019actualit\u00e9 de vos villes et m\u00e9dias favoris en vous inscrivant \u00e0 <a href=\"https:\/\/moncompte.actu.fr\" title=\"D\u00e9couvez Mon Actu\" rel=\"nofollow noopener\" data-trk=\"{&quot;cta&quot;:{&quot;action&quot;:&quot;https:\\\/\\\/moncompte.actu.fr&quot;,&quot;category&quot;:&quot;mon compte&quot;,&quot;from&quot;:&quot;article footer&quot;,&quot;name&quot;:&quot;Mon actu&quot;,&quot;type&quot;:&quot;cta&quot;}}\" target=\"_blank\">Mon Actu<\/a>.<\/p>\n","protected":false},"excerpt":{"rendered":"Par L\u00e9a Afonso Publi\u00e9 le 23 juil. 2025 \u00e0 8h54 Ce mardi 22 juillet 2025 au soir, plus&hellip;\n","protected":false},"author":2,"featured_media":267444,"comment_status":"","ping_status":"","sticky":false,"template":"","format":"standard","meta":{"footnotes":""},"categories":[2816],"tags":[1111,11,327,1777,674,1011,27,12,2680,25,104,2312],"class_list":{"0":"post-267443","1":"post","2":"type-post","3":"status-publish","4":"format-standard","5":"has-post-thumbnail","7":"category-toulouse","8":"tag-actu","9":"tag-actualites","10":"tag-agriculture","11":"tag-eu","12":"tag-europe","13":"tag-fr","14":"tag-france","15":"tag-news","16":"tag-occitanie","17":"tag-republique-francaise","18":"tag-societe","19":"tag-toulouse"},"share_on_mastodon":{"url":"https:\/\/pubeurope.com\/@fr\/114901325111759627","error":""},"_links":{"self":[{"href":"https:\/\/www.europesays.com\/fr\/wp-json\/wp\/v2\/posts\/267443","targetHints":{"allow":["GET"]}}],"collection":[{"href":"https:\/\/www.europesays.com\/fr\/wp-json\/wp\/v2\/posts"}],"about":[{"href":"https:\/\/www.europesays.com\/fr\/wp-json\/wp\/v2\/types\/post"}],"author":[{"embeddable":true,"href":"https:\/\/www.europesays.com\/fr\/wp-json\/wp\/v2\/users\/2"}],"replies":[{"embeddable":true,"href":"https:\/\/www.europesays.com\/fr\/wp-json\/wp\/v2\/comments?post=267443"}],"version-history":[{"count":0,"href":"https:\/\/www.europesays.com\/fr\/wp-json\/wp\/v2\/posts\/267443\/revisions"}],"wp:featuredmedia":[{"embeddable":true,"href":"https:\/\/www.europesays.com\/fr\/wp-json\/wp\/v2\/media\/267444"}],"wp:attachment":[{"href":"https:\/\/www.europesays.com\/fr\/wp-json\/wp\/v2\/media?parent=267443"}],"wp:term":[{"taxonomy":"category","embeddable":true,"href":"https:\/\/www.europesays.com\/fr\/wp-json\/wp\/v2\/categories?post=267443"},{"taxonomy":"post_tag","embeddable":true,"href":"https:\/\/www.europesays.com\/fr\/wp-json\/wp\/v2\/tags?post=267443"}],"curies":[{"name":"wp","href":"https:\/\/api.w.org\/{rel}","templated":true}]}}