{"id":267447,"date":"2025-07-23T07:18:24","date_gmt":"2025-07-23T07:18:24","guid":{"rendered":"https:\/\/www.europesays.com\/fr\/267447\/"},"modified":"2025-07-23T07:18:24","modified_gmt":"2025-07-23T07:18:24","slug":"lavenir-incertain-de-mohamed-lamine-bayo","status":"publish","type":"post","link":"https:\/\/www.europesays.com\/fr\/267447\/","title":{"rendered":"L&rsquo;avenir incertain de Mohamed Lamine Bayo"},"content":{"rendered":"<p>                <img width=\"710\" height=\"474\" src=\"https:\/\/www.europesays.com\/fr\/wp-content\/uploads\/2025\/07\/20250722_140255-710x474.jpg\" class=\"attachment-large size-large wp-post-image\" alt=\"\" decoding=\"async\" fetchpriority=\"high\"  \/>            <\/p>\n<p>C\u2019est probablement la fin de l\u2019aventure de l\u2019international guin\u00e9en Mohamed Lamine Bayo avec son club Lille en France.<\/p>\n<p>L\u2019attaquant guin\u00e9en est de plus en plus mis \u00e0 l\u2019\u00e9cart par le club lillois, une situation qui s\u2019est concr\u00e9tis\u00e9e avec l\u2019attribution de son dossard num\u00e9ro 27 \u00e0 la nouvelle recrue, F\u00e9lix Correa. Ce geste pas anodin indique clairement que Bayo ne fait plus partie des plans imm\u00e9diats de l\u2019\u00e9quipe et qu\u2019un d\u00e9part est fortement envisag\u00e9 pour le mercato estival.<\/p>\n<p>Cette d\u00e9cision marque un tournant pour le joueur, qui va devoir trouver un nouveau point de chute pour relancer sa carri\u00e8re. Le LOSC, de son c\u00f4t\u00e9, r\u00e9organise son effectif en vue de la prochaine saison.<\/p>\n","protected":false},"excerpt":{"rendered":"C\u2019est probablement la fin de l\u2019aventure de l\u2019international guin\u00e9en Mohamed Lamine Bayo avec son club Lille en France.&hellip;\n","protected":false},"author":2,"featured_media":267448,"comment_status":"","ping_status":"","sticky":false,"template":"","format":"standard","meta":{"footnotes":""},"categories":[2815],"tags":[1111,11,1777,674,63,1011,27,15627,811,1307,40685,12,25],"class_list":{"0":"post-267447","1":"post","2":"type-post","3":"status-publish","4":"format-standard","5":"has-post-thumbnail","7":"category-lille","8":"tag-actu","9":"tag-actualites","10":"tag-eu","11":"tag-europe","12":"tag-football","13":"tag-fr","14":"tag-france","15":"tag-guinee","16":"tag-hauts-de-france","17":"tag-lille","18":"tag-mohamed-lamine-bayo","19":"tag-news","20":"tag-republique-francaise"},"share_on_mastodon":{"url":"https:\/\/pubeurope.com\/@fr\/114901333092482934","error":""},"_links":{"self":[{"href":"https:\/\/www.europesays.com\/fr\/wp-json\/wp\/v2\/posts\/267447","targetHints":{"allow":["GET"]}}],"collection":[{"href":"https:\/\/www.europesays.com\/fr\/wp-json\/wp\/v2\/posts"}],"about":[{"href":"https:\/\/www.europesays.com\/fr\/wp-json\/wp\/v2\/types\/post"}],"author":[{"embeddable":true,"href":"https:\/\/www.europesays.com\/fr\/wp-json\/wp\/v2\/users\/2"}],"replies":[{"embeddable":true,"href":"https:\/\/www.europesays.com\/fr\/wp-json\/wp\/v2\/comments?post=267447"}],"version-history":[{"count":0,"href":"https:\/\/www.europesays.com\/fr\/wp-json\/wp\/v2\/posts\/267447\/revisions"}],"wp:featuredmedia":[{"embeddable":true,"href":"https:\/\/www.europesays.com\/fr\/wp-json\/wp\/v2\/media\/267448"}],"wp:attachment":[{"href":"https:\/\/www.europesays.com\/fr\/wp-json\/wp\/v2\/media?parent=267447"}],"wp:term":[{"taxonomy":"category","embeddable":true,"href":"https:\/\/www.europesays.com\/fr\/wp-json\/wp\/v2\/categories?post=267447"},{"taxonomy":"post_tag","embeddable":true,"href":"https:\/\/www.europesays.com\/fr\/wp-json\/wp\/v2\/tags?post=267447"}],"curies":[{"name":"wp","href":"https:\/\/api.w.org\/{rel}","templated":true}]}}