{"id":267458,"date":"2025-07-23T07:25:08","date_gmt":"2025-07-23T07:25:08","guid":{"rendered":"https:\/\/www.europesays.com\/fr\/267458\/"},"modified":"2025-07-23T07:25:08","modified_gmt":"2025-07-23T07:25:08","slug":"le-groupe-pharmaceutique-novalix-supprime-78-emplois-en-seine-saint-denis","status":"publish","type":"post","link":"https:\/\/www.europesays.com\/fr\/267458\/","title":{"rendered":"le groupe pharmaceutique Novalix supprime 78 emplois en Seine-Saint-Denis"},"content":{"rendered":"<p>            Par<br \/>\n        <strong><br \/>\n            <a href=\"https:\/\/actu.fr\/auteur\/dorinegoth\" title=\"Consulter tous les articles de Dorine Goth\" rel=\"nofollow noopener\" target=\"_blank\">Dorine Goth<\/a><br \/>\n        <\/strong><\/p>\n<p>        Publi\u00e9 le<\/p>\n<p>            23 juil. 2025 \u00e0 7h12        <\/p>\n<p>C\u2019est un coup de massue pour les salari\u00e9s. Mi-juillet\u00a02025, les salari\u00e9s du <strong><a href=\"https:\/\/actu.fr\/normandie\/val-de-reuil_27701\/le-groupe-pharmaceutique-kenvue-va-investir-107-millions-deuros-a-val-de-reuil_61073106.html\" rel=\"nofollow noopener\" target=\"_blank\">groupe pharmaceutique<\/a> Novalix<\/strong> \u00e0 Romainville (Seine-Saint-Denis) ont appris brutalement l\u2019intention de la direction de licencier<strong> 78\u00a0personnes sur un effectif de 115 employ\u00e9s<\/strong>. Implant\u00e9 au sein du site Biocitech d\u00e9di\u00e9 aux <a href=\"https:\/\/actu.fr\/occitanie\/toulouse_31555\/toulouse-cette-entreprise-veut-devenir-le-leader-europeen-des-biotechnologies-industrielles_47236207.html\" rel=\"nofollow noopener\" target=\"_blank\">biotechnologies<\/a> et aux <a href=\"https:\/\/actu.fr\/economie\/sanofi-le-geant-pharmaceutique-prepare-un-plan-d-economies-les-syndicats-s-indignent_60267070.html\" rel=\"nofollow noopener\" target=\"_blank\">biopharmacies<\/a>, Novalix est l\u2019entreprise la plus importante. \u00ab\u2009Sa p\u00e9rennit\u00e9 est \u00e0 pr\u00e9sent gravement mise en cause\u2009\u00bb, pr\u00e9vient la CGT 93.<\/p>\n<p>Un contrat jusqu\u2019en 2028<\/p>\n<p class=\" wall-content\">En cause\u2009: la perte de son principal client, le groupe belge Galapagos. Ce dernier avait justement cr\u00e9\u00e9 en 2023 Novalix pour <strong>sous-traiter ses activit\u00e9s de recherche<\/strong> et d\u00e9veloppement. Le contrat courait jusqu\u2019en 2028.<\/p>\n<p class=\" wall-content\">\u00ab\u2009Il trahit \u00e0 pr\u00e9sent ses engagements pour mieux se d\u00e9barrasser de ses responsabilit\u00e9s d\u2019employeur. Un coup de billard capitaliste qui reviendrait \u00e0 se laver les mains de ses obligations concernant la sauvegarde de l\u2019emploi\u2009!\u2009\u00bb, d\u00e9nonce le syndicat qui parle de \u00ab\u2009fausses promesses\u2009\u00bb et \u00ab\u2009tambouilles financi\u00e8res\u2009\u00bb.\u00a0Il craint une fermeture \u00e0 court terme de Biocitech. Pour Novalix, il s\u2019agit \u00ab\u2009d\u2019\u00e9volutions actionnariales ayant conduit \u00e0 un changement radical de strat\u00e9gie de la multinationale\u2009\u00bb, selon un communiqu\u00e9 de la direction.<\/p>\n<p>Une demande de reclassement<\/p>\n<p class=\" wall-content\">Les salari\u00e9s r\u00e9clament <strong>un reclassement de l\u2019ensemble des personnes<\/strong> concern\u00e9es par le licenciement et l\u2019arr\u00eat du d\u00e9m\u00e9nagement de l\u2019outil de travail. \u00ab\u2009Ils et elles exigent le remboursement des cr\u00e9dits imp\u00f4t recherche et l\u2019intervention de l\u2019\u00c9tat pour contraindre Galapagos \u00e0 respecter ses engagements\u2009\u00bb, ajoute le syndicat.<\/p>\n<p class=\" wall-content\">Il d\u00e9plore \u00ab\u2009les logiques financi\u00e8res dans la pharmaceutique\u2009\u00bb. \u00ab\u2009Elles reviennent \u00e0 investir de moins en moins dans les \u00e9tudes, les tests, \u00e0 raccourcir les proc\u00e9dures pour des mises sur le march\u00e9 plus rapide afin de maximiser les profits\u2009\u00bb, d\u00e9plore-t-il. Les salari\u00e9s ont obtenu le soutien des \u00e9lus locaux.<\/p>\n<p class=\" wall-content\">Suivez toute l\u2019actualit\u00e9 de vos villes et m\u00e9dias favoris en vous inscrivant \u00e0 <a href=\"https:\/\/moncompte.actu.fr\" title=\"D\u00e9couvez Mon Actu\" rel=\"nofollow noopener\" data-trk=\"{&quot;cta&quot;:{&quot;action&quot;:&quot;https:\\\/\\\/moncompte.actu.fr&quot;,&quot;category&quot;:&quot;mon compte&quot;,&quot;from&quot;:&quot;article footer&quot;,&quot;name&quot;:&quot;Mon actu&quot;,&quot;type&quot;:&quot;cta&quot;}}\" target=\"_blank\">Mon Actu<\/a>.<\/p>\n","protected":false},"excerpt":{"rendered":"Par Dorine Goth Publi\u00e9 le 23 juil. 2025 \u00e0 7h12 C\u2019est un coup de massue pour les salari\u00e9s.&hellip;\n","protected":false},"author":2,"featured_media":267459,"comment_status":"","ping_status":"","sticky":false,"template":"","format":"standard","meta":{"footnotes":""},"categories":[1888],"tags":[1111,1928,11,1927,33,341,1777,674,1011,27,693,12,1926,626,1925,25],"class_list":{"0":"post-267458","1":"post","2":"type-post","3":"status-publish","4":"format-standard","5":"has-post-thumbnail","7":"category-paris","8":"tag-actu","9":"tag-actu-paris","10":"tag-actualites","11":"tag-actualites-paris","12":"tag-economie","13":"tag-emploi","14":"tag-eu","15":"tag-europe","16":"tag-fr","17":"tag-france","18":"tag-industrie","19":"tag-news","20":"tag-news-paris","21":"tag-paris","22":"tag-paris-news","23":"tag-republique-francaise"},"share_on_mastodon":{"url":"https:\/\/pubeurope.com\/@fr\/114901360530687643","error":""},"_links":{"self":[{"href":"https:\/\/www.europesays.com\/fr\/wp-json\/wp\/v2\/posts\/267458","targetHints":{"allow":["GET"]}}],"collection":[{"href":"https:\/\/www.europesays.com\/fr\/wp-json\/wp\/v2\/posts"}],"about":[{"href":"https:\/\/www.europesays.com\/fr\/wp-json\/wp\/v2\/types\/post"}],"author":[{"embeddable":true,"href":"https:\/\/www.europesays.com\/fr\/wp-json\/wp\/v2\/users\/2"}],"replies":[{"embeddable":true,"href":"https:\/\/www.europesays.com\/fr\/wp-json\/wp\/v2\/comments?post=267458"}],"version-history":[{"count":0,"href":"https:\/\/www.europesays.com\/fr\/wp-json\/wp\/v2\/posts\/267458\/revisions"}],"wp:featuredmedia":[{"embeddable":true,"href":"https:\/\/www.europesays.com\/fr\/wp-json\/wp\/v2\/media\/267459"}],"wp:attachment":[{"href":"https:\/\/www.europesays.com\/fr\/wp-json\/wp\/v2\/media?parent=267458"}],"wp:term":[{"taxonomy":"category","embeddable":true,"href":"https:\/\/www.europesays.com\/fr\/wp-json\/wp\/v2\/categories?post=267458"},{"taxonomy":"post_tag","embeddable":true,"href":"https:\/\/www.europesays.com\/fr\/wp-json\/wp\/v2\/tags?post=267458"}],"curies":[{"name":"wp","href":"https:\/\/api.w.org\/{rel}","templated":true}]}}