{"id":267462,"date":"2025-07-23T07:27:11","date_gmt":"2025-07-23T07:27:11","guid":{"rendered":"https:\/\/www.europesays.com\/fr\/267462\/"},"modified":"2025-07-23T07:27:11","modified_gmt":"2025-07-23T07:27:11","slug":"a-paris-des-panneaux-geothermiques-captent-la-chaleur-des-parkings","status":"publish","type":"post","link":"https:\/\/www.europesays.com\/fr\/267462\/","title":{"rendered":"\u00c0 Paris, des panneaux g\u00e9othermiques captent la chaleur des parkings"},"content":{"rendered":"<p>\t\t\t\t\t\t\t<img loading=\"lazy\" decoding=\"async\" width=\"377\" height=\"250\" src=\"data:image\/gif;base64,R0lGODdhAQABAPAAAP\/\/\/wAAACwAAAAAAQABAEACAkQBADs=\" data-original=\"https:\/\/www.lagazettedescommunes.com\/wp-content\/uploads\/2025\/04\/fe-7331-377x250.jpg\" alt=\"Panneaux de g\u00e9othermie ENGIE Solutions en exploitation dans un garage , 53 avenue Philippe Auguste , Paris 11 \u00e9me.\" itemprop=\"url\"  \/>\t\t\t\t\t\t\t<\/p>\n<p class=\"legendePhoto\" itemprop=\"about\">Panneaux de g\u00e9othermie ENGIE Solutions en exploitation dans un garage , 53 avenue Philippe Auguste , Paris 11 \u00e9me.<\/p>\n<p class=\"creditPhoto\" itemprop=\"copyrightHolder\">ARNAUD FEVRIER \/ ENGIE Solutions<\/p>\n<p class=\"chapo\">C\u2019est arriv\u00e9 pr\u00e8s de chez vous cette ann\u00e9e. Notre s\u00e9rie de l\u2019\u00e9t\u00e9 revient sur les initiatives, exp\u00e9rimentations ou r\u00e9alisations port\u00e9es par vos collectivit\u00e9s locales. Pr\u00e9sentation, aujourd\u2019hui, de la solution d\u2019Engie qui a install\u00e9 dans un parking souterrain \u00e0 Paris des panneaux r\u00e9cup\u00e9rant la chaleur r\u00e9siduelle du sous-sol pour alimenter en eau chaude sanitaire un immeuble.<\/p>\n<p class=\"blocAlerteTag__title\">Ma Gazette<\/p>\n<p class=\"blocAlerteTag__description\">S\u00e9lectionnez ce th\u00e8me et cr\u00e9ez votre newsletter personnalis\u00e9e<\/p>\n<p>C\u2019est une premi\u00e8re en France\u2009: le bailleur social Paris Habitat a \u00e9quip\u00e9 le parking d\u2019un immeuble dans le 11e arrondissement de la capitale de \u00ab\u202fpanneaux g\u00e9othermiques\u202f\u00bb du suisse Enerdrape. Cette technologie valorise la chaleur du sous-sol sans avoir \u00e0 forer. Elle r\u00e9cup\u00e8re les calories dans les parties souterraines des b\u00e2timents, neufs ou existants.<\/p>\n<p>Enerdrape est une \u00e9manation de l\u2019\u00c9cole polytechnique f\u00e9d\u00e9rale de\u00a0Lausanne. Elle a d\u00e9velopp\u00e9 une solution qu\u2019elle pr\u00e9sente comme \u00ab\u202fune alternative non invasive et \u00e9volutive, facilement int\u00e9grable \u00e0 un syst\u00e8me \u00e9nerg\u00e9tique hybride &#8230;<\/p>\n<p class=\"blocCut__title\">\n\t\t\t\t\t[80% reste \u00e0 lire]\n\t\t\t<\/p>\n<p class=\"blocCut__title--type2\">Article r\u00e9serv\u00e9 aux abonn\u00e9s<\/p>\n<p class=\"blocCut__title--type3\">Club Techni.Cit\u00e9s<\/p>\n<p class=\"blocCut__title--type2\">VOUS N&rsquo;\u00eaTES PAS ABONN\u00e9 ?<\/p>\n<p class=\"blocCut__title--type4\">Testez notre Offre D\u00e9couverte Club Techni.Cit\u00e9s pendant 15 jours<\/p>\n<p>\t\t\t\t\t\t\t<a href=\"https:\/\/www.abonnement.infopro-digital.com\/club-technique\/inscription\/237\/1832#xtor=CS5-347-[site_paywall]-[https:\/\/www.lagazettedescommunes.com\/994015\/a-paris-des-panneaux-geothermiques-captent-la-chaleur-des-parkings-2\/]-[page_article]-[a]\" target=\"_blank\" class=\"btn__full buttonTypeA buttonTypeA--1\" rel=\"noopener\">J\u2019en profite<\/a><\/p>\n","protected":false},"excerpt":{"rendered":"Panneaux de g\u00e9othermie ENGIE Solutions en exploitation dans un garage , 53 avenue Philippe Auguste , Paris 11&hellip;\n","protected":false},"author":2,"featured_media":267463,"comment_status":"","ping_status":"","sticky":false,"template":"","format":"standard","meta":{"footnotes":""},"categories":[1888],"tags":[9247,9245,11,9244,2830,1777,674,1011,27,662,12,626,25,40686,9246],"class_list":{"0":"post-267462","1":"post","2":"type-post","3":"status-publish","4":"format-standard","5":"has-post-thumbnail","7":"category-paris","8":"tag-actu-experts-technique","9":"tag-actu-technique","10":"tag-actualites","11":"tag-club-technicites","12":"tag-energies-renouvelables","13":"tag-eu","14":"tag-europe","15":"tag-fr","16":"tag-france","17":"tag-ile-de-france","18":"tag-news","19":"tag-paris","20":"tag-republique-francaise","21":"tag-tblosseville","22":"tag-toute-lactu-technique"},"share_on_mastodon":{"url":"https:\/\/pubeurope.com\/@fr\/114901368351459264","error":""},"_links":{"self":[{"href":"https:\/\/www.europesays.com\/fr\/wp-json\/wp\/v2\/posts\/267462","targetHints":{"allow":["GET"]}}],"collection":[{"href":"https:\/\/www.europesays.com\/fr\/wp-json\/wp\/v2\/posts"}],"about":[{"href":"https:\/\/www.europesays.com\/fr\/wp-json\/wp\/v2\/types\/post"}],"author":[{"embeddable":true,"href":"https:\/\/www.europesays.com\/fr\/wp-json\/wp\/v2\/users\/2"}],"replies":[{"embeddable":true,"href":"https:\/\/www.europesays.com\/fr\/wp-json\/wp\/v2\/comments?post=267462"}],"version-history":[{"count":0,"href":"https:\/\/www.europesays.com\/fr\/wp-json\/wp\/v2\/posts\/267462\/revisions"}],"wp:featuredmedia":[{"embeddable":true,"href":"https:\/\/www.europesays.com\/fr\/wp-json\/wp\/v2\/media\/267463"}],"wp:attachment":[{"href":"https:\/\/www.europesays.com\/fr\/wp-json\/wp\/v2\/media?parent=267462"}],"wp:term":[{"taxonomy":"category","embeddable":true,"href":"https:\/\/www.europesays.com\/fr\/wp-json\/wp\/v2\/categories?post=267462"},{"taxonomy":"post_tag","embeddable":true,"href":"https:\/\/www.europesays.com\/fr\/wp-json\/wp\/v2\/tags?post=267462"}],"curies":[{"name":"wp","href":"https:\/\/api.w.org\/{rel}","templated":true}]}}