{"id":267466,"date":"2025-07-23T07:29:13","date_gmt":"2025-07-23T07:29:13","guid":{"rendered":"https:\/\/www.europesays.com\/fr\/267466\/"},"modified":"2025-07-23T07:29:13","modified_gmt":"2025-07-23T07:29:13","slug":"guere-ukraine-russie-les-russes-de-18-ans-qui-se-battent-et-meurent-en-ukraine","status":"publish","type":"post","link":"https:\/\/www.europesays.com\/fr\/267466\/","title":{"rendered":"Guere Ukraine &#8211; Russie : les Russes de 18 ans qui se battent et meurent en Ukraine"},"content":{"rendered":"<p><img fetchpriority=\"high\" decoding=\"async\" src=\"https:\/\/www.europesays.com\/fr\/wp-content\/uploads\/2025\/07\/684f5aa0-663b-11f0-89ea-4d6f9851f623.jpg.webp.webp\"   alt=\"Photos des dipl\u00f4m\u00e9s de l'\u00e9cole\" loading=\"eager\" width=\"976\" height=\"549\" style=\"aspect-ratio:976 \/ 549\" class=\"bbc-139onq\"\/><\/p>\n<p class=\"bbc-nyj3yn\" role=\"text\">Cr\u00e9dit photo, VK\/BBC<\/p>\n<p><strong id=\"article-byline\" aria-hidden=\"true\" class=\"bbc-m04vo2\">Article Information<\/strong><\/p>\n<ul class=\"bbc-1rvtlej\">\n<li class=\"bbc-oe8da4\">\n<ul role=\"list\" class=\"bbc-r1yif8\">\n<li>Author, Anastasia Platonova, Olga Ivshina<\/li>\n<li>Role,  BBC News Russe<\/li>\n<\/ul>\n<\/li>\n<li class=\"bbc-12x2qfl\">\n<p>il y a 6 minutes<\/p>\n<\/li>\n<\/ul>\n<p dir=\"ltr\" class=\"bbc-1y32vyc e17g058b0\">Une enqu\u00eate de la BBC en Russie r\u00e9v\u00e8le qu&rsquo;au moins 245 jeunes Russes de 18 ans ont \u00e9t\u00e9 tu\u00e9s en combattant en Ukraine au cours des deux derni\u00e8res ann\u00e9es.<\/p>\n<p dir=\"ltr\" class=\"bbc-1y32vyc e17g058b0\">Nombre d&rsquo;entre eux se sont enr\u00f4l\u00e9s directement \u00e0 la sortie de l&rsquo;\u00e9cole, profitant des nouvelles r\u00e8gles leur permettant d&rsquo;\u00e9viter le service militaire et d&rsquo;entrer directement dans l&rsquo;arm\u00e9e r\u00e9guli\u00e8re en tant que soldats sous contrat.<\/p>\n<p dir=\"ltr\" class=\"bbc-1y32vyc e17g058b0\">Certains de ceux qui figurent sur notre liste ont \u00e9t\u00e9 tu\u00e9s en l&rsquo;espace de quelques semaines.<\/p>\n<p dir=\"ltr\" class=\"bbc-1y32vyc e17g058b0\">La BBC Russie s&rsquo;est entretenue avec des familles endeuill\u00e9es pour comprendre pourquoi des jeunes en fin de scolarit\u00e9, dont la vie ne fait que commencer, s&rsquo;enr\u00f4lent pour mourir dans la guerre brutale de Poutine.<\/p>\n<p dir=\"ltr\" class=\"bbc-1y32vyc e17g058b0\">Le 7 mai 2025, les \u00e9l\u00e8ves de l&rsquo;\u00e9cole num\u00e9ro 110 de Chelyabinsk ont particip\u00e9 \u00e0 une c\u00e9r\u00e9monie marquant le 80e anniversaire de la fin de la Seconde Guerre mondiale.<\/p>\n<p dir=\"ltr\" class=\"bbc-1y32vyc e17g058b0\">Les enfants ont d\u00e9fil\u00e9 dans le hall de l&rsquo;\u00e9cole en brandissant des drapeaux russes et sovi\u00e9tiques. Ils portaient \u00e9galement des photos d&rsquo;anciens \u00e9l\u00e8ves partis combattre dans la guerre en Ukraine.<\/p>\n<p dir=\"ltr\" class=\"bbc-1y32vyc e17g058b0\">L&rsquo;une des photos repr\u00e9sente Aleskandr Petlinsky, qui s&rsquo;est engag\u00e9 deux semaines apr\u00e8s son 18e anniversaire et a \u00e9t\u00e9 tu\u00e9 20 jours plus tard.<\/p>\n<p dir=\"ltr\" class=\"bbc-1y32vyc e17g058b0\">Sa m\u00e8re Elena et sa tante Ekaterina se tenaient c\u00f4te \u00e0 c\u00f4te dans la salle et regardaient la c\u00e9r\u00e9monie en pleurant.<\/p>\n<p dir=\"ltr\" class=\"bbc-1y32vyc e17g058b0\">Apr\u00e8s une minute de silence en hommage aux morts, Ekaterina est mont\u00e9e sur sc\u00e8ne pour parler de son neveu.<\/p>\n<p dir=\"ltr\" class=\"bbc-1y32vyc e17g058b0\">Sasha, comme elle l&rsquo;appelait, \u00e9tait un gar\u00e7on d\u00e9termin\u00e9 et passionn\u00e9 qui r\u00eavait d&rsquo;une carri\u00e8re de m\u00e9decin et avait obtenu une place \u00e0 la facult\u00e9 de m\u00e9decine de Chelyabinsk.<\/p>\n<p dir=\"ltr\" class=\"bbc-1y32vyc e17g058b0\">\u00ab\u00a0Mais Sasha avait un autre r\u00eave\u00a0\u00bb, ajoute Ekaterina apr\u00e8s une pause. \u00ab\u00a0Lorsque l&rsquo;op\u00e9ration militaire sp\u00e9ciale a commenc\u00e9, Sacha avait 15 ans. Il r\u00eavait d&rsquo;aller au front\u00a0\u00bb.<\/p>\n<p dir=\"ltr\" class=\"bbc-1y32vyc e17g058b0\">Elle faisait r\u00e9f\u00e9rence \u00e0 la guerre \u00e0 grande \u00e9chelle en Ukraine, lanc\u00e9e par la Russie en f\u00e9vrier 2022.<\/p>\n<p dir=\"ltr\" class=\"bbc-1y32vyc e17g058b0\">Sasha Petlinksy est l&rsquo;un des 240 jeunes de 18 ans tu\u00e9s en Ukraine au cours des deux derni\u00e8res ann\u00e9es, selon des informations de source ouverte compil\u00e9es et confirm\u00e9es par BBC Russe. <\/p>\n<p><img decoding=\"async\" src=\"https:\/\/www.europesays.com\/fr\/wp-content\/uploads\/2025\/07\/93275f20-663b-11f0-af20-030418be2ca5.png.webp.webp\"   alt=\"C\u00e9l\u00e9bration du Jour de la Victoire \u00e0 l'\u00e9cole o\u00f9 Alexander Petlinsky a \u00e9tudi\u00e9\" loading=\"lazy\" width=\"1064\" height=\"1826\" style=\"aspect-ratio:1064 \/ 1826\" class=\"bbc-139onq\"\/><\/p>\n<p class=\"bbc-nyj3yn\" role=\"text\">Cr\u00e9dit photo, Ekaterina Orekhova\/VK<\/p>\n<p>L\u00e9gende image, C\u00e9l\u00e9bration du Jour de la Victoire \u00e0 l&rsquo;\u00e9cole o\u00f9 Alexander Petlinsky a \u00e9tudi\u00e9<\/p>\n<p>Lignes rouges et modifications des r\u00e8gles<\/p>\n<p dir=\"ltr\" class=\"bbc-1y32vyc e17g058b0\">Depuis les premiers mois de la guerre en Ukraine, l&rsquo;implication de tr\u00e8s jeunes gens dans les combats fait l&rsquo;objet d&rsquo;un d\u00e9bat en Russie.<\/p>\n<p dir=\"ltr\" class=\"bbc-1y32vyc e17g058b0\">Dans un premier temps, l&rsquo;attention s&rsquo;est port\u00e9e sur les conscrits de l&rsquo;arm\u00e9e.<\/p>\n<p dir=\"ltr\" class=\"bbc-1y32vyc e17g058b0\">Vladimir Poutine s&rsquo;est engag\u00e9 \u00e0 plusieurs reprises \u00e0 ce qu&rsquo;aucun jeune homme appel\u00e9 \u00e0 effectuer son service militaire obligatoire \u00e0 l&rsquo;\u00e2ge de 18 ans ne soit envoy\u00e9 combattre en Ukraine.<\/p>\n<p dir=\"ltr\" class=\"bbc-1y32vyc e17g058b0\">Cependant, en mars 2022, quatre jours seulement apr\u00e8s que M. Poutine eut promis qu&rsquo;aucun appel\u00e9 ne participerait \u00e0 l&rsquo;\u00ab op\u00e9ration militaire sp\u00e9ciale \u00bb, le minist\u00e8re de la d\u00e9fense a admis que certains d&rsquo;entre eux avaient effectivement \u00e9t\u00e9 envoy\u00e9s dans la zone de combat.<\/p>\n<p dir=\"ltr\" class=\"bbc-1y32vyc e17g058b0\">La BBC a confirm\u00e9 les noms d&rsquo;au moins 81 conscrits tu\u00e9s en Ukraine au cours de la premi\u00e8re ann\u00e9e de la guerre totale. Les autorit\u00e9s ukrainiennes affirment en avoir captur\u00e9 des \u00ab centaines \u00bb d&rsquo;autres.<\/p>\n<p dir=\"ltr\" class=\"bbc-1y32vyc e17g058b0\">L&rsquo;arm\u00e9e n&rsquo;envoie plus de conscrits se battre en Ukraine, mais il existe d&rsquo;autres moyens d&rsquo;attirer de tr\u00e8s jeunes gens dans le conflit.<\/p>\n<p dir=\"ltr\" class=\"bbc-1y32vyc e17g058b0\">Lorsque les troupes ukrainiennes ont occup\u00e9 une partie de la r\u00e9gion russe de Koursk en ao\u00fbt 2024, les conscrits qui gardaient la fronti\u00e8re ont \u00e9t\u00e9 parmi les premiers \u00e0 essuyer des tirs.<\/p>\n<p dir=\"ltr\" class=\"bbc-1y32vyc e17g058b0\">Mais selon les donn\u00e9es recueillies par la BBC, la plupart des jeunes de 18 ans se retrouvent sur le champ de bataille en s&rsquo;engageant comme soldats sous contrat.<\/p>\n<p dir=\"ltr\" class=\"bbc-1y32vyc e17g058b0\">Au printemps 2022, les autorit\u00e9s russes ont modifi\u00e9 la loi afin d&rsquo;encourager activement les hommes en \u00e2ge de combattre \u00e0 s&rsquo;engager. Et depuis 2023, les autorit\u00e9s r\u00e9gionales offrent d&rsquo;importantes sommes d&rsquo;argent aux nouvelles recrues.<\/p>\n<p dir=\"ltr\" class=\"bbc-1y32vyc e17g058b0\">Initialement, les jeunes hommes qui voulaient profiter des nouvelles r\u00e8gles devaient avoir au moins trois mois de service dans les rangs des conscrits.<\/p>\n<p dir=\"ltr\" class=\"bbc-1y32vyc e17g058b0\">Toutefois, en avril 2023, cette restriction a \u00e9t\u00e9 discr\u00e8tement abandonn\u00e9e, malgr\u00e9 les protestations de certains d\u00e9put\u00e9s. D\u00e9sormais, tout jeune homme ayant atteint l&rsquo;\u00e2ge de 18 ans et termin\u00e9 ses \u00e9tudes peut s&rsquo;engager dans l&rsquo;arm\u00e9e.<\/p>\n<p dir=\"ltr\" class=\"bbc-1y32vyc e17g058b0\">La d\u00e9put\u00e9e Nina Ostanina, qui dirige le comit\u00e9 de la Douma sur la famille, les femmes et les enfants, a pr\u00e9venu que ces changements auraient des cons\u00e9quences d\u00e9sastreuses pour les jeunes vuln\u00e9rables qui quittent l&rsquo;\u00e9cole.<\/p>\n<p dir=\"ltr\" class=\"bbc-1y32vyc e17g058b0\">\u00ab\u00a0Les enfants qui sortent tout juste de l&rsquo;\u00e9cole et qui veulent gagner de l&rsquo;argent aujourd&rsquo;hui en signant un contrat seront tout simplement sans protection\u00a0\u00bb, a-t-elle d\u00e9clar\u00e9.<\/p>\n<p><img decoding=\"async\" src=\"https:\/\/www.europesays.com\/fr\/wp-content\/uploads\/2025\/07\/cdd99de0-663b-11f0-8dbd-f3d32ebd3327.jpg.webp.webp\"   alt=\"Annonces de services contractuels dans la r\u00e9gion de Perm\" loading=\"lazy\" width=\"1280\" height=\"1280\" style=\"aspect-ratio:1280 \/ 1280\" class=\"bbc-139onq\"\/><\/p>\n<p class=\"bbc-nyj3yn\" role=\"text\">Cr\u00e9dit photo, PERM 36\/6, TVK, CHP NIZHNEVARTOVSK<\/p>\n<p>L\u00e9gende image, Annonces de services contractuels dans la r\u00e9gion de Perm<\/p>\n<p>\u00ab Le service contractuel, un avenir prometteur \u00bb<\/p>\n<p dir=\"ltr\" class=\"bbc-1y32vyc e17g058b0\">Depuis le d\u00e9but de l&rsquo;invasion, les enseignants russes sont tenus par la loi d&rsquo;organiser des cours consacr\u00e9s \u00e0 l&rsquo;\u00ab op\u00e9ration militaire sp\u00e9ciale \u00bb.<\/p>\n<p dir=\"ltr\" class=\"bbc-1y32vyc e17g058b0\">Au fur et \u00e0 mesure que la guerre avance, il est devenu normal pour les soldats revenant du front de visiter les \u00e9coles et de parler de leurs exp\u00e9riences.<\/p>\n<p dir=\"ltr\" class=\"bbc-1y32vyc e17g058b0\">Les enfants apprennent \u00e0 fabriquer des filets de camouflage et des bougies de tranch\u00e9es, et m\u00eame les \u00e9l\u00e8ves des \u00e9coles maternelles sont encourag\u00e9s \u00e0 envoyer des lettres et des dessins aux soldats sur le front.<\/p>\n<p dir=\"ltr\" class=\"bbc-1y32vyc e17g058b0\">Depuis que les jeunes de 18 ans sont autoris\u00e9s \u00e0 signer des contrats pour s&rsquo;engager dans l&rsquo;arm\u00e9e, de nombreux m\u00e9dias russes ind\u00e9pendants ont rapport\u00e9 que les \u00e9coles redoublaient d&rsquo;efforts pour promouvoir le service militaire.<\/p>\n<p dir=\"ltr\" class=\"bbc-1y32vyc e17g058b0\">\u00c0 Perm, les \u00e9coliers ont re\u00e7u des prospectus sur lesquels figurait la photo d&rsquo;un homme d&rsquo;\u00e2ge moyen en uniforme militaire serrant dans ses bras sa femme et son jeune fils, ainsi que le slogan suivant : \u00ab\u00a0Le service contractuel &#8211; un avenir digne\u00a0\u00bb.<\/p>\n<p dir=\"ltr\" class=\"bbc-1y32vyc e17g058b0\">Dans la r\u00e9gion autonome de Khanty-Mansisk, des affiches ont \u00e9t\u00e9 placard\u00e9es sur les panneaux d&rsquo;affichage des \u00e9coles, invitant tout le monde \u00e0 \u00ab\u00a0se serrer les coudes pour la patrie\u00a0\u00bb.<\/p>\n<p dir=\"ltr\" class=\"bbc-1y32vyc e17g058b0\">\u00c0 Krasno\u00efarsk, une affiche portant le slogan \u00ab\u00a0Appelez maintenant\u00a0\u00bb a \u00e9t\u00e9 placard\u00e9e sur un tableau de classe.<\/p>\n<p dir=\"ltr\" class=\"bbc-1y32vyc e17g058b0\">Au d\u00e9but de la nouvelle ann\u00e9e scolaire, le 1er septembre 2024, une nouvelle mati\u00e8re a \u00e9t\u00e9 introduite dans le programme.<\/p>\n<p dir=\"ltr\" class=\"bbc-1y32vyc e17g058b0\">Dans un retour \u00e0 l&rsquo;\u00e8re sovi\u00e9tique, des \u00e9l\u00e8ves de terminale apprennent \u00e0 nouveau \u00e0 utiliser des fusils Kalachnikov et des grenades \u00e0 main dans le cadre d&rsquo;un cours intitul\u00e9 \u00ab\u00a0Les bases de la s\u00e9curit\u00e9 et de la d\u00e9fense du territoire\u00a0\u00bb.<\/p>\n<p dir=\"ltr\" class=\"bbc-1y32vyc e17g058b0\">Dans de nombreuses r\u00e9gions, des recruteurs militaires assistent d\u00e9sormais aux cours d&rsquo;orientation dans les \u00e9coles et les coll\u00e8ges techniques, expliquant aux jeunes comment s&rsquo;engager comme soldats sous contrat apr\u00e8s l&rsquo;obtention de leur dipl\u00f4me.<\/p>\n<p dir=\"ltr\" class=\"bbc-1y32vyc e17g058b0\">En avril 2024, Konstantin Dizendorf, chef du district de Taseyevsky dans la r\u00e9gion de Krasno\u00efarsk, s&rsquo;est rendu dans un coll\u00e8ge technique local pour parler aux enfants de leur avenir. Il a fait l&rsquo;\u00e9loge d&rsquo;un \u00e9l\u00e8ve en particulier.<\/p>\n<p dir=\"ltr\" class=\"bbc-1y32vyc e17g058b0\">Aleksandr Vinshu, 18 ans, avait d\u00e9j\u00e0 annonc\u00e9 qu&rsquo;il voulait s&rsquo;engager dans l&rsquo;arm\u00e9e. Vinshu a \u00e9t\u00e9 consid\u00e9r\u00e9 comme un h\u00e9ros local et a \u00e9t\u00e9 autoris\u00e9 \u00e0 passer ses examens de fin d&rsquo;ann\u00e9e plus t\u00f4t que pr\u00e9vu afin de s&rsquo;engager le plus rapidement possible.<\/p>\n<p dir=\"ltr\" class=\"bbc-1y32vyc e17g058b0\">Sept mois plus tard, en novembre 2024, on apprend que Vinshu a \u00e9t\u00e9 tu\u00e9.<\/p>\n<p><img decoding=\"async\" src=\"https:\/\/www.europesays.com\/fr\/wp-content\/uploads\/2025\/07\/897447b0-663e-11f0-8dbd-f3d32ebd3327.jpg.webp.webp\"   alt=\"Aleksandr Vinshu\" loading=\"lazy\" width=\"186\" height=\"272\" style=\"aspect-ratio:186 \/ 272\" class=\"bbc-139onq\"\/><\/p>\n<p class=\"bbc-nyj3yn\" role=\"text\">Cr\u00e9dit photo, VK<\/p>\n<p>L\u00e9gende image, Aleksandr Vinshu<\/p>\n<p>Recensement des jeunes morts de la guerre en Russie<\/p>\n<p dir=\"ltr\" class=\"bbc-1y32vyc e17g058b0\">Nous avons identifi\u00e9 et confirm\u00e9 les noms de 245 soldats contractuels de 18 ans tu\u00e9s en Ukraine entre avril 2023 et mai 2025.<\/p>\n<p dir=\"ltr\" class=\"bbc-1y32vyc e17g058b0\">Tous ont \u00e9t\u00e9 enr\u00f4l\u00e9s en tant que militaires sous contrat et, \u00e0 en juger par les notices n\u00e9crologiques publi\u00e9es, la plupart d&rsquo;entre eux ont rejoint les forces arm\u00e9es de leur plein gr\u00e9. Cependant, 21 d&rsquo;entre eux avaient quitt\u00e9 l&rsquo;\u00e9cole tr\u00e8s r\u00e9cemment et avaient sign\u00e9 des contrats alors qu&rsquo;ils effectuaient leur service militaire.<\/p>\n<p dir=\"ltr\" class=\"bbc-1y32vyc e17g058b0\">Les familles de certains de ces jeunes hommes affirment qu&rsquo;ils ont \u00e9t\u00e9 pouss\u00e9s \u00e0 s&rsquo;engager par des officiers sup\u00e9rieurs.<\/p>\n<p dir=\"ltr\" class=\"bbc-1y32vyc e17g058b0\">Nos donn\u00e9es montrent que les r\u00e9gions o\u00f9 le nombre de d\u00e9c\u00e8s de jeunes de 18 ans est le plus \u00e9lev\u00e9 se trouvent toutes en Sib\u00e9rie ou dans l&rsquo;Extr\u00eame-Orient russe. Nous avons confirm\u00e9 11 d\u00e9c\u00e8s dans la r\u00e9gion de Novossibirsk, 11 autres dans la r\u00e9gion de Zabaykalsky, et 10 autres dans les r\u00e9gions de l&rsquo;Alta\u00ef et de Primorsky respectivement.<\/p>\n<p dir=\"ltr\" class=\"bbc-1y32vyc e17g058b0\">Les chiffres de la BBC sont bas\u00e9s sur des informations de source ouverte et, comme tous les d\u00e9c\u00e8s ne sont pas rapport\u00e9s publiquement, les pertes r\u00e9elles parmi les soldats sous contrat \u00e2g\u00e9s de 18 ans sont probablement plus \u00e9lev\u00e9es.<\/p>\n<p dir=\"ltr\" class=\"bbc-1y32vyc e17g058b0\">Toutefois, il est important de noter que ces pertes sont encore tr\u00e8s inf\u00e9rieures \u00e0 celles des hommes plus \u00e2g\u00e9s qui signent des contrats pour s&rsquo;enr\u00f4ler dans l&rsquo;arm\u00e9e.<\/p>\n<p dir=\"ltr\" class=\"bbc-1y32vyc e17g058b0\">\u00c0 partir des donn\u00e9es ouvertes recueillies par la BBC depuis le d\u00e9but de l&rsquo;invasion \u00e0 grande \u00e9chelle, nous avons identifi\u00e9 les noms de 2 812 personnes \u00e2g\u00e9es de 18 \u00e0 20 ans qui ont \u00e9t\u00e9 tu\u00e9es en Ukraine. En comparaison, 8 267 hommes \u00e2g\u00e9s de 45 \u00e0 47 ans ont \u00e9t\u00e9 tu\u00e9s.<\/p>\n<p dir=\"ltr\" class=\"bbc-1y32vyc e17g058b0\">Si les soldats plus \u00e2g\u00e9s peuvent \u00eatre confront\u00e9s \u00e0 des taux de mortalit\u00e9 plus \u00e9lev\u00e9s parce qu&rsquo;ils sont en moins bonne forme physique, ce d\u00e9s\u00e9quilibre flagrant refl\u00e8te probablement aussi le fait que les hommes plus jeunes sont moins enclins \u00e0 s&rsquo;enr\u00f4ler, m\u00eame lorsque des incitations financi\u00e8res substantielles leur sont propos\u00e9es.<\/p>\n<p dir=\"ltr\" class=\"bbc-1y32vyc e17g058b0\">Cela correspond \u00e0 un sondage d&rsquo;opinion r\u00e9alis\u00e9 par le centre ind\u00e9pendant Levada en mai 2025, qui a montr\u00e9 que 35 % des jeunes de 18 \u00e0 24 ans soutenaient la guerre en Ukraine, contre 42 % des 40-54 ans et 54 % des plus de 55 ans.<\/p>\n<p>Des yeux brillants<\/p>\n<p dir=\"ltr\" class=\"bbc-1y32vyc e17g058b0\">Selon ses amis, Aleksandr Petlinsky \u00e9tait un jeune homme doux qui aimait aider les autres. Il aimait dessiner et \u00e9tait toujours pr\u00eat \u00e0 faire des croquis de ses personnages de dessins anim\u00e9s pr\u00e9f\u00e9r\u00e9s pour ses amis. Il \u00e9tait \u00e9galement un membre actif d&rsquo;une organisation de jeunesse locale, collectant des livres pour les biblioth\u00e8ques locales, visitant les mus\u00e9es locaux et organisant une rencontre avec une infirmi\u00e8re qui avait travaill\u00e9 sur la ligne de front en Ukraine.<\/p>\n<p dir=\"ltr\" class=\"bbc-1y32vyc e17g058b0\">Tous nos interlocuteurs nous ont dit qu&rsquo;Aleksandr r\u00eavait de devenir m\u00e9decin, mais personne ne semblait savoir pourquoi il r\u00eavait aussi de s&rsquo;engager dans l&rsquo;arm\u00e9e et d&rsquo;aller combattre en Ukraine.<\/p>\n<p><img decoding=\"async\" src=\"https:\/\/www.europesays.com\/fr\/wp-content\/uploads\/2025\/07\/039351f0-663d-11f0-8dbd-f3d32ebd3327.jpg.webp.webp\"   alt=\"Alexander Petlinsky lors de la remise des dipl\u00f4mes de 9e ann\u00e9e\" loading=\"lazy\" width=\"1024\" height=\"1024\" style=\"aspect-ratio:1024 \/ 1024\" class=\"bbc-139onq\"\/><\/p>\n<p class=\"bbc-nyj3yn\" role=\"text\">Cr\u00e9dit photo, VK<\/p>\n<p>L\u00e9gende image, Alexander Petlinsky lors de la remise des dipl\u00f4mes de 9e ann\u00e9e<\/p>\n<p dir=\"ltr\" class=\"bbc-1y32vyc e17g058b0\">Le 31 janvier 2025, Aleksandr a 18 ans. La premi\u00e8re chose qu&rsquo;il a faite a \u00e9t\u00e9 de demander \u00e0 \u00eatre dispens\u00e9 de cours pendant un an afin de pouvoir signer un contrat avec le minist\u00e8re de la d\u00e9fense.<\/p>\n<p dir=\"ltr\" class=\"bbc-1y32vyc e17g058b0\">\u00ab\u00a0Lorsqu&rsquo;il a pr\u00e9sent\u00e9 sa demande, je lui ai demand\u00e9 ce que sa m\u00e8re en penserait\u00a0\u00bb, a d\u00e9clar\u00e9 plus tard le secr\u00e9taire du coll\u00e8ge \u00e0 des journalistes locaux. Il a r\u00e9pondu : \u00ab\u00a0Qu&rsquo;est-ce que cela a \u00e0 voir avec ma m\u00e8re ? C&rsquo;est mon choix. Ses yeux brillaient.<\/p>\n<p dir=\"ltr\" class=\"bbc-1y32vyc e17g058b0\">Trois semaines plus tard, Aleksandr a d\u00e9j\u00e0 sign\u00e9 un contrat et rejoint son unit\u00e9 de formation. Juste avant de partir, il retrouve son amie Anastasia.<\/p>\n<p dir=\"ltr\" class=\"bbc-1y32vyc e17g058b0\">Les deux anciens camarades de classe sont assis sur un banc et parlent de dessins. Aleksandr dessine une torche avec une flamme sur le poignet d&rsquo;Anastasia en guise de cadeau d&rsquo;adieu.<\/p>\n<p dir=\"ltr\" class=\"bbc-1y32vyc e17g058b0\">C&rsquo;est la derni\u00e8re fois qu&rsquo;elle le voit.<\/p>\n<p>Menott\u00e9 et battu<\/p>\n<p dir=\"ltr\" class=\"bbc-1y32vyc e17g058b0\">L&rsquo;histoire de Vitaly Ivanov, 18 ans, originaire de la r\u00e9gion d&rsquo;Irkoutsk en Sib\u00e9rie, qui s&rsquo;est retrouv\u00e9 dans l&rsquo;arm\u00e9e n&rsquo;aurait pas pu \u00eatre plus diff\u00e9rente.<\/p>\n<p dir=\"ltr\" class=\"bbc-1y32vyc e17g058b0\">Il est n\u00e9 et a grandi \u00e0 Tayturka, une petite ville ouvri\u00e8re situ\u00e9e \u00e0 deux heures d&rsquo;Irkoutsk et comptant \u00e0 peine 5 000 habitants.<\/p>\n<p dir=\"ltr\" class=\"bbc-1y32vyc e17g058b0\">Au lyc\u00e9e, lui et son ami Misha travaillaient \u00e0 temps partiel dans une chaufferie locale et aidaient \u00e0 arracher les pommes de terre dans les jardins. L&rsquo;\u00e9t\u00e9, il gagnait de l&rsquo;argent en transportant des ch\u00e2teaux gonflables dans les villages voisins.<\/p>\n<p dir=\"ltr\" class=\"bbc-1y32vyc e17g058b0\">\u00c0 cette \u00e9poque, il rencontre une jeune femme que nous appellerons Alina. Ils ont commenc\u00e9 \u00e0 sortir ensemble et Vitaly lui rendait souvent visite. Il l&rsquo;aidait aussi \u00e0 arracher des pommes de terre dans sa datcha et \u00e0 r\u00e9parer des choses dans la maison.<\/p>\n<p><img decoding=\"async\" src=\"https:\/\/www.europesays.com\/fr\/wp-content\/uploads\/2025\/07\/3a551ca0-663d-11f0-8dbd-f3d32ebd3327.png.webp.webp\"   alt=\"Gar\u00e7on avec des m\u00e9dailles sportives\" loading=\"lazy\" width=\"1404\" height=\"1710\" style=\"aspect-ratio:1404 \/ 1710\" class=\"bbc-139onq\"\/><\/p>\n<p class=\"bbc-nyj3yn\" role=\"text\">Cr\u00e9dit photo, Vitaly Ivanov\/VK<\/p>\n<p>L\u00e9gende image, Vitaly Ivanov dans son enfance<\/p>\n<p dir=\"ltr\" class=\"bbc-1y32vyc e17g058b0\">\u00ab Il me disait que j&rsquo;\u00e9tais sous son aile, sous sa protection \u00bb, raconte Alina. Mais parfois, lorsqu&rsquo;ils se disputaient, Vitaly mena\u00e7ait de partir et de s&rsquo;engager dans l&rsquo;arm\u00e9e. Il me disait : \u00ab Je vais y aller et tout ira bien \u00bb\u00a0\u00bb, se souvient Alina.<\/p>\n<p dir=\"ltr\" class=\"bbc-1y32vyc e17g058b0\">\u00c0 l&rsquo;\u00e2ge de 16 ans, Vasily a quitt\u00e9 l&rsquo;\u00e9cole et a obtenu une place de m\u00e9canicien stagiaire dans un coll\u00e8ge local. Mais il a rapidement abandonn\u00e9 l&rsquo;\u00e9cole.<\/p>\n<p dir=\"ltr\" class=\"bbc-1y32vyc e17g058b0\">Lorsqu&rsquo;il a eu 18 ans, il a pr\u00e9vu de faire son service militaire obligatoire, puis d&rsquo;aller \u00e0 Kazan pour travailler dans la construction de routes, a expliqu\u00e9 son ami Misha \u00e0 la BBC.<\/p>\n<p dir=\"ltr\" class=\"bbc-1y32vyc e17g058b0\">Mais en novembre 2024, tout a chang\u00e9.<\/p>\n<p dir=\"ltr\" class=\"bbc-1y32vyc e17g058b0\">Un vol a \u00e9t\u00e9 commis dans un magasin local et lorsque la police a regard\u00e9 la vid\u00e9o de surveillance, elle a d\u00e9cid\u00e9 que l&rsquo;un des auteurs ressemblait \u00e0 Vitaly.<\/p>\n<p dir=\"ltr\" class=\"bbc-1y32vyc e17g058b0\">Anna, la m\u00e8re de Vitaly, a d\u00e9clar\u00e9 \u00e0 la BBC qu&rsquo;il \u00e9tait connu de la police parce que l&rsquo;ann\u00e9e pr\u00e9c\u00e9dente, il avait \u00e9t\u00e9 arr\u00eat\u00e9 apr\u00e8s s&rsquo;\u00eatre battu avec quelqu&rsquo;un qui, selon elle, \u00e9tait un trafiquant de drogue local. Il a \u00e9t\u00e9 inculp\u00e9 et condamn\u00e9 \u00e0 des travaux d&rsquo;int\u00e9r\u00eat g\u00e9n\u00e9ral.<\/p>\n<p dir=\"ltr\" class=\"bbc-1y32vyc e17g058b0\">Vitaly a \u00e9t\u00e9 convoqu\u00e9 au poste de police et y a \u00e9t\u00e9 retenu pendant plusieurs heures. Lorsqu&rsquo;il a finalement \u00e9t\u00e9 lib\u00e9r\u00e9, il a envoy\u00e9 \u00e0 sa petite amie un message vid\u00e9o sur Telegram, qu&rsquo;elle a partag\u00e9 avec la BBC.<\/p>\n<p dir=\"ltr\" class=\"bbc-1y32vyc e17g058b0\">Vitaly y pleure en racontant \u00e0 sa petite amie qu&rsquo;il a \u00e9t\u00e9 menott\u00e9 et battu par la police. \u00ab Ces diables \u00e9taient tellement horribles \u00bb, dit-il entre deux sanglots. \u00ab J&rsquo;\u00e9tais tellement choqu\u00e9 \u00bb.<\/p>\n<p dir=\"ltr\" class=\"bbc-1y32vyc e17g058b0\">Vitaly a dit \u00e0 sa m\u00e8re et \u00e0 sa petite amie que la police voulait qu&rsquo;il avoue le vol. Sa m\u00e8re pense que c&rsquo;est la police qui lui a dit de signer un contrat pour rejoindre l&rsquo;arm\u00e9e. \u00ab\u00a0C&rsquo;est compr\u00e9hensible, il avait peur, il n&rsquo;avait que 18 ans\u00a0\u00bb, dit-elle. \u00ab\u00a0Ils l&rsquo;ont menott\u00e9 et l&rsquo;ont battu pendant deux heures.<\/p>\n<p><img decoding=\"async\" src=\"https:\/\/www.europesays.com\/fr\/wp-content\/uploads\/2025\/07\/81be3590-663d-11f0-89ea-4d6f9851f623.jpg.webp.webp\"   alt=\"Vitaly Ivanov\" loading=\"lazy\" width=\"960\" height=\"1280\" style=\"aspect-ratio:960 \/ 1280\" class=\"bbc-139onq\"\/><\/p>\n<p class=\"bbc-nyj3yn\" role=\"text\">Cr\u00e9dit photo, VK<\/p>\n<p>L\u00e9gende image, Vitaly Ivanov s&rsquo;est plaint d&rsquo;avoir \u00e9t\u00e9 battu au poste de police pour lui faire avouer le vol.<\/p>\n<p dir=\"ltr\" class=\"bbc-1y32vyc e17g058b0\">\u00c0 la sortie du commissariat, Vitaly rencontre Misha et lui annonce qu&rsquo;il a d\u00e9cid\u00e9 de s&rsquo;engager dans l&rsquo;arm\u00e9e. Misha est choqu\u00e9 : \u00ab\u00a0J&rsquo;ai dit : \u00ab\u00a0Pourquoi veux-tu faire \u00e7a ?\u00a0\u00bb Viens \u00e0 Kazan avec moi pour construire des routes, tu seras bien mieux loti\u00a0\u00bb.<\/p>\n<p dir=\"ltr\" class=\"bbc-1y32vyc e17g058b0\">Misha a d\u00e9clar\u00e9 \u00e0 la BBC qu&rsquo;un autre ami avait \u00e9galement tent\u00e9 de le dissuader, mais que Vitaly avait effac\u00e9 tous leurs messages et coup\u00e9 tout contact.<\/p>\n<p dir=\"ltr\" class=\"bbc-1y32vyc e17g058b0\">La veille de son d\u00e9part, Vitaly a appel\u00e9 sa m\u00e8re, qui \u00e9tait partie travailler.<\/p>\n<p dir=\"ltr\" class=\"bbc-1y32vyc e17g058b0\">\u00ab\u00a0Maman, je pars bient\u00f4t\u00a0\u00bb, a-t-il dit.<\/p>\n<p dir=\"ltr\" class=\"bbc-1y32vyc e17g058b0\">\u00ab\u00a0Pour Kazan ? D&rsquo;accord, tu peux y aller\u00a0\u00bb, lui a-t-elle r\u00e9pondu.<\/p>\n<p dir=\"ltr\" class=\"bbc-1y32vyc e17g058b0\">\u00ab\u00a0Non, maman, tu ne comprends pas. Je vais \u00e0 l&rsquo;op\u00e9ration militaire sp\u00e9ciale\u00a0\u00bb, a-t-il dit.<\/p>\n<p dir=\"ltr\" class=\"bbc-1y32vyc e17g058b0\">Anna dit avoir \u00ab\u00a0pleur\u00e9 toute la nuit\u00a0\u00bb. \u00ab\u00a0Il \u00e9tait si secret \u00e0 propos de tout cela. Il ne m&rsquo;a rien dit. Il ne s&rsquo;est jamais plaint. Et il a tout fait dans mon dos\u00a0\u00bb, dit-elle.<\/p>\n<p dir=\"ltr\" class=\"bbc-1y32vyc e17g058b0\">Alina se souvient que lors de leur derni\u00e8re rencontre, Vitaly semblait tout \u00e0 fait calme. Il lui a dit au revoir avec retenue et lui a dit de ne pas pleurer. Puis il est rentr\u00e9 calmement chez lui, a pr\u00e9par\u00e9 ses affaires et est parti pour la gare.<\/p>\n<p dir=\"ltr\" class=\"bbc-1y32vyc e17g058b0\">Sur les conseils d&rsquo;un ami qui est d\u00e9j\u00e0 all\u00e9 au front, il d\u00e9cide de s&rsquo;engager dans la r\u00e9gion de Samara au lieu d&rsquo;Irkoutsk.<\/p>\n<p dir=\"ltr\" class=\"bbc-1y32vyc e17g058b0\">\u00c0 l&rsquo;automne 2024, la r\u00e9gion de Samara offrait des primes d&rsquo;engagement parmi les plus \u00e9lev\u00e9es du pays. Vitaly aurait re\u00e7u environ quatre millions de roubles en primes r\u00e9gionales et f\u00e9d\u00e9rales, soit l&rsquo;\u00e9quivalent d&rsquo;environ cinquante mille dollars am\u00e9ricains. Une somme presque inimaginable pour un jeune villageois de 18 ans, peu instruit et aux perspectives d&rsquo;avenir encore plus sombres.<\/p>\n<p>Une premi\u00e8re et une derni\u00e8re mission<\/p>\n<p dir=\"ltr\" class=\"bbc-1y32vyc e17g058b0\">Vitaly et Aleksandr, qui venaient tous deux d&rsquo;avoir 18 ans, sont arriv\u00e9s au front \u00e0 peu pr\u00e8s en m\u00eame temps, en f\u00e9vrier 2025, en suivant des itin\u00e9raires tr\u00e8s diff\u00e9rents.<\/p>\n<p dir=\"ltr\" class=\"bbc-1y32vyc e17g058b0\">Alina se souvient qu&rsquo;alors que Vitaly \u00e9tait encore en formation, ils sont rest\u00e9s en contact permanent. \u00ab\u00a0Il \u00e9crivait qu&rsquo;il le regrettait. Il \u00e9crivait qu&rsquo;il regrettait, qu&rsquo;il avait du mal \u00e0 dormir\u00a0\u00bb, raconte-t-elle.<\/p>\n<p dir=\"ltr\" class=\"bbc-1y32vyc e17g058b0\">\u00ab\u00a0Maman, j&rsquo;ai compris que ce n&rsquo;\u00e9tait pas une blague\u00a0\u00bb, se souvient sa m\u00e8re Anna. Apr\u00e8s seulement deux semaines de formation, Vitaly est affect\u00e9 \u00e0 un r\u00f4le de reconnaissance militaire.<\/p>\n<p dir=\"ltr\" class=\"bbc-1y32vyc e17g058b0\">\u00ab\u00a0Fiston, as-tu appris quelque chose \u00e0 l&rsquo;entra\u00eenement ? lui demande Alina.<\/p>\n<p dir=\"ltr\" class=\"bbc-1y32vyc e17g058b0\">La r\u00e9ponse n&rsquo;est pas rassurante.<\/p>\n<p><img decoding=\"async\" src=\"https:\/\/www.europesays.com\/fr\/wp-content\/uploads\/2025\/07\/b42a13a0-663d-11f0-8dbd-f3d32ebd3327.jpg.webp.webp\"   alt=\"Vitaly Ivanov \u00e0 la guerre\" loading=\"lazy\" width=\"548\" height=\"975\" style=\"aspect-ratio:548 \/ 975\" class=\"bbc-139onq\"\/><\/p>\n<p class=\"bbc-nyj3yn\" role=\"text\">Cr\u00e9dit photo, Anna Gromova\/OK<\/p>\n<p>L\u00e9gende image, Vitaly Ivanov \u00e0 la guerre<\/p>\n<p dir=\"ltr\" class=\"bbc-1y32vyc e17g058b0\">\u00ab\u00a0Maman, pour devenir un vrai soldat de reconnaissance, il faut \u00e9tudier pendant trois ans\u00a0\u00bb, r\u00e9pond-il. \u00ab\u00a0Je n&rsquo;ai appris qu&rsquo;un tout petit peu.<\/p>\n<p dir=\"ltr\" class=\"bbc-1y32vyc e17g058b0\">La derni\u00e8re fois qu&rsquo;Anna a eu des nouvelles de Vitaly, c&rsquo;\u00e9tait le 5 f\u00e9vrier. Il lui \u00e9crit qu&rsquo;il est envoy\u00e9 en mission de combat.<\/p>\n<p dir=\"ltr\" class=\"bbc-1y32vyc e17g058b0\">\u00ab\u00a0C&rsquo;\u00e9tait sa premi\u00e8re et derni\u00e8re mission\u00a0\u00bb, dit Anna.<\/p>\n<p dir=\"ltr\" class=\"bbc-1y32vyc e17g058b0\">Le 4 mars, des responsables du bureau d&rsquo;enr\u00f4lement militaire ont appel\u00e9 Anna pour lui annoncer que son fils avait \u00e9t\u00e9 tu\u00e9 au combat le 11 f\u00e9vrier 2025.<\/p>\n<p dir=\"ltr\" class=\"bbc-1y32vyc e17g058b0\">Il n&rsquo;avait servi qu&rsquo;une semaine sur la ligne de front.<\/p>\n<p dir=\"ltr\" class=\"bbc-1y32vyc e17g058b0\">Son corps a \u00e9t\u00e9 ramen\u00e9 \u00e0 Tayturka dans un cercueil en zinc. Plusieurs dizaines de personnes sont venues lui rendre hommage, puis le cercueil a \u00e9t\u00e9 transport\u00e9 au cimeti\u00e8re local.<\/p>\n<p dir=\"ltr\" class=\"bbc-1y32vyc e17g058b0\">Des repr\u00e9sentants de l&rsquo;administration de la ville ont prononc\u00e9 des discours lors des fun\u00e9railles.<\/p>\n<p dir=\"ltr\" class=\"bbc-1y32vyc e17g058b0\">\u00ab\u00a0Ils ont dit qu&rsquo;il avait donn\u00e9 sa vie pour notre patrie, qu&rsquo;il \u00e9tait courageux et qu&rsquo;il \u00e9tait parti se battre. Les choses habituelles\u00a0\u00bb, raconte Misha. \u00ab\u00a0Mais tout le monde demandait pourquoi il l&rsquo;avait fait et disait qu&rsquo;il \u00e9tait inutile de partir \u00e0 la guerre \u00e0 un si jeune \u00e2ge. Beaucoup de gens n&rsquo;arrivaient toujours pas \u00e0 y croire, moi y compris\u00a0\u00bb.<\/p>\n<p dir=\"ltr\" class=\"bbc-1y32vyc e17g058b0\">La famille et les amis de Vitaly n&rsquo;ont pas comment\u00e9 le fait que sa participation \u00e0 la guerre aurait pu entra\u00eener la mort de soldats ou de civils ukrainiens.<\/p>\n<p>Profond\u00e9ment boulevers\u00e9<\/p>\n<p dir=\"ltr\" class=\"bbc-1y32vyc e17g058b0\">Un mois apr\u00e8s la mort de Vitaly, le 9 mars, Aleksandr Petlinsky a \u00e9galement \u00e9t\u00e9 tu\u00e9.<\/p>\n<p dir=\"ltr\" class=\"bbc-1y32vyc e17g058b0\">Ses amis du mouvement de jeunesse local ont publi\u00e9 en ligne un message comm\u00e9moratif indiquant qu&rsquo;il \u00e9tait \u00ab\u00a0mort dans l&rsquo;exercice de ses fonctions militaires au cours de l&rsquo;op\u00e9ration militaire sp\u00e9ciale\u00a0\u00bb.<\/p>\n<p dir=\"ltr\" class=\"bbc-1y32vyc e17g058b0\">\u00ab\u00a0Comment a-t-il pu \u00eatre l\u00e0 alors qu&rsquo;il venait d&rsquo;avoir 18 ans un mois auparavant ?\u00a0\u00bb, a \u00e9crit quelqu&rsquo;un dans les commentaires.<\/p>\n<p><img decoding=\"async\" src=\"https:\/\/www.europesays.com\/fr\/wp-content\/uploads\/2025\/07\/dd8dc7a0-663d-11f0-8dbd-f3d32ebd3327.png.webp.webp\"   alt=\"Portrait fun\u00e9raire d'Alexandre Petlinski\" loading=\"lazy\" width=\"640\" height=\"663\" style=\"aspect-ratio:640 \/ 663\" class=\"bbc-139onq\"\/><\/p>\n<p class=\"bbc-nyj3yn\" role=\"text\">Cr\u00e9dit photo, VK<\/p>\n<p>L\u00e9gende image, Portrait fun\u00e9raire d&rsquo;Alexandre Petlinski<\/p>\n<p dir=\"ltr\" class=\"bbc-1y32vyc e17g058b0\">La m\u00e8re d&rsquo;Aleksandr, Elena, a d\u00e9clar\u00e9 \u00e0 la BBC : \u00ab\u00a0En tant que citoyenne de la F\u00e9d\u00e9ration de Russie, je suis fi\u00e8re de mon fils. Mais en tant que m\u00e8re, je ne peux pas faire face \u00e0 cette perte\u00a0\u00bb. Elle n&rsquo;a pas souhait\u00e9 en dire plus.<\/p>\n<p dir=\"ltr\" class=\"bbc-1y32vyc e17g058b0\">La BBC n&rsquo;a pu joindre la m\u00e8re de Vitaly, Anna, qu&rsquo;\u00e0 la deuxi\u00e8me ou troisi\u00e8me tentative &#8211; dans les premi\u00e8res minutes de l&rsquo;appel, elle sanglotait et n&rsquo;arrivait pas \u00e0 parler. Elle a d\u00e9clar\u00e9 qu&rsquo;elle ne cessait de se rem\u00e9morer ses derniers adieux \u00e0 son fils. \u00ab\u00a0C&rsquo;est encore comme si c&rsquo;\u00e9tait hier.<\/p>\n<p dir=\"ltr\" class=\"bbc-1y32vyc e17g058b0\">Anastasia, l&rsquo;amie d&rsquo;Aleksandr, explique que pour elle, le fait que des jeunes de 18 ans signent des contrats pour s&rsquo;engager dans l&rsquo;arm\u00e9e est d\u00e9sormais un \u00ab\u00a0sujet douloureux\u00a0\u00bb.<\/p>\n<p dir=\"ltr\" class=\"bbc-1y32vyc e17g058b0\">\u00ab\u00a0Ils sont jeunes et na\u00effs, et il y a tant de choses qu&rsquo;ils ne comprennent pas\u00a0\u00bb, dit-elle. \u00ab\u00a0Ils ne saisissent pas toute la responsabilit\u00e9 de ce qu&rsquo;ils font.\u00a0\u00bb<\/p>\n<p dir=\"ltr\" class=\"bbc-1y32vyc e17g058b0\">Anastasia n&rsquo;a pas comment\u00e9 l&rsquo;impact que la participation d&rsquo;Aleksandr \u00e0 la guerre aurait pu avoir sur les personnes qui quittent l&rsquo;Ukraine.<\/p>\n<p>\u00ab Personne n&rsquo;est int\u00e9ress\u00e9 et personne ne s&rsquo;en soucie \u00bb<\/p>\n<p dir=\"ltr\" class=\"bbc-1y32vyc e17g058b0\">Bien que la mort d&rsquo;Aleksandr et de Vitaly ait profond\u00e9ment affect\u00e9 leurs amis et leur famille, le fait que des jeunes de 18 ans s&rsquo;engagent et se fassent tuer en Ukraine ne semble pas, jusqu&rsquo;\u00e0 pr\u00e9sent, avoir eu un \u00e9cho plus large dans la soci\u00e9t\u00e9 russe.<\/p>\n<p dir=\"ltr\" class=\"bbc-1y32vyc e17g058b0\">La famille d&rsquo;un autre tr\u00e8s jeune homme qui s&rsquo;est engag\u00e9 \u00e0 la sortie de l&rsquo;\u00e9cole et qui a \u00e9t\u00e9 tu\u00e9 tr\u00e8s peu de temps apr\u00e8s a tent\u00e9 de faire campagne pour que les dipl\u00f4m\u00e9s du secondaire ne soient plus envoy\u00e9s sur la ligne de front.<\/p>\n<p dir=\"ltr\" class=\"bbc-1y32vyc e17g058b0\">Daniil Chistyakov, originaire de Smolensk, avait 18 ans depuis moins de deux mois lorsqu&rsquo;il a \u00e9t\u00e9 tu\u00e9. Comme Alexandre et Vitaly, il venait d&rsquo;arriver au front. Sa famille n&rsquo;a appris qu&rsquo;il s&rsquo;engageait dans l&rsquo;arm\u00e9e que le jour m\u00eame.<\/p>\n<p dir=\"ltr\" class=\"bbc-1y32vyc e17g058b0\">\u00ab\u00a0J&rsquo;ai \u00e9crit \u00e0 de nombreuses agences pour essayer de joindre quelqu&rsquo;un, pour faire abroger la loi qui autorise les jeunes de 18 ans \u00e0 signer des contrats\u00a0\u00bb, a d\u00e9clar\u00e9 l&rsquo;un de ses proches \u00e0 la BBC. \u00ab\u00a0Mais personne ne s&rsquo;y est int\u00e9ress\u00e9 ou ne s&rsquo;en est souci\u00e9.\u00a0\u00bb<\/p>\n<p dir=\"ltr\" class=\"bbc-1y32vyc e17g058b0\">Anna, la m\u00e8re de Vitaly, a tent\u00e9 en vain d&rsquo;obtenir des autorit\u00e9s qu&rsquo;elles enqu\u00eatent sur les policiers qui ont d\u00e9tenu son fils et qui, selon elle, sont responsables de sa d\u00e9cision soudaine de s&rsquo;engager.<\/p>\n<p dir=\"ltr\" class=\"bbc-1y32vyc e17g058b0\">Dans ses efforts pour \u00ab\u00a0obtenir justice\u00a0\u00bb, elle a \u00e9galement \u00e9crit une longue lettre sur le cas de son fils \u00e0 l&rsquo;\u00e9mission \u00ab\u00a0Men and Women in Moscow\u00a0\u00bb de la cha\u00eene de t\u00e9l\u00e9vision d&rsquo;\u00c9tat Channel One. La lettre a \u00e9t\u00e9 envoy\u00e9e par courrier recommand\u00e9, mais personne de l&rsquo;\u00e9mission n&rsquo;est jamais venu la chercher au bureau de poste.<\/p>\n","protected":false},"excerpt":{"rendered":"Cr\u00e9dit photo, VK\/BBC Article Information Author, Anastasia Platonova, Olga Ivshina Role, BBC News Russe il y a 6&hellip;\n","protected":false},"author":2,"featured_media":267467,"comment_status":"","ping_status":"","sticky":false,"template":"","format":"standard","meta":{"footnotes":""},"categories":[1591],"tags":[11,1887,12,1885,1886,132],"class_list":{"0":"post-267466","1":"post","2":"type-post","3":"status-publish","4":"format-standard","5":"has-post-thumbnail","7":"category-russie","8":"tag-actualites","9":"tag-federation-de-russie","10":"tag-news","11":"tag-russia","12":"tag-russian-federation","13":"tag-russie"},"share_on_mastodon":{"url":"https:\/\/pubeurope.com\/@fr\/114901376574705235","error":""},"_links":{"self":[{"href":"https:\/\/www.europesays.com\/fr\/wp-json\/wp\/v2\/posts\/267466","targetHints":{"allow":["GET"]}}],"collection":[{"href":"https:\/\/www.europesays.com\/fr\/wp-json\/wp\/v2\/posts"}],"about":[{"href":"https:\/\/www.europesays.com\/fr\/wp-json\/wp\/v2\/types\/post"}],"author":[{"embeddable":true,"href":"https:\/\/www.europesays.com\/fr\/wp-json\/wp\/v2\/users\/2"}],"replies":[{"embeddable":true,"href":"https:\/\/www.europesays.com\/fr\/wp-json\/wp\/v2\/comments?post=267466"}],"version-history":[{"count":0,"href":"https:\/\/www.europesays.com\/fr\/wp-json\/wp\/v2\/posts\/267466\/revisions"}],"wp:featuredmedia":[{"embeddable":true,"href":"https:\/\/www.europesays.com\/fr\/wp-json\/wp\/v2\/media\/267467"}],"wp:attachment":[{"href":"https:\/\/www.europesays.com\/fr\/wp-json\/wp\/v2\/media?parent=267466"}],"wp:term":[{"taxonomy":"category","embeddable":true,"href":"https:\/\/www.europesays.com\/fr\/wp-json\/wp\/v2\/categories?post=267466"},{"taxonomy":"post_tag","embeddable":true,"href":"https:\/\/www.europesays.com\/fr\/wp-json\/wp\/v2\/tags?post=267466"}],"curies":[{"name":"wp","href":"https:\/\/api.w.org\/{rel}","templated":true}]}}