{"id":267468,"date":"2025-07-23T07:30:12","date_gmt":"2025-07-23T07:30:12","guid":{"rendered":"https:\/\/www.europesays.com\/fr\/267468\/"},"modified":"2025-07-23T07:30:12","modified_gmt":"2025-07-23T07:30:12","slug":"guerre-en-ukraine-kiev-a-perdu-un-premier-mirage-2000-livre-par-la-france-dans-un-crash-23-07-2025-a-0859","status":"publish","type":"post","link":"https:\/\/www.europesays.com\/fr\/267468\/","title":{"rendered":"Guerre en Ukraine : Kiev a perdu un premier Mirage 2000 livr\u00e9 par la France dans un crash &#8211; 23\/07\/2025 \u00e0 08:59"},"content":{"rendered":"<p> Selon les autorit\u00e9s ukrainiennes, l&rsquo;avion de chasse n&rsquo;a pas \u00e9t\u00e9 abattu mais a subi une d\u00e9faillance technique en vol.<\/p>\n<p>        <img fetchpriority=\"high\" decoding=\"async\" src=\"https:\/\/www.europesays.com\/fr\/wp-content\/uploads\/2025\/07\/435abe38bac4edec604741d6029a52cf-760x389.jpg\" alt=\"Un Mirage 2000 lors d'une d\u00e9monstration a\u00e9rienne, aux Emirats arabes unis, en 2018 (illustration) ( AFP \/ STR )\" loading=\"eager\" width=\"760\" height=\"389\" style=\"max-width: 100%!important; height: auto;\"\/><\/p>\n<p class=\"c-image-news__legend\">Un Mirage 2000 lors d&rsquo;une d\u00e9monstration a\u00e9rienne, aux Emirats arabes unis, en 2018 (illustration) ( AFP \/ STR )<\/p>\n<p>\n Six mois apr\u00e8s les premi\u00e8res livraisons venant de France, l&rsquo;Ukraine a annonc\u00e9 avoir perdu pour la premi\u00e8re fois un avion de chasse Mirage 2000, mardi 22 juillet lors d&rsquo;une mission au cours de laquelle son pilote a pu s&rsquo;\u00e9jecter, a annonc\u00e9 le pr\u00e9sident Volodymyr Zelensky.\n<\/p>\n<p>\n \u00ab\u00a0Malheureusement,<br \/>\n <strong><br \/>\n  nous avons perdu (un) avion de combat. Un appareil fran\u00e7ais, tr\u00e8s efficace, l&rsquo;un de nos chasseurs Mirage\u00a0\u00bb,<br \/>\n <\/strong><br \/>\n a d\u00e9clar\u00e9 le chef de l&rsquo;Etat t\u00f4t mercredi dans une allocution diffus\u00e9e sur le site de la pr\u00e9sidence ukrainienne.\n<\/p>\n<p> Appareils appr\u00e9ci\u00e9s mais \u00e9prouv\u00e9s<\/p>\n<p>\n \u00ab\u00a0Le pilote a r\u00e9ussi \u00e0 s&rsquo;\u00e9chapper et (l&rsquo;avion) n&rsquo;a pas \u00e9t\u00e9 abattu par les Russes\u00a0\u00bb, a-t-il ajout\u00e9. Les forces a\u00e9riennes ukrainiennes ont indiqu\u00e9 que les faits s&rsquo;\u00e9taient d\u00e9roul\u00e9s mardi soir et qu'\u00a0\u00bbaucune victime au sol\u00a0\u00bb n&rsquo;avait \u00e9t\u00e9 recens\u00e9e.<br \/>\n <strong><br \/>\n  \u00ab\u00a0Le pilote a signal\u00e9 au directeur de vol une d\u00e9faillance d&rsquo;un \u00e9quipement a\u00e9ronautique. Il a ensuite agi avec comp\u00e9tence, comme attendu lors d&rsquo;une situation de crise, et s&rsquo;est \u00e9ject\u00e9 avec succ\u00e8s\u00a0\u00bb,<br \/>\n <\/strong><br \/>\n a pr\u00e9cis\u00e9 l&rsquo;arm\u00e9e de l&rsquo;air. Selon plusieurs sources concordantes, l&rsquo;avion s&rsquo;est \u00e9cras\u00e9 dans l&rsquo;oblast de Volhynie, dans le nord-ouest du pays.\n<\/p>\n<p>\n Cet incident marque un nouveau coup dur pour l&rsquo;arm\u00e9e de Kiev, qui souffre d&rsquo;un manque de moyens de d\u00e9fense a\u00e9riens pour contrer les attaques russes.\n<\/p>\n<p>\n Des pilotes et m\u00e9caniciens a\u00e9riens ont b\u00e9n\u00e9fici\u00e9 d&rsquo;un entra\u00eenement dans l&rsquo;est de la France pour man\u0153uvrer ces avions de chasse, con\u00e7us par la soci\u00e9t\u00e9 Dassault Aviation et dont la livraison a d\u00e9but\u00e9 plus t\u00f4t cette ann\u00e9e dans le cadre d&rsquo;une aide apport\u00e9e par la France. D\u00e9but f\u00e9vrier, le ministre des Arm\u00e9es S\u00e9bastien Lecornu avait ainsi annonc\u00e9 la livraison d&rsquo;un premier lot de Mirage 2000-5. Sur les 26 exemplaires de Mirage 2000-5 dont disposait l&rsquo;arm\u00e9e de l&rsquo;Air et de l&rsquo;Espace fran\u00e7aise, six avions devaient \u00eatre c\u00e9d\u00e9s \u00e0 l&rsquo;Ukraine, selon un rapport budg\u00e9taire de l&rsquo;Assembl\u00e9e nationale publi\u00e9 \u00e0 l&rsquo;automne dernier. Ce chiffre n&rsquo;a pas \u00e9t\u00e9 confirm\u00e9 par le minist\u00e8re des Arm\u00e9es<\/p>\n","protected":false},"excerpt":{"rendered":"Selon les autorit\u00e9s ukrainiennes, l&rsquo;avion de chasse n&rsquo;a pas \u00e9t\u00e9 abattu mais a subi une d\u00e9faillance technique en&hellip;\n","protected":false},"author":2,"featured_media":267469,"comment_status":"","ping_status":"","sticky":false,"template":"","format":"standard","meta":{"footnotes":""},"categories":[1590],"tags":[400,11,398,408,405,1777,674,403,402,399,404,12,401,406,220,407],"class_list":{"0":"post-267468","1":"post","2":"type-post","3":"status-publish","4":"format-standard","5":"has-post-thumbnail","7":"category-ukraine","8":"tag-action-cac-40","9":"tag-actualites","10":"tag-bourse-de-paris","11":"tag-boursorama","12":"tag-cotations","13":"tag-eu","14":"tag-europe","15":"tag-indices-devises","16":"tag-investir","17":"tag-investissement","18":"tag-marche-boursier","19":"tag-news","20":"tag-sicav","21":"tag-trackers","22":"tag-ukraine","23":"tag-warrants"},"share_on_mastodon":{"url":"https:\/\/pubeurope.com\/@fr\/114901380189606332","error":""},"_links":{"self":[{"href":"https:\/\/www.europesays.com\/fr\/wp-json\/wp\/v2\/posts\/267468","targetHints":{"allow":["GET"]}}],"collection":[{"href":"https:\/\/www.europesays.com\/fr\/wp-json\/wp\/v2\/posts"}],"about":[{"href":"https:\/\/www.europesays.com\/fr\/wp-json\/wp\/v2\/types\/post"}],"author":[{"embeddable":true,"href":"https:\/\/www.europesays.com\/fr\/wp-json\/wp\/v2\/users\/2"}],"replies":[{"embeddable":true,"href":"https:\/\/www.europesays.com\/fr\/wp-json\/wp\/v2\/comments?post=267468"}],"version-history":[{"count":0,"href":"https:\/\/www.europesays.com\/fr\/wp-json\/wp\/v2\/posts\/267468\/revisions"}],"wp:featuredmedia":[{"embeddable":true,"href":"https:\/\/www.europesays.com\/fr\/wp-json\/wp\/v2\/media\/267469"}],"wp:attachment":[{"href":"https:\/\/www.europesays.com\/fr\/wp-json\/wp\/v2\/media?parent=267468"}],"wp:term":[{"taxonomy":"category","embeddable":true,"href":"https:\/\/www.europesays.com\/fr\/wp-json\/wp\/v2\/categories?post=267468"},{"taxonomy":"post_tag","embeddable":true,"href":"https:\/\/www.europesays.com\/fr\/wp-json\/wp\/v2\/tags?post=267468"}],"curies":[{"name":"wp","href":"https:\/\/api.w.org\/{rel}","templated":true}]}}