{"id":267470,"date":"2025-07-23T07:31:14","date_gmt":"2025-07-23T07:31:14","guid":{"rendered":"https:\/\/www.europesays.com\/fr\/267470\/"},"modified":"2025-07-23T07:31:14","modified_gmt":"2025-07-23T07:31:14","slug":"u-s-a-laccord-commercial-airlangga-revele-une-ordonnance-nationale-pour-les-produits-technologiques-et-alans-pour-les-pieds","status":"publish","type":"post","link":"https:\/\/www.europesays.com\/fr\/267470\/","title":{"rendered":"U.S.A. L&rsquo;accord commercial, Airlangga r\u00e9v\u00e8le une ordonnance nationale pour les produits technologiques et alans pour les pieds"},"content":{"rendered":"<p>ARTA &#8211; L\u2019Indon\u00e9sie a conclu un accord avec les \u00c9tats-Unis pour l\u2019imposition d\u2019un tarif de 19%.<\/p>\n<p>, le ministre coordinateur des Affaires \u00e9conomiques, Airlangga Hartarto, a d\u00e9clar\u00e9 que l\u2019un des impacts les plus \u00e9vidents de la conclusion d\u2019un accord commercial avec les \u00c9tats-Unis \u00e9tait les ordres pour les produits textiles, les v\u00eatements et les chaussures nationaux.<\/p>\n<p>r\u00e9nal. \u00ab L\u2019un des impacts les plus concr\u00e8tes est que l\u2019annonce par le pr\u00e9sident Trump a commenc\u00e9 \u00e0 fonctionner, puis les commandes pour des produits textiles, des jambes et des chaussures ont commenc\u00e9 \u00e0 fonctionner. S\u2019il n\u2019est pas annonc\u00e9, alors cet ordre n\u2019est pas donn\u00e9 par des partenaires commerciaux am\u00e9ricains. Et bien s\u00fbr, cela peut entra\u00eener une r\u00e9duction de main-d\u2019\u0153uvre ou un PHK \u00bb, a-t-il d\u00e9clar\u00e9 dans son communiqu\u00e9, mercredi 23 juillet.<\/p>\n<p>Airlangga a d\u00e9clar\u00e9 que le gouvernement continue de s\u2019efforcer de faire preuve que les produits indon\u00e9siens puissent \u00eatre pr\u00e9sents dans plus de pays, afin que les investissements puissent cro\u00eetre, cr\u00e9er des emplois et am\u00e9liorer le bien-\u00eatre de la communaut\u00e9.<\/p>\n<p>al.co.uk.org \u00ab Les r\u00e9alisations strat\u00e9giques de l\u2019Indon\u00e9sie dans la cr\u00e9ation de partenariats commerciaux internationaux montrent \u00e9galement un engagement fort du gouvernement \u00e0 renforcer la position de l\u2019Indon\u00e9sie sur la sc\u00e8ne mondiale \u00bb, a-t-il d\u00e9clar\u00e9.<\/p>\n<p>Airlangga a d\u00e9clar\u00e9 qu\u2019en finalisant des accords importants dans le secteur du commerce international, il esp\u00e8re qu\u2019il pourra avoir un impact direct sur l\u2019augmentation des exportations nationales, la stabilit\u00e9 de l\u2019industrie \u00e0 grande \u00e9chelle, ainsi qu\u2019un acc\u00e8s accru au march\u00e9 pour les petites et moyennes entreprises.<\/p>\n<p>Airlangga a d\u00e9clar\u00e9 que, dans un nouvel accord avec les \u00c9tats-Unis, l\u2019Indon\u00e9sie avait pris des mesures strat\u00e9giques en offrant l\u2019achat direct de principal produits am\u00e9ricains, tels que l\u2019\u00e9nergie et les produits agricoles.<\/p>\n<p>airlangga, selon l\u2019Airlangga, cette d\u00e9cision est plus efficace que les syst\u00e8mes de r\u00e9duction progressive des tarifs car elle peut avoir un impact sur la balance commerciale dans un court terme.<\/p>\n<p>al a ajout\u00e9, par le biais d\u2019achats directs, l\u2019Indon\u00e9sie obtient un avantage comp\u00e9titif par rapport \u00e0 d\u2019autres pays de la r\u00e9gion, en particulier dans le secteur du textile et de la jambonnette, qui est devenu l\u2019\u00e9pine dorsale de l\u2019industrie \u00e0 peine d\u2019emploi.<\/p>\n<p>\u00ab Nous importons donc de l\u2019\u00e9nergie chaque ann\u00e9e. Jusqu\u2019\u00e0 pr\u00e9sent, nous importons de divers pays, y compris l\u2019Am\u00e9rique, le Moyen-Orient et divers pays d\u2019Afrique, donc ce ne s\u2019agit qu\u2019un transfert de ces pays vers l\u2019Am\u00e9rique, ce n\u2019est pas un ajout au total de nos importations \u00bb, a ajout\u00e9 Airlangga.<\/p>\n<p>Airlangga a soulign\u00e9 que l\u2019achat d\u2019un certain nombre de produits am\u00e9ricains effectu\u00e9s par le gouvernement dans le cadre du dernier accord commercial n\u2019affectera pas n\u00e9gativement la balance commerciale de l\u2019Indon\u00e9sie.<\/p>\n<p>el, c\u2019est parce que essentiellement l\u2019achat d\u2019un certain nombre de ces produits est n\u00e9cessaire par l\u2019Indon\u00e9sie, et jusqu\u2019\u00e0 pr\u00e9sent, il a \u00e9t\u00e9 import\u00e9 de plusieurs pays, de sorte qu\u2019il n\u2019a chang\u00e9 que la source du pays d\u2019origine des importations.<\/p>\n<p>il, il a d\u00e9clar\u00e9 qu\u2019un certain nombre de ces produits, y compris les produits agricoles tels que le bl\u00e9 et la soie, aux produits \u00e9nerg\u00e9tiques.<\/p>\n<p>Airlangga a d\u00e9clar\u00e9 que la r\u00e9duction avec succ\u00e8s des tarifs de r\u00e9serve nationale apporte \u00e9galement des avantages strat\u00e9giques pour l\u2019Indon\u00e9sie, en particulier pour maintenir la croissance \u00e9conomique, la s\u00e9curit\u00e9 alimentaire et la stabilit\u00e9 du secteur de travail en prot\u00e9gant jusqu\u2019\u00e0 1 million de travailleurs d\u00e9pendant du secteur industriel \u00e0 peine d\u2019emploi.<\/p>\n<p>ar sur la page du gouverneur du gouverneur du Commerce, sur le site du gouverneur du Commerce, sur le site du gouverneur du Commerce, sur le site du gouverneur du Commerce, sur le site du gouverneur du Commerce, sur le site du gouverneur du Commerce, sur le site du gouverneur du Commerce, sur le site du gouverneur du Commerce, sur le site du gouverneur du Commerce, sur le site du gouverneur du Commerce, sur le site du gouverneur du Commerce, sur le site du gouverneur du Commerce, sur le site du gouverneur du Commerce, sur le site du gouverneur du Commerce, sur le site du Commerce, sur le site du gouverneur du Commerce, sur le site du gouverneur du Commerce, sur le site du gouverneur du Commerce, sur le site du gouverneur du Commerce.<\/p>\n<p>, il a ajout\u00e9 que la comp\u00e9titivit\u00e9 des produits indon\u00e9siens sur le march\u00e9 mondial, tels que l\u2019huile de palme s\u2019intensifie \u00e9galement alors qu\u2019il est de plus en plus demand\u00e9 sur les march\u00e9s am\u00e9ricains et europ\u00e9ens.<\/p>\n<p>ronyme. \u00ab J\u2019ai dit que si cela n\u2019est pas donn\u00e9, l\u2019Indon\u00e9sie est comp\u00e9titive, 1 million de personnes perdront leur emploi. L\u2019Am\u00e9rique veut donc \u00eatre un partenaire de l\u2019Indon\u00e9sie, le troisi\u00e8me plus grand pays \u00e9lectrom\u00e9nager et la plus grande \u00e9conomie d\u2019Asie du Sud-Est \u00bb, a-t-il expliqu\u00e9.<\/p>\n<p>The English, Chinese, Japanese, Arabic, and French versions are automatically generated by the AI. So there may still be inaccuracies in translating, please always see Indonesian as our main language.<br \/>\n                                    (system supported by DigitalSiber.id)<\/p>\n","protected":false},"excerpt":{"rendered":"ARTA &#8211; L\u2019Indon\u00e9sie a conclu un accord avec les \u00c9tats-Unis pour l\u2019imposition d\u2019un tarif de 19%. , le&hellip;\n","protected":false},"author":2,"featured_media":267471,"comment_status":"","ping_status":"","sticky":false,"template":"","format":"standard","meta":{"footnotes":""},"categories":[1589],"tags":[11,9626,40687,73,1866,40688,12,1864,1865,1863,308],"class_list":{"0":"post-267470","1":"post","2":"type-post","3":"status-publish","4":"format-standard","5":"has-post-thumbnail","7":"category-etats-unis","8":"tag-actualites","9":"tag-an","10":"tag-en-effet","11":"tag-etats-unis","12":"tag-etats-unis-damerique","13":"tag-ne-pas-se-produire-lindonesie-a-conclu-un-accord-avec-les-etats-unis-pour-imposer-des-droits-de-lhomme-au-peuple-de-19","14":"tag-news","15":"tag-united-states","16":"tag-united-states-of-america","17":"tag-us","18":"tag-usa"},"share_on_mastodon":{"url":"https:\/\/pubeurope.com\/@fr\/114901384097944003","error":""},"_links":{"self":[{"href":"https:\/\/www.europesays.com\/fr\/wp-json\/wp\/v2\/posts\/267470","targetHints":{"allow":["GET"]}}],"collection":[{"href":"https:\/\/www.europesays.com\/fr\/wp-json\/wp\/v2\/posts"}],"about":[{"href":"https:\/\/www.europesays.com\/fr\/wp-json\/wp\/v2\/types\/post"}],"author":[{"embeddable":true,"href":"https:\/\/www.europesays.com\/fr\/wp-json\/wp\/v2\/users\/2"}],"replies":[{"embeddable":true,"href":"https:\/\/www.europesays.com\/fr\/wp-json\/wp\/v2\/comments?post=267470"}],"version-history":[{"count":0,"href":"https:\/\/www.europesays.com\/fr\/wp-json\/wp\/v2\/posts\/267470\/revisions"}],"wp:featuredmedia":[{"embeddable":true,"href":"https:\/\/www.europesays.com\/fr\/wp-json\/wp\/v2\/media\/267471"}],"wp:attachment":[{"href":"https:\/\/www.europesays.com\/fr\/wp-json\/wp\/v2\/media?parent=267470"}],"wp:term":[{"taxonomy":"category","embeddable":true,"href":"https:\/\/www.europesays.com\/fr\/wp-json\/wp\/v2\/categories?post=267470"},{"taxonomy":"post_tag","embeddable":true,"href":"https:\/\/www.europesays.com\/fr\/wp-json\/wp\/v2\/tags?post=267470"}],"curies":[{"name":"wp","href":"https:\/\/api.w.org\/{rel}","templated":true}]}}