{"id":267478,"date":"2025-07-23T07:35:12","date_gmt":"2025-07-23T07:35:12","guid":{"rendered":"https:\/\/www.europesays.com\/fr\/267478\/"},"modified":"2025-07-23T07:35:12","modified_gmt":"2025-07-23T07:35:12","slug":"acier-lunion-europeenne-se-prepare-a-rehausser-les-barrieres-a-limportation","status":"publish","type":"post","link":"https:\/\/www.europesays.com\/fr\/267478\/","title":{"rendered":"Acier\u00a0: L\u2019Union europ\u00e9enne se pr\u00e9pare \u00e0 rehausser les barri\u00e8res \u00e0 l\u2019importation"},"content":{"rendered":"<p>La Commission europ\u00e9enne a lanc\u00e9 le 18 juillet une consultation publique sur un projet de mesure visant \u00e0 r\u00e9duire drastiquement les importations d\u2019acier dans l\u2019Union europ\u00e9enne (UE) afin de sauvegarder son industrie sid\u00e9rurgique. Revue de d\u00e9tail dans cet article propos\u00e9 par notre partenaire\u00a0La newsletter BLOCS. La Commission europ\u00e9enne est pr\u00eate \u00e0 muscler consid\u00e9rablement ses d\u00e9fenses [\u2026]<\/p>\n","protected":false},"excerpt":{"rendered":"La Commission europ\u00e9enne a lanc\u00e9 le 18 juillet une consultation publique sur un projet de mesure visant \u00e0&hellip;\n","protected":false},"author":2,"featured_media":267479,"comment_status":"","ping_status":"","sticky":false,"template":"","format":"standard","meta":{"footnotes":""},"categories":[1586],"tags":[7662,11,2160,40690,1777,674,1779,1011,27,12,40691,25,1778,364],"class_list":{"0":"post-267478","1":"post","2":"type-post","3":"status-publish","4":"format-standard","5":"has-post-thumbnail","7":"category-europe","8":"tag-acier","9":"tag-actualites","10":"tag-commerce-international","11":"tag-defense-commerciale","12":"tag-eu","13":"tag-europe","14":"tag-european-union","15":"tag-fr","16":"tag-france","17":"tag-news","18":"tag-politique-commerciale","19":"tag-republique-francaise","20":"tag-ue","21":"tag-union-europeenne"},"share_on_mastodon":{"url":"https:\/\/pubeurope.com\/@fr\/114901400226731053","error":""},"_links":{"self":[{"href":"https:\/\/www.europesays.com\/fr\/wp-json\/wp\/v2\/posts\/267478","targetHints":{"allow":["GET"]}}],"collection":[{"href":"https:\/\/www.europesays.com\/fr\/wp-json\/wp\/v2\/posts"}],"about":[{"href":"https:\/\/www.europesays.com\/fr\/wp-json\/wp\/v2\/types\/post"}],"author":[{"embeddable":true,"href":"https:\/\/www.europesays.com\/fr\/wp-json\/wp\/v2\/users\/2"}],"replies":[{"embeddable":true,"href":"https:\/\/www.europesays.com\/fr\/wp-json\/wp\/v2\/comments?post=267478"}],"version-history":[{"count":0,"href":"https:\/\/www.europesays.com\/fr\/wp-json\/wp\/v2\/posts\/267478\/revisions"}],"wp:featuredmedia":[{"embeddable":true,"href":"https:\/\/www.europesays.com\/fr\/wp-json\/wp\/v2\/media\/267479"}],"wp:attachment":[{"href":"https:\/\/www.europesays.com\/fr\/wp-json\/wp\/v2\/media?parent=267478"}],"wp:term":[{"taxonomy":"category","embeddable":true,"href":"https:\/\/www.europesays.com\/fr\/wp-json\/wp\/v2\/categories?post=267478"},{"taxonomy":"post_tag","embeddable":true,"href":"https:\/\/www.europesays.com\/fr\/wp-json\/wp\/v2\/tags?post=267478"}],"curies":[{"name":"wp","href":"https:\/\/api.w.org\/{rel}","templated":true}]}}