{"id":267492,"date":"2025-07-23T07:44:13","date_gmt":"2025-07-23T07:44:13","guid":{"rendered":"https:\/\/www.europesays.com\/fr\/267492\/"},"modified":"2025-07-23T07:44:13","modified_gmt":"2025-07-23T07:44:13","slug":"joan-mir-sort-de-ses-gonds-a-brno-je-ne-crois-pas-en-la-malchance","status":"publish","type":"post","link":"https:\/\/www.europesays.com\/fr\/267492\/","title":{"rendered":"Joan Mir sort de ses gonds \u00e0 Brno : \u00ab Je ne crois pas en la malchance \u00bb"},"content":{"rendered":"<p class=\"my-0\">Apr\u00e8s un Sprint d\u00e9cevant, Alex Marquez n\u2019est pas parvenu \u00e0 sauver son week-end \u00e0 Brno en Course. Victime d\u2019un accrochage avec Joan Mir, les deux hommes se sont retrouv\u00e9s au sol, ce qui a mis un terme \u00e0 leur week-end respectif pr\u00e9matur\u00e9ment.<\/p>\n<p class=\"my-0\">Alors que le peloton n\u00e9gociait les premiers tours de la longue course sur le circuit de Brno, Alex Marquez, parti en retrait sur la grille, a tent\u00e9 de sonder une potentielle ouverture sur Joan Mir. Positionn\u00e9 trop \u00e0 l\u2019int\u00e9rieur \u00e0 l\u2019approche d\u2019un virage, le pilote Gresini a perdu l\u2019avant de sa Ducati, glissant et emportant dans sa chute l\u2019Espagnol du team Honda.<\/p>\n<p class=\"my-0\">Alex Marquez a malgr\u00e9 tout assum\u00e9 sa responsabilit\u00e9 \u00e0 chaud, sur <a href=\"https:\/\/www.motogp.com\/en\/news\/2025\/07\/21\/talking-points-i-think-i-made-the-right-decision\/755319\" rel=\"nofollow noopener\" target=\"_blank\">MotoGP.com<\/a>. \u00ab\u202fJ\u2019ai commis une erreur. Ce n\u2019\u00e9tait pas l\u2019endroit pour tenter quelque chose, je voulais seulement voir si c\u2019\u00e9tait une zone possible pour doubler, mais j\u2019\u00e9tais trop \u00e0 l\u2019int\u00e9rieur, j\u2019ai perdu l\u2019avant et malheureusement j\u2019ai touch\u00e9 Joan, qui est tomb\u00e9 aussi. C\u2019est de l\u2019exp\u00e9rience \u00e0 prendre : quand on part de loin sur la grille, il faut savoir \u00eatre plus patient.\u202f\u00bb<\/p>\n<p>Les commissaires n\u2019ont pas non plus tard\u00e9 \u00e0 se trancher, et il fut, sans surprise, reconnu coupable. Il \u00e9cope donc d\u2019une p\u00e9nalit\u00e9 de Long Lap \u00e0 purger d\u00e8s la prochaine manche, en Autriche. Une sanction logique.<\/p>\n<p class=\"my-0\">Cette sortie de piste, et la p\u00e9nalit\u00e9 qui en d\u00e9coule, ne sont pas anodines dans la course au titre. D\u00e9sormais, Alex Marquez pointe \u00e0 120 points de son fr\u00e8re a\u00een\u00e9 Marc, leader incontest\u00e9 et dominateur de la premi\u00e8re moiti\u00e9 de saison. Cet incident rel\u00e8gue le pilote Gresini loin, tr\u00e8s loin, du haut du classement et hypoth\u00e8que en partie ses chances de le voir revenir dans la lutte finale pour la couronne mondiale.<\/p>\n<p>Mir en col\u00e8re contre Marquez<\/p>\n<p class=\"my-0\">De son c\u00f4t\u00e9, son compatriote Joan Mir n\u2019\u00e9tait pas tr\u00e8s content de la manoeuvre du n\u00b073. Frustr\u00e9 par cet accrochage, le champion du monde 2020 a mis en avant le manque de lucidit\u00e9 d\u2019Alex Marquez. Selon lui, le d\u00e9s\u00e9quilibre technique qui s\u00e9pare actuellement Ducati et Honda aurait d\u00fb \u00eatre calcul\u00e9 par son adversaire dans sa tentative.<\/p>\n<p class=\"my-0\">\u00ab Je ne crois pas \u00e0 la malchance, confie-t-il \u00e0 son tour. Je pense que nous sommes dans une situation o\u00f9 nous nous battons contre d\u2019autres motos qui roulent 5 \u00e0 10 km\/h plus vite que nous dans les lignes droites, et au final, on arrive dans la zone de freinage en position d\u00e9favorable par rapport aux autres. Donc, si le gars derri\u00e8re vous est un peu plus optimiste qu\u2019il ne devrait l\u2019\u00eatre, cela peut arriver. \u00bb<\/p>\n<p>Le pilote Honda enregistre ainsi son huiti\u00e8me abandon en douze dimanches cette saison. Une situation qui pourrait compromettre son avenir \u00e0 l\u2019heure o\u00f9 le jeu le mercato pour la saison 2026 de <a href=\"https:\/\/www.autohebdo.fr\/actualites\/motogp\" data-internallinksmanager029f6b8e52c=\"4\" title=\"MotoGP\" rel=\"nofollow noopener\" target=\"_blank\">MotoGP<\/a> s\u2019anime.<\/p>\n<p><strong>\u00c0 LIRE AUSSI &gt;\u00a0<a href=\"https:\/\/www.autohebdo.fr\/actualites\/motogp\/marco-bezzecchi-na-meme-pas-envisage-de-contrer-marc-marquez.html\" rel=\"nofollow noopener\" target=\"_blank\">Marco Bezzecchi n\u2019a m\u00eame pas envisag\u00e9 de contrer Marc M\u00e1rquez<\/a><\/strong><\/p>\n","protected":false},"excerpt":{"rendered":"Apr\u00e8s un Sprint d\u00e9cevant, Alex Marquez n\u2019est pas parvenu \u00e0 sauver son week-end \u00e0 Brno en Course. Victime&hellip;\n","protected":false},"author":2,"featured_media":267493,"comment_status":"","ping_status":"","sticky":false,"template":"","format":"standard","meta":{"footnotes":""},"categories":[1413],"tags":[1011,27,1457,1456,60],"class_list":{"0":"post-267492","1":"post","2":"type-post","3":"status-publish","4":"format-standard","5":"has-post-thumbnail","7":"category-moto","8":"tag-fr","9":"tag-france","10":"tag-moto","11":"tag-motocycle","12":"tag-sports"},"share_on_mastodon":{"url":"https:\/\/pubeurope.com\/@fr\/114901435301590062","error":""},"_links":{"self":[{"href":"https:\/\/www.europesays.com\/fr\/wp-json\/wp\/v2\/posts\/267492","targetHints":{"allow":["GET"]}}],"collection":[{"href":"https:\/\/www.europesays.com\/fr\/wp-json\/wp\/v2\/posts"}],"about":[{"href":"https:\/\/www.europesays.com\/fr\/wp-json\/wp\/v2\/types\/post"}],"author":[{"embeddable":true,"href":"https:\/\/www.europesays.com\/fr\/wp-json\/wp\/v2\/users\/2"}],"replies":[{"embeddable":true,"href":"https:\/\/www.europesays.com\/fr\/wp-json\/wp\/v2\/comments?post=267492"}],"version-history":[{"count":0,"href":"https:\/\/www.europesays.com\/fr\/wp-json\/wp\/v2\/posts\/267492\/revisions"}],"wp:featuredmedia":[{"embeddable":true,"href":"https:\/\/www.europesays.com\/fr\/wp-json\/wp\/v2\/media\/267493"}],"wp:attachment":[{"href":"https:\/\/www.europesays.com\/fr\/wp-json\/wp\/v2\/media?parent=267492"}],"wp:term":[{"taxonomy":"category","embeddable":true,"href":"https:\/\/www.europesays.com\/fr\/wp-json\/wp\/v2\/categories?post=267492"},{"taxonomy":"post_tag","embeddable":true,"href":"https:\/\/www.europesays.com\/fr\/wp-json\/wp\/v2\/tags?post=267492"}],"curies":[{"name":"wp","href":"https:\/\/api.w.org\/{rel}","templated":true}]}}