{"id":267498,"date":"2025-07-23T07:47:10","date_gmt":"2025-07-23T07:47:10","guid":{"rendered":"https:\/\/www.europesays.com\/fr\/267498\/"},"modified":"2025-07-23T07:47:10","modified_gmt":"2025-07-23T07:47:10","slug":"rwdm-le-derby-des-decus-de-textor","status":"publish","type":"post","link":"https:\/\/www.europesays.com\/fr\/267498\/","title":{"rendered":"RWDM : le derby des d\u00e9\u00e7us de Textor"},"content":{"rendered":"<p>                            <img width=\"770\" height=\"433\" src=\"https:\/\/www.europesays.com\/fr\/wp-content\/uploads\/2025\/07\/F1uhVWqX0AQC0CX-e1753188050830-770x433.jpeg\" class=\"attachment-article size-article wp-post-image\" alt=\"Le fanion du match amical en 2023 entre le RWDM et l'OL\" decoding=\"async\" fetchpriority=\"high\"  \/><\/p>\n<p>Le fanion du match amical en 2023 entre le RWDM et l\u2019OL<\/p>\n<p>Ce mercredi (10h30), l\u2019OL joue son deuxi\u00e8me match de pr\u00e9paration contre le RWDM Brussels. Une rencontre qui porte encore le sceau de John Textor au sein de deux clubs remont\u00e9s contre leur propri\u00e9taire.<\/p>\n<p>Il y a deux ans, la pr\u00e9paration estivale de l\u2019OL avait ressembl\u00e9 \u00e0 une tourn\u00e9e \u00e0 la sauce Eagle Football. Ayant pris les commandes du club quelques mois plus t\u00f4t, John <strong>Textor<\/strong> avait alors murmur\u00e9 ou insist\u00e9 pour voir les hommes de Laurent <strong>Blanc<\/strong> affronter coup sur coup le <strong>RWD Molenbeek <\/strong>et<strong> Crystal Palace<\/strong>. Deux confrontations qui n\u2019avaient pas eu le r\u00e9sultat esp\u00e9r\u00e9 pour la formation lyonnaise. Deux d\u00e9faites qui avaient plus ou moins scell\u00e9 le sort de l&rsquo;entra\u00eeneur fran\u00e7ais dans l\u2019esprit du propri\u00e9taire am\u00e9ricain. Vingt-quatre mois plus tard, Textor ne sera pas \u00e0 D\u00e9cines pour gambader et faire le fier comme il avait pu le faire au Machtens.\u00a0<\/p>\n<p>Ce mercredi, \u00e0 l\u2019occasion d\u2019OL &#8211; RWDM Brussels, le patron d\u2019Eagle brillera par son ambiance. Car il est devenu persona non grata dans la capitale des Gaules et que sa pr\u00e9sence n\u2019est plus vraiment la bienvenue en France, pas plus qu\u2019en Belgique d\u2019ailleurs.\u00a0Comme \u00e0 D\u00e9cines, les supporters belges ont manifest\u00e9 leur m\u00e9contentement ces derni\u00e8res semaines. \u00ab\u00a0L\u2019histoire du logo et du nom a d\u00e9finitivement cass\u00e9 quelque chose avec les supporters,\u00a0nous confie Alain, fid\u00e8le du RWDM et\u00a0<a href=\"https:\/\/x.com\/AlainMeskens\" rel=\"nofollow\">tr\u00e8s actif sur X\u00a0<\/a>pour mener la fronde contre Textor.\u00a0Depuis le r\u00e9trop\u00e9dalage, les choses se sont calm\u00e9es, mais on ne parle plus de confiance, elle n\u2019existe plus.\u00a0\u00bb<\/p>\n<p>Le RWDM, la \u00ab\u00a0poubelle d&rsquo;Eagle\u00a0\u00bb<\/p>\n<p>Ce mercredi, la rencontre entre les deux membres d\u2019Eagle sera celle des d\u00e9\u00e7us de la galaxie. Avec la <a href=\"https:\/\/www.olympique-et-lyonnais.com\/entre-kang-et-textor-qui-a-desormais-le-dernier-mot-a-lol,370353.html\" rel=\"nofollow noopener\" target=\"_blank\">prise de contr\u00f4le<\/a> de Michele <strong>Kang<\/strong> et Ares, l\u2019OL est plus que jamais \u00e9loign\u00e9 des agissements au quotidien de Textor. Il faudra attendre encore un peu pour le voir d\u00e9finitivement hors-jeu, mais la situation est bien diff\u00e9rente \u00e0 Molenbeek. Comme il est souvent d\u2019usage dans un divorce, la garde altern\u00e9e met en avant le chouchou et les autres. Pour John Textor, le num\u00e9ro 1 est connu depuis longtemps. Il se nomme <strong>Botafogo<\/strong>, mais il ne serait pas contre garder le contr\u00f4le chez le club belge. Quand l\u2019<strong>OL<\/strong> a \u00e9t\u00e9 la vache \u00e0 lait du club de Rio, les supporters de <strong>Molenbeek<\/strong> ont eux la sensation d\u2019\u00eatre la cinqui\u00e8me roue du carrosse.<\/p>\n<p>Si le terme peut \u00eatre dur \u00e0 entendre, les Belges ont bien l\u2019impression\u00a0\u00ab\u00a0d\u2019\u00eatre la poubelle d\u2019Eagle. Certains ne voyaient pas d\u2019un mauvais \u0153il la position du club, pouvant profiter du pr\u00eat de certains jeunes. Mais avec les \u00e9v\u00e8nements de juin, il est impossible de continuer avec Textor.\u00a0\u00bb\u00a0Comme \u00e0 D\u00e9cines, l\u2019Am\u00e9ricain a jou\u00e9 les directeurs sportifs novices, prenant des d\u00e9cisions \u00e0 la h\u00e2te, au point que le RWDM n\u2019a toujours pas de coach \u00e0 trois semaines de la reprise. Plusieurs noms ont \u00e9t\u00e9 cit\u00e9s comme Yaya <strong>Tour\u00e9<\/strong>, mais la r\u00e9pulsion du Floridien le pr\u00e9c\u00e8de d\u00e9sormais et on y r\u00e9fl\u00e9chit \u00e0 deux fois avant de se lancer dans une aventure avec lui.<\/p>\n<p>Les r\u00e9ussites Laaziri et Halifa<\/p>\n<p>\u00c0 10h30, l\u2019ombre du fantasque propri\u00e9taire planera forc\u00e9ment au-dessus du terrain G\u00e9rard <strong>Houllier<\/strong>, qu\u2019on le veuille ou non.\u00a0\u00ab\u00a0On se soutient dans notre malheur commun\u00a0\u00bb, sourit jaune notre fan belge. Mais, c\u2019est bien sur le terrain que les deux \u00e9quipes tenteront de faire vent de leurs qualit\u00e9s. Pendant 90 minutes, certains auront le plaisir de <a href=\"https:\/\/www.olympique-et-lyonnais.com\/contre-le-rwdm-brussels-lol-retrouvera-el-arouch,372412.html\" rel=\"nofollow noopener\" target=\"_blank\">retrouver<\/a> Mohamed<strong> El Arouch<\/strong>, qui tente de se relancer en Belgique depuis six mois, tandis qu\u2019Achraf <strong>Laaziri<\/strong>, \u00e0 d\u00e9faut d\u2019Islam <strong>Halifa<\/strong> d\u00e9j\u00e0 redescendu avec la r\u00e9serve, retrouvera d\u2019anciens co\u00e9quipiers de la saison pass\u00e9e.<\/p>\n<p>Le Marocain et son comp\u00e8re du milieu \u00e9taient d\u2019ailleurs les deux meilleurs exemples de la synergie voulue au sein d\u2019Eagle Football. Une strat\u00e9gie \u00e0 la r\u00e9ussite malgr\u00e9 tout plus que limit\u00e9e.\u00a0\u00ab\u00a0Laaziri et Halifa ont fait beaucoup de bien \u00e0 l\u2019image de la coop\u00e9ration avec l\u2019OL. Il y a deux ans, c\u2019\u00e9tait tout sauf une r\u00e9ussite avec des joueurs (Florent <strong>Sanchez<\/strong> notamment) \u00e0 l\u2019engagement presque inexistant. Eux ont mouill\u00e9 le maillot et j\u2019esp\u00e8re qu\u2019ils auront leur chance gr\u00e2ce \u00e0 nous.\u00a0\u00bb\u00a0Histoire que cette parenth\u00e8se Textor ait au moins apport\u00e9 quelque chose d\u2019un peu positif.<\/p>\n","protected":false},"excerpt":{"rendered":"Le fanion du match amical en 2023 entre le RWDM et l\u2019OL Ce mercredi (10h30), l\u2019OL joue son&hellip;\n","protected":false},"author":2,"featured_media":267499,"comment_status":"","ping_status":"","sticky":false,"template":"","format":"standard","meta":{"footnotes":""},"categories":[1410],"tags":[63,1011,27,241,978,60],"class_list":{"0":"post-267498","1":"post","2":"type-post","3":"status-publish","4":"format-standard","5":"has-post-thumbnail","7":"category-football","8":"tag-football","9":"tag-fr","10":"tag-france","11":"tag-ol","12":"tag-olympique-lyonnais","13":"tag-sports"},"share_on_mastodon":{"url":"https:\/\/pubeurope.com\/@fr\/114901447070709361","error":""},"_links":{"self":[{"href":"https:\/\/www.europesays.com\/fr\/wp-json\/wp\/v2\/posts\/267498","targetHints":{"allow":["GET"]}}],"collection":[{"href":"https:\/\/www.europesays.com\/fr\/wp-json\/wp\/v2\/posts"}],"about":[{"href":"https:\/\/www.europesays.com\/fr\/wp-json\/wp\/v2\/types\/post"}],"author":[{"embeddable":true,"href":"https:\/\/www.europesays.com\/fr\/wp-json\/wp\/v2\/users\/2"}],"replies":[{"embeddable":true,"href":"https:\/\/www.europesays.com\/fr\/wp-json\/wp\/v2\/comments?post=267498"}],"version-history":[{"count":0,"href":"https:\/\/www.europesays.com\/fr\/wp-json\/wp\/v2\/posts\/267498\/revisions"}],"wp:featuredmedia":[{"embeddable":true,"href":"https:\/\/www.europesays.com\/fr\/wp-json\/wp\/v2\/media\/267499"}],"wp:attachment":[{"href":"https:\/\/www.europesays.com\/fr\/wp-json\/wp\/v2\/media?parent=267498"}],"wp:term":[{"taxonomy":"category","embeddable":true,"href":"https:\/\/www.europesays.com\/fr\/wp-json\/wp\/v2\/categories?post=267498"},{"taxonomy":"post_tag","embeddable":true,"href":"https:\/\/www.europesays.com\/fr\/wp-json\/wp\/v2\/tags?post=267498"}],"curies":[{"name":"wp","href":"https:\/\/api.w.org\/{rel}","templated":true}]}}