{"id":267502,"date":"2025-07-23T07:49:17","date_gmt":"2025-07-23T07:49:17","guid":{"rendered":"https:\/\/www.europesays.com\/fr\/267502\/"},"modified":"2025-07-23T07:49:17","modified_gmt":"2025-07-23T07:49:17","slug":"blies-ebersing-mathieu-schlosser-lagriculteur-sculpteur-qui-fait-rimer-ferme-et-art","status":"publish","type":"post","link":"https:\/\/www.europesays.com\/fr\/267502\/","title":{"rendered":"Blies-\u00c9bersing. Mathieu Schlosser, l\u2019agriculteur sculpteur qui fait rimer ferme et art"},"content":{"rendered":"<p>Son histoire avec la cr\u00e9ation remonte \u00e0 l\u2019enfance. \u00ab \u00c0 12-13 ans, je passais tout mon temps \u00e0 dessiner, j\u2019adorais \u00e7a \u00bb, se souvient-il. \u00c0 l\u2019\u00e9cole d\u00e9j\u00e0, ses cahiers \u00e9taient couverts de croquis. Mais la vie \u00e0 la ferme, les responsabilit\u00e9s et le quotidien ont peu \u00e0 peu mis cette passion entre parenth\u00e8ses. Jusqu\u2019\u00e0 un d\u00e9clic, il y a deux ans.<\/p>\n<p>Pour les 90 ans de son grand-p\u00e8re, Mathieu cherche une id\u00e9e de cadeau. Il d\u00e9cide de confectionner un tracteur et une charrue en bois. Une&#8230;<\/p>\n","protected":false},"excerpt":{"rendered":"Son histoire avec la cr\u00e9ation remonte \u00e0 l\u2019enfance. \u00ab \u00c0 12-13 ans, je passais tout mon temps \u00e0&hellip;\n","protected":false},"author":2,"featured_media":267503,"comment_status":"","ping_status":"","sticky":false,"template":"","format":"standard","meta":{"footnotes":""},"categories":[1358],"tags":[1348,1384,1385,40694,40695,1687,1386,58,6114,59,1011,27,104],"class_list":{"0":"post-267502","1":"post","2":"type-post","3":"status-publish","4":"format-standard","5":"has-post-thumbnail","7":"category-arts-et-design","8":"tag-arts","9":"tag-arts-and-design","10":"tag-arts-et-design","11":"tag-blies-ebersing","12":"tag-ca-sarreguemines-confluences-57d2","13":"tag-culture-loisirs","14":"tag-design","15":"tag-divertissement","16":"tag-edition-sarreguemines-bitche","17":"tag-entertainment","18":"tag-fr","19":"tag-france","20":"tag-societe"},"share_on_mastodon":{"url":"https:\/\/pubeurope.com\/@fr\/114901454906597249","error":""},"_links":{"self":[{"href":"https:\/\/www.europesays.com\/fr\/wp-json\/wp\/v2\/posts\/267502","targetHints":{"allow":["GET"]}}],"collection":[{"href":"https:\/\/www.europesays.com\/fr\/wp-json\/wp\/v2\/posts"}],"about":[{"href":"https:\/\/www.europesays.com\/fr\/wp-json\/wp\/v2\/types\/post"}],"author":[{"embeddable":true,"href":"https:\/\/www.europesays.com\/fr\/wp-json\/wp\/v2\/users\/2"}],"replies":[{"embeddable":true,"href":"https:\/\/www.europesays.com\/fr\/wp-json\/wp\/v2\/comments?post=267502"}],"version-history":[{"count":0,"href":"https:\/\/www.europesays.com\/fr\/wp-json\/wp\/v2\/posts\/267502\/revisions"}],"wp:featuredmedia":[{"embeddable":true,"href":"https:\/\/www.europesays.com\/fr\/wp-json\/wp\/v2\/media\/267503"}],"wp:attachment":[{"href":"https:\/\/www.europesays.com\/fr\/wp-json\/wp\/v2\/media?parent=267502"}],"wp:term":[{"taxonomy":"category","embeddable":true,"href":"https:\/\/www.europesays.com\/fr\/wp-json\/wp\/v2\/categories?post=267502"},{"taxonomy":"post_tag","embeddable":true,"href":"https:\/\/www.europesays.com\/fr\/wp-json\/wp\/v2\/tags?post=267502"}],"curies":[{"name":"wp","href":"https:\/\/api.w.org\/{rel}","templated":true}]}}