{"id":267504,"date":"2025-07-23T07:50:11","date_gmt":"2025-07-23T07:50:11","guid":{"rendered":"https:\/\/www.europesays.com\/fr\/267504\/"},"modified":"2025-07-23T07:50:11","modified_gmt":"2025-07-23T07:50:11","slug":"raon-letape-une-nouvelle-boite-a-livres-installee-devant-la-gare","status":"publish","type":"post","link":"https:\/\/www.europesays.com\/fr\/267504\/","title":{"rendered":"Raon-l&rsquo;Etape \u2013 Une nouvelle bo\u00eete \u00e0 livres install\u00e9e devant la gare"},"content":{"rendered":"<p>\t\t\t\t\t\t\t\t<a href=\"https:\/\/vosgesinfo.fr\/app\/uploads\/sites\/4\/2025\/07\/raon-letape-boite-livres-1.jpg\" data-slb-active=\"1\" data-slb-asset=\"488192470\" data-slb-internal=\"0\" data-slb-group=\"slb\" target=\"_blank\" rel=\"noopener\"><img aria-describedby=\"caption-attachment-80505\" decoding=\"async\" loading=\"lazy\" class=\"size-large wp-image-80505\" src=\"https:\/\/www.europesays.com\/fr\/wp-content\/uploads\/2025\/07\/raon-letape-boite-livres-1-1024x772.jpg\" alt=\"\" width=\"1024\" height=\"772\"  \/><\/a><\/p>\n<p id=\"caption-attachment-80505\" class=\"wp-caption-text\">(Photographie Ville de Raon-l\u2019Etape)<\/p>\n<p><strong>Une nouvelle bo\u00eete \u00e0 livres a \u00e9t\u00e9 install\u00e9e devant la gare de Raon-l\u2019\u00c9tape<\/strong> par les agents des services techniques municipaux. Elle remplace celle qui avait \u00e9t\u00e9 <strong>d\u00e9truite r\u00e9cemment par un acte de malveillance<\/strong>.<\/p>\n<p>Cette installation s\u2019inscrit dans une volont\u00e9 de <strong>favoriser l\u2019acc\u00e8s \u00e0 la lecture pour tous<\/strong>, dans un esprit de partage. Chacun est libre de <strong>prendre, lire ou d\u00e9poser un livre<\/strong>, \u00e0 tout moment. La Ville de Raon-l\u2019Etape remercie <strong>les agents mobilis\u00e9s pour cette remise en place.<\/strong><\/p>\n<p><a href=\"https:\/\/vosgesinfo.fr\/app\/uploads\/sites\/4\/2025\/07\/raon-letape-boite-livres-2.jpg\" data-slb-active=\"1\" data-slb-asset=\"1668417902\" data-slb-internal=\"0\" data-slb-group=\"slb\" target=\"_blank\" rel=\"noopener\"><img decoding=\"async\" loading=\"lazy\" class=\"alignnone size-large wp-image-80506\" src=\"https:\/\/www.europesays.com\/fr\/wp-content\/uploads\/2025\/07\/raon-letape-boite-livres-2-725x1024.jpg\" alt=\"\" width=\"725\" height=\"1024\"  \/><\/a><\/p>\n","protected":false},"excerpt":{"rendered":"(Photographie Ville de Raon-l\u2019Etape) Une nouvelle bo\u00eete \u00e0 livres a \u00e9t\u00e9 install\u00e9e devant la gare de Raon-l\u2019\u00c9tape par&hellip;\n","protected":false},"author":2,"featured_media":267505,"comment_status":"","ping_status":"","sticky":false,"template":"","format":"standard","meta":{"footnotes":""},"categories":[1357],"tags":[40696,1379,58,59,1011,27,40697,1380,40698,40699,40700],"class_list":{"0":"post-267504","1":"post","2":"type-post","3":"status-publish","4":"format-standard","5":"has-post-thumbnail","7":"category-livres","8":"tag-boite-a-livres","9":"tag-books","10":"tag-divertissement","11":"tag-entertainment","12":"tag-fr","13":"tag-france","14":"tag-gare-de-raon-letape","15":"tag-livres","16":"tag-raon-letape","17":"tag-une-nouvelle-boite-a-livres-installee-devant-la-gare-de-raon-letape","18":"tag-ville-de-raon-letape"},"share_on_mastodon":{"url":"https:\/\/pubeurope.com\/@fr\/114901459084675846","error":""},"_links":{"self":[{"href":"https:\/\/www.europesays.com\/fr\/wp-json\/wp\/v2\/posts\/267504","targetHints":{"allow":["GET"]}}],"collection":[{"href":"https:\/\/www.europesays.com\/fr\/wp-json\/wp\/v2\/posts"}],"about":[{"href":"https:\/\/www.europesays.com\/fr\/wp-json\/wp\/v2\/types\/post"}],"author":[{"embeddable":true,"href":"https:\/\/www.europesays.com\/fr\/wp-json\/wp\/v2\/users\/2"}],"replies":[{"embeddable":true,"href":"https:\/\/www.europesays.com\/fr\/wp-json\/wp\/v2\/comments?post=267504"}],"version-history":[{"count":0,"href":"https:\/\/www.europesays.com\/fr\/wp-json\/wp\/v2\/posts\/267504\/revisions"}],"wp:featuredmedia":[{"embeddable":true,"href":"https:\/\/www.europesays.com\/fr\/wp-json\/wp\/v2\/media\/267505"}],"wp:attachment":[{"href":"https:\/\/www.europesays.com\/fr\/wp-json\/wp\/v2\/media?parent=267504"}],"wp:term":[{"taxonomy":"category","embeddable":true,"href":"https:\/\/www.europesays.com\/fr\/wp-json\/wp\/v2\/categories?post=267504"},{"taxonomy":"post_tag","embeddable":true,"href":"https:\/\/www.europesays.com\/fr\/wp-json\/wp\/v2\/tags?post=267504"}],"curies":[{"name":"wp","href":"https:\/\/api.w.org\/{rel}","templated":true}]}}