{"id":267516,"date":"2025-07-23T07:56:09","date_gmt":"2025-07-23T07:56:09","guid":{"rendered":"https:\/\/www.europesays.com\/fr\/267516\/"},"modified":"2025-07-23T07:56:09","modified_gmt":"2025-07-23T07:56:09","slug":"brigitte-macron-les-deuils-senchainent-sa-niece-a-disparu","status":"publish","type":"post","link":"https:\/\/www.europesays.com\/fr\/267516\/","title":{"rendered":"Brigitte Macron, les deuils s\u2019encha\u00eenent : sa ni\u00e8ce a disparu"},"content":{"rendered":"<p>      R\u00e9sum\u00e9<\/p>\n<p>Brigitte Macron traverse une p\u00e9riode difficile avec la disparition r\u00e9cente de sa ni\u00e8ce, apr\u00e8s celle de sa s\u0153ur a\u00een\u00e9e, tout en restant proche de sa famille malgr\u00e9 ses devoirs officiels.<\/p>\n<p>        Sommaire<\/p>\n<p><a href=\"https:\/\/www.public.fr\/tag\/brigitte-macron\" rel=\"nofollow noopener\" target=\"_blank\"><strong>Brigitte<\/strong> <strong>Macron<\/strong><\/a> traverse une p\u00e9riode particuli\u00e8rement \u00e9prouvante. Apr\u00e8s avoir <a href=\"https:\/\/www.public.fr\/brigitte-macron-en-deuil-sa-soeur-anne-marie-meurt-a-93-ans\" rel=\"nofollow noopener\" target=\"_blank\">perdu sa s\u0153ur a\u00een\u00e9e Anne-Marie (93 ans)<\/a> dans la nuit du 2 au 3 juillet dernier, l&rsquo;\u00e9pouse du pr\u00e9sident de la R\u00e9publique est confront\u00e9e \u00e0 un nouveau deuil. <\/p>\n<p>Selon les informations mises en ligne par Gala ce mercredi, <strong>Christine Hacquin, sa ni\u00e8ce (la fille d&rsquo;Anne-Marie, ndlr), est d\u00e9c\u00e9d\u00e9e le samedi 19 juillet \u00e0 l&rsquo;\u00e2ge de 68 ans<\/strong>.<\/p>\n<p>Brigitte Macron : un soutien de taille pour sa ni\u00e8ce malade<\/p>\n<p>N\u00e9e Boulogne, <strong>Christine Hacquin luttait depuis plusieurs ann\u00e9es contre une longue maladie. <\/strong>Elle \u00e9tait soign\u00e9e en r\u00e9gion parisienne, et son \u00e9tat s&rsquo;est r\u00e9cemment d\u00e9grad\u00e9, rapportent nos confr\u00e8res. <\/p>\n<p>Tr\u00e8s attach\u00e9e \u00e0 sa famille, Brigitte Macron n&rsquo;a pas h\u00e9sit\u00e9 \u00e0 se rendre \u00e0 son chevet dans les derniers jours de sa vie. <\/p>\n<p>\u00ab\u00a0<strong>Comme elle l&rsquo;a fait r\u00e9cemment avec son a\u00een\u00e9e Anne-Marie, Brigitte Macron \u00e9tait au chevet de sa ni\u00e8ce pour ses derniers jours et lui faire ses adieux en toute intimit\u00e9<\/strong>\u00ab\u00a0, pr\u00e9cise Gala.<\/p>\n<p>Tr\u00e8s pudique sur sa vie personnelle, Brigitte Macron traverse ces drames loin du tumulte m\u00e9diatique. Ces pertes coup sur coup rendent l&rsquo;\u00e9t\u00e9 particuli\u00e8rement lourd pour la Premi\u00e8re dame, entre douleur et souvenirs. Malgr\u00e9 ses obligations \u00e0 l&rsquo;\u00c9lys\u00e9e, elle n&rsquo;a pas h\u00e9sit\u00e9 \u00e0 s&rsquo;effacer pour \u00eatre aupr\u00e8s des siens dans ces moments de profonde tristesse. <\/p>\n<p>Trois d\u00e9c\u00e8s dans la fratrie<\/p>\n<p>Rappelons en effet qu&rsquo;apr\u00e8s le d\u00e9c\u00e8s de sa s\u0153ur a\u00een\u00e9e, Brigitte Macron s&rsquo;est rendue \u00e0 Amiens pour lui rendre un dernier hommage. Toujours selon Gala, les obs\u00e8ques d&rsquo;<strong>Anne-Marie<\/strong> se sont d\u00e9roul\u00e9es en toute discr\u00e9tion \u00e0 l&rsquo;\u00e9glise Saint-Martin, situ\u00e9e dans le quartier Henriville. L&rsquo;inhumation a ensuite eu lieu au cimeti\u00e8re Saint-Acheul ancien, un lieu charg\u00e9 d&rsquo;histoire pour la famille Macron-Trogneux.<\/p>\n<p>Face \u00e0 cette perte, <strong>Brigitte Macron a pu compter sur le soutien ind\u00e9fectible de son \u00e9poux<\/strong>. <a href=\"https:\/\/www.public.fr\/tag\/emmanuel-macron\" rel=\"nofollow noopener\" target=\"_blank\">Emmanuel Macron<\/a>, tr\u00e8s attach\u00e9 \u00e0 sa belle-famille, aurait tout fait pour l&rsquo;\u00e9pauler dans cette p\u00e9riode de deuil. <\/p>\n<p>Ce n&rsquo;est malheureusement pas la premi\u00e8re fois que l&rsquo;\u00e9pouse du pr\u00e9sident de la R\u00e9publique fait face \u00e0 un tel drame. Son fr\u00e8re <strong>Jean-Claude <\/strong>et sa s\u0153ur <strong>Maryvonne<\/strong> sont \u00e9galement d\u00e9c\u00e9d\u00e9s. <\/p>\n<p>      Mentionn\u00e9s dans cet article<\/p>\n<p>\u00c0 lire aussi<\/p>\n","protected":false},"excerpt":{"rendered":"R\u00e9sum\u00e9 Brigitte Macron traverse une p\u00e9riode difficile avec la disparition r\u00e9cente de sa ni\u00e8ce, apr\u00e8s celle de sa&hellip;\n","protected":false},"author":2,"featured_media":267517,"comment_status":"","ping_status":"","sticky":false,"template":"","format":"standard","meta":{"footnotes":""},"categories":[8],"tags":[986,1362,58,1073,59,1011,27],"class_list":{"0":"post-267516","1":"post","2":"type-post","3":"status-publish","4":"format-standard","5":"has-post-thumbnail","7":"category-divertissement","8":"tag-brigitte-macron","9":"tag-deuil","10":"tag-divertissement","11":"tag-emmanuel-macron","12":"tag-entertainment","13":"tag-fr","14":"tag-france"},"share_on_mastodon":{"url":"https:\/\/pubeurope.com\/@fr\/114901482600706123","error":""},"_links":{"self":[{"href":"https:\/\/www.europesays.com\/fr\/wp-json\/wp\/v2\/posts\/267516","targetHints":{"allow":["GET"]}}],"collection":[{"href":"https:\/\/www.europesays.com\/fr\/wp-json\/wp\/v2\/posts"}],"about":[{"href":"https:\/\/www.europesays.com\/fr\/wp-json\/wp\/v2\/types\/post"}],"author":[{"embeddable":true,"href":"https:\/\/www.europesays.com\/fr\/wp-json\/wp\/v2\/users\/2"}],"replies":[{"embeddable":true,"href":"https:\/\/www.europesays.com\/fr\/wp-json\/wp\/v2\/comments?post=267516"}],"version-history":[{"count":0,"href":"https:\/\/www.europesays.com\/fr\/wp-json\/wp\/v2\/posts\/267516\/revisions"}],"wp:featuredmedia":[{"embeddable":true,"href":"https:\/\/www.europesays.com\/fr\/wp-json\/wp\/v2\/media\/267517"}],"wp:attachment":[{"href":"https:\/\/www.europesays.com\/fr\/wp-json\/wp\/v2\/media?parent=267516"}],"wp:term":[{"taxonomy":"category","embeddable":true,"href":"https:\/\/www.europesays.com\/fr\/wp-json\/wp\/v2\/categories?post=267516"},{"taxonomy":"post_tag","embeddable":true,"href":"https:\/\/www.europesays.com\/fr\/wp-json\/wp\/v2\/tags?post=267516"}],"curies":[{"name":"wp","href":"https:\/\/api.w.org\/{rel}","templated":true}]}}