{"id":267524,"date":"2025-07-23T08:00:10","date_gmt":"2025-07-23T08:00:10","guid":{"rendered":"https:\/\/www.europesays.com\/fr\/267524\/"},"modified":"2025-07-23T08:00:10","modified_gmt":"2025-07-23T08:00:10","slug":"renvoyee-en-proces-pour-corruption-rachida-dati-dezingue-les-magistrats","status":"publish","type":"post","link":"https:\/\/www.europesays.com\/fr\/267524\/","title":{"rendered":"Renvoy\u00e9e en proc\u00e8s pour corruption, Rachida Dati d\u00e9zingue les magistrats"},"content":{"rendered":"<p>Une annonce qui ne passe pas du tout. Et une attaque en r\u00e8gle contre la Justice. Quelques heures apr\u00e8s avoir \u00e9t\u00e9 <a href=\"https:\/\/www.20minutes.fr\/justice\/4164813-20250722-rachida-dati-carlos-ghosn-renvoyes-proces-corruption\" class=\"color-ultramarine c-link\" target=\"_blank\" rel=\"noopener\">renvoy\u00e9e en correctionnelle pour corruption<\/a>, Rachida Dati, la ministre de la Culture, a violemment attaqu\u00e9 mardi soir les magistrats.<\/p>\n<p>L\u2019ex-Garde des Sceaux et ministre de la Justice s\u2019est montr\u00e9e tr\u00e8s offensive sur LCI contre ceux qui ont prononc\u00e9 le m\u00eame jour son renvoi en proc\u00e8s, aux c\u00f4t\u00e9s de l\u2019ex-patron de Renault-Nissan <a href=\"https:\/\/www.20minutes.fr\/economie\/carlos_ghosn\/\" class=\"color-ultramarine c-link\" target=\"_blank\" rel=\"noopener\">Carlos Ghosn<\/a>, pour corruption et trafic d\u2019influence.<\/p>\n<p>\u00ab\u00a0Une justice qui s\u2019est parfois mal comport\u00e9e\u00a0\u00bb<\/p>\n<p>Rachida Dati est soup\u00e7onn\u00e9e d\u2019avoir per\u00e7u 900.000 euros entre\u00a02010 et\u00a02012 pour des prestations de conseil act\u00e9es dans une convention d\u2019honoraires sign\u00e9e le 28\u00a0octobre 2009 avec RNBV, filiale de l\u2019alliance Renault-Nissan, mais sans avoir r\u00e9ellement travaill\u00e9, alors qu\u2019elle \u00e9tait avocate et d\u00e9put\u00e9e europ\u00e9enne (2009-2019).<\/p>\n<\/p>\n<p>Sur le plateau de la cha\u00eene de t\u00e9l\u00e9vision, la magistrate de formation a vilipend\u00e9 mardi soir des magistrats qui \u00ab\u00a0marchent\u00a0\u00bb sur les droits de la d\u00e9fense et perp\u00e9treraient des \u00ab\u00a0atteintes graves\u00a0\u00bb contre ces derniers.<\/p>\n<p>Insinuation d\u2019un coup politique avant les municipales<\/p>\n<p>Elle a d\u00e9nonc\u00e9 \u00e9galement \u00ab\u00a0une justice qui s\u2019est parfois mal comport\u00e9e envers certains de (s) es proches\u00a0\u00bb et le comportement de certains magistrats qui refuseraient, selon elle, \u00ab\u00a0de faire leur travail selon le code de proc\u00e9dure\u00a0\u00bb.<\/p>\n<p>Rachida Dati a par ailleurs d\u00e9clar\u00e9 qu&rsquo;\u00ab\u00a0il y a une co\u00efncidence en termes de calendrier\u00a0\u00bb pour sa <a href=\"https:\/\/www.20minutes.fr\/politique\/4161950-20250704-municipales-2026-paris-rachida-dati-aussi-candidate-macronistes\" class=\"color-ultramarine c-link\" target=\"_blank\" rel=\"noopener\">candidature \u00e0 la Mairie de Paris<\/a>. \u00ab\u00a0Il y a une commission d\u2019investiture lundi prochain s\u2019agissant de la circonscription dans laquelle la mairie du 7e (arrondissement de Paris) est concern\u00e9e et aujourd\u2019hui, je re\u00e7ois une ordonnance de renvoi. De la m\u00eame mani\u00e8re, en\u00a02019, l\u2019enqu\u00eate a \u00e9t\u00e9 ouverte au moment o\u00f9 j\u2019ai \u00e9t\u00e9 investie comme candidate \u00e0 la Mairie de Paris. Je pose \u00e7a sur la table\u00a0\u00bb, d\u00e9taille-t-elle.<\/p>\n<p>Dati maintenue au gouvernement<\/p>\n<p>L\u2019entourage d\u2019Emmanuel Macron a indiqu\u00e9, apr\u00e8s l\u2019annonce de ce renvoi annonc\u00e9 par une source judiciaire \u00e0 l\u2019AFP, que Rachida Dati \u00ab\u00a0poursui (vai) t son travail au gouvernement\u00a0\u00bb.<\/p>\n<p>Selon une source judiciaire, une premi\u00e8re audience est pr\u00e9vue le 29\u00a0septembre pour fixer la date du proc\u00e8s. D\u2019apr\u00e8s deux sources proches du dossier, un proc\u00e8s pourrait se tenir apr\u00e8s les <a href=\"https:\/\/www.20minutes.fr\/municipales\/\" class=\"color-ultramarine c-link\" target=\"_blank\" rel=\"noopener\">\u00e9lections municipales <\/a>pr\u00e9vues en mars\u00a02026.<\/p>\n","protected":false},"excerpt":{"rendered":"Une annonce qui ne passe pas du tout. Et une attaque en r\u00e8gle contre la Justice. Quelques heures&hellip;\n","protected":false},"author":2,"featured_media":267525,"comment_status":"","ping_status":"","sticky":false,"template":"","format":"standard","meta":{"footnotes":""},"categories":[4],"tags":[47,11,15328,1770,8773,1073,1011,27,418,662,303,5415,2381,3784,2616,12,626,316,2694,417,10651,25],"class_list":{"0":"post-267524","1":"post","2":"type-post","3":"status-publish","4":"format-standard","5":"has-post-thumbnail","7":"category-france","8":"tag-actualite","9":"tag-actualites","10":"tag-carlos-ghosn","11":"tag-corruption","12":"tag-declaration","13":"tag-emmanuel-macron","14":"tag-fr","15":"tag-france","16":"tag-gouvernement","17":"tag-ile-de-france","18":"tag-justice","19":"tag-mairie","20":"tag-mairie-de-paris","21":"tag-ministre","22":"tag-ministre-de-la-culture","23":"tag-news","24":"tag-paris","25":"tag-politique","26":"tag-proces","27":"tag-rachida-dati","28":"tag-renault","29":"tag-republique-francaise"},"share_on_mastodon":{"url":"https:\/\/pubeurope.com\/@fr\/114901498193653346","error":""},"_links":{"self":[{"href":"https:\/\/www.europesays.com\/fr\/wp-json\/wp\/v2\/posts\/267524","targetHints":{"allow":["GET"]}}],"collection":[{"href":"https:\/\/www.europesays.com\/fr\/wp-json\/wp\/v2\/posts"}],"about":[{"href":"https:\/\/www.europesays.com\/fr\/wp-json\/wp\/v2\/types\/post"}],"author":[{"embeddable":true,"href":"https:\/\/www.europesays.com\/fr\/wp-json\/wp\/v2\/users\/2"}],"replies":[{"embeddable":true,"href":"https:\/\/www.europesays.com\/fr\/wp-json\/wp\/v2\/comments?post=267524"}],"version-history":[{"count":0,"href":"https:\/\/www.europesays.com\/fr\/wp-json\/wp\/v2\/posts\/267524\/revisions"}],"wp:featuredmedia":[{"embeddable":true,"href":"https:\/\/www.europesays.com\/fr\/wp-json\/wp\/v2\/media\/267525"}],"wp:attachment":[{"href":"https:\/\/www.europesays.com\/fr\/wp-json\/wp\/v2\/media?parent=267524"}],"wp:term":[{"taxonomy":"category","embeddable":true,"href":"https:\/\/www.europesays.com\/fr\/wp-json\/wp\/v2\/categories?post=267524"},{"taxonomy":"post_tag","embeddable":true,"href":"https:\/\/www.europesays.com\/fr\/wp-json\/wp\/v2\/tags?post=267524"}],"curies":[{"name":"wp","href":"https:\/\/api.w.org\/{rel}","templated":true}]}}