{"id":267528,"date":"2025-07-23T08:02:13","date_gmt":"2025-07-23T08:02:13","guid":{"rendered":"https:\/\/www.europesays.com\/fr\/267528\/"},"modified":"2025-07-23T08:02:13","modified_gmt":"2025-07-23T08:02:13","slug":"loire-les-guinguettes-a-tester-cet-ete","status":"publish","type":"post","link":"https:\/\/www.europesays.com\/fr\/267528\/","title":{"rendered":"Loire\u00a0: les guinguettes \u00e0 tester cet \u00e9t\u00e9"},"content":{"rendered":"<p class=\"is-style-chapo\">Quand l\u2019\u00e9t\u00e9 est de retour, les guinguettes font leur apparition. Tr\u00e8s populaires apr\u00e8s la seconde guerre mondiale, leur succ\u00e8s ne se d\u00e9ment toujours pas 80 ans plus tard. Voici donc une s\u00e9lection de guinguettes \u00e0 tester cet \u00e9t\u00e9 dans la Loire.<\/p>\n<p><img loading=\"lazy\" decoding=\"async\" width=\"1024\" height=\"576\" src=\"https:\/\/www.europesays.com\/fr\/wp-content\/uploads\/2025\/07\/blue-2941878_1280-1-1024x576.jpg\" alt=\"Guinguette\" class=\"wp-image-80137\"  \/><\/p>\n<p>1 \u2013 La Guinguette st\u00e9phanoise<\/p>\n<p>Install\u00e9e au pied du Puits <a href=\"https:\/\/www.if-saint-etienne.fr\/breves\/saint-etienne-les-before-de-couriot-de-retour-cet-ete\" target=\"_blank\" rel=\"noreferrer noopener\">Couriot<\/a> \u00e0 Saint-Etienne, la Guinguette st\u00e9phanoise est de retour cet ann\u00e9e du mercredi au dimanche, jusqu\u2019au 5 septembre. Durant tout l\u2019\u00e9t\u00e9, elle propose des concerts, des animations, du cin\u00e9ma en plein air, du karaok\u00e9, etc. Vous pourrez bien s\u00fbr y boire un verre et d\u00e9guster des produits locaux. Une guinguette \u00e0 la bonne franquette.<\/p>\n<p>2 \u2013 La Guinguette des bords de Loire<\/p>\n<p>\u00c0 Saint-Just-Saint-Rambert, la <a href=\"https:\/\/laguinguettedesbordsdeloire.eatbu.com\/?lang=fr\" target=\"_blank\" rel=\"noreferrer noopener\">Guinguette des bords de Loire<\/a> propose un cadre paisible, ombrag\u00e9 et verdoyant. Ouverte de mai \u00e0 octobre, 7j\/ 7, de 11h \u00e0 21h, elle propose de plats \u00e0 d\u00e9guster sur place ou \u00e0 emporter. Parmi eux des r\u00e2p\u00e9es, des grenouilles, ou encore des assiettes de charcuterie et fromage \u00e0 d\u00e9guster entre amis autour d\u2019un verre.<\/p>\n<p>3 \u2013 Victor<\/p>\n<p>A Saint-Victor-sur-Loire, <a href=\"https:\/\/www.if-saint-etienne.fr\/culture-loisirs\/tendances-gastronomie\/victor-le-temps-des-croque-cerises\" target=\"_blank\" rel=\"noreferrer noopener\">Victor<\/a> c\u2019est une brasserie, mais aussi une guinguette d\u00e8s que l\u2019\u00e9t\u00e9 est de retour. Nouveaut\u00e9 cette ann\u00e9e, l\u2019arriv\u00e9e du brasero pour profiter des soir\u00e9es autour du feu, des grillades, des planches, ainsi que de la musique et d\u2019un magnifique coucher de soleil sur les m\u00e9andres de la Loire.<\/p>\n<p>4 \u2013 Les Matrus<\/p>\n<p>Depuis plusieurs ann\u00e9es, \u00e0 l\u2019approche de l\u2019\u00e9t\u00e9, <a href=\"https:\/\/www.if-saint-etienne.fr\/breves\/a-sorbiers-les-matrus-installent-une-guinguette-tout-lete\" target=\"_blank\" rel=\"noreferrer noopener\">les M\u00e2trus<\/a> investissent plusieurs villages avec leurs guinguettes mobiles. Fontan\u00e8s, Marcenod, Saint-Christo-en-Jarez, Valfleury, Chevri\u00e8res, Saint-Romain, seront travers\u00e9es par ces guinguettes itin\u00e9rantes. En parall\u00e8le, une guinguette permanente est install\u00e9e dans le parc Fraisses de Sorbiers, jusqu\u2019au 14 septembre. Sur place\u00a0: musique, boissons, glaces cr\u00eapes et cocktails.<\/p>\n<p><img loading=\"lazy\" decoding=\"async\" width=\"1024\" height=\"576\" src=\"https:\/\/www.europesays.com\/fr\/wp-content\/uploads\/2025\/07\/IMG_7066-1-1024x576.jpg\" alt=\"\" class=\"wp-image-80138\"  \/>La guinguette de la brasserie Victor, \u00e0 Saint-Victor-sur-Loire. \u00a9JT\/ If Saint-Etienne.<\/p>\n<p>5 \u2013 La Base<\/p>\n<p>Au Coteau, le bar associatif <a href=\"https:\/\/www.facebook.com\/p\/La-BASE-100063705456152\/?locale=fr_FR\" target=\"_blank\" rel=\"noreferrer noopener\">La Base<\/a> investit le quai du G\u00e9n\u00e9ral Leclerc tous les \u00e9t\u00e9s. Vue imprenable sur la Loire, la Base vient ajouter une programmation musicale riche \u00e0 l\u2019ambiance guinguette. Snacks \u00e0 la bonne franquette, et boissons viennent compl\u00e9ter l\u2019offre du bar ouvert de 19h \u00e0 1h, les 26 juillet, 22 ao\u00fbt et 6 septembre.<\/p>\n<p>6 \u2013 Les\u00a0Versus-Guinguettes de la Fabrique<\/p>\n<p>Concerts gratuits, animation nature, ateliers artistiques, foodtrucks\u2026 Les 29 et 30 ao\u00fbt, <a href=\"https:\/\/www.facebook.com\/LaFabriqueAndrezieux\/photos\" target=\"_blank\" rel=\"noreferrer noopener\">la Fabrique<\/a> est de retour avec sa guinguette sur les bords du Furan, \u00e0 Andr\u00e9zieux-Bouth\u00e9on. Ce tiers-lieu artistique, qui fut une fabrique de tresses et de lacets, ne devrait pas tarder \u00e0 annoncer sa programmation.<\/p>\n<p>7 \u2013 La Cabane de l\u2019\u00e9tang<\/p>\n<p>\u00c0 Savigneux, le charme op\u00e8re imm\u00e9diatement en arrivant vers cette <a href=\"https:\/\/www.facebook.com\/p\/La-Cabane-De-L-Etang-Mini-golf-p%C3%A9dalos-100063756994936\/?locale=fr_FR&amp;_rdr\" target=\"_blank\" rel=\"noreferrer noopener\">Cabane<\/a> en bord d\u2019\u00e9tang. On y propose des boissons ainsi qu\u2019une offre de snacking, sucr\u00e9e et sal\u00e9e. La guinguette est ouverte du mardi au dimanche, de 10h \u00e0 18h, et pour le repas de midi uniquement. Sur place, un mini-golf et la possibilit\u00e9 de louer des p\u00e9dalos.<\/p>\n","protected":false},"excerpt":{"rendered":"Quand l\u2019\u00e9t\u00e9 est de retour, les guinguettes font leur apparition. Tr\u00e8s populaires apr\u00e8s la seconde guerre mondiale, leur&hellip;\n","protected":false},"author":2,"featured_media":267529,"comment_status":"","ping_status":"","sticky":false,"template":"","format":"standard","meta":{"footnotes":""},"categories":[9653],"tags":[1111,11,2430,1777,674,14012,1011,27,40701,40702,40703,40704,12,25,4001,33385],"class_list":{"0":"post-267528","1":"post","2":"type-post","3":"status-publish","4":"format-standard","5":"has-post-thumbnail","7":"category-saint-etienne","8":"tag-actu","9":"tag-actualites","10":"tag-auvergne-rhone-alpes","11":"tag-eu","12":"tag-europe","13":"tag-festif","14":"tag-fr","15":"tag-france","16":"tag-guinguette-des-bords-de-loire","17":"tag-guinguette-loire","18":"tag-guinguette-saint-etienne","19":"tag-guinguette-stephanoise","20":"tag-news","21":"tag-republique-francaise","22":"tag-saint-etienne","23":"tag-victor"},"share_on_mastodon":{"url":"https:\/\/pubeurope.com\/@fr\/114901506136759949","error":""},"_links":{"self":[{"href":"https:\/\/www.europesays.com\/fr\/wp-json\/wp\/v2\/posts\/267528","targetHints":{"allow":["GET"]}}],"collection":[{"href":"https:\/\/www.europesays.com\/fr\/wp-json\/wp\/v2\/posts"}],"about":[{"href":"https:\/\/www.europesays.com\/fr\/wp-json\/wp\/v2\/types\/post"}],"author":[{"embeddable":true,"href":"https:\/\/www.europesays.com\/fr\/wp-json\/wp\/v2\/users\/2"}],"replies":[{"embeddable":true,"href":"https:\/\/www.europesays.com\/fr\/wp-json\/wp\/v2\/comments?post=267528"}],"version-history":[{"count":0,"href":"https:\/\/www.europesays.com\/fr\/wp-json\/wp\/v2\/posts\/267528\/revisions"}],"wp:featuredmedia":[{"embeddable":true,"href":"https:\/\/www.europesays.com\/fr\/wp-json\/wp\/v2\/media\/267529"}],"wp:attachment":[{"href":"https:\/\/www.europesays.com\/fr\/wp-json\/wp\/v2\/media?parent=267528"}],"wp:term":[{"taxonomy":"category","embeddable":true,"href":"https:\/\/www.europesays.com\/fr\/wp-json\/wp\/v2\/categories?post=267528"},{"taxonomy":"post_tag","embeddable":true,"href":"https:\/\/www.europesays.com\/fr\/wp-json\/wp\/v2\/tags?post=267528"}],"curies":[{"name":"wp","href":"https:\/\/api.w.org\/{rel}","templated":true}]}}