{"id":267532,"date":"2025-07-23T08:04:26","date_gmt":"2025-07-23T08:04:26","guid":{"rendered":"https:\/\/www.europesays.com\/fr\/267532\/"},"modified":"2025-07-23T08:04:26","modified_gmt":"2025-07-23T08:04:26","slug":"nancy-le-son-et-lumiere-de-la-place-stanislas-touche-par-une-panne-de-videoprojecteur","status":"publish","type":"post","link":"https:\/\/www.europesays.com\/fr\/267532\/","title":{"rendered":"Nancy. Le son et lumi\u00e8re de la place Stanislas touch\u00e9 par une panne de vid\u00e9oprojecteur"},"content":{"rendered":"<p>Il est projet\u00e9 chaque soir depuis le 13\u00a0juin et <a href=\"https:\/\/www.estrepublicain.fr\/culture-loisirs\/2025\/07\/04\/morphing-architecture-jeu-de-lumiere-et-emotion-le-mapping-place-stanislas-cree-la-surprise-et-ravit-les-visiteurs\" target=\"_blank\" rel=\"noopener\">rencontre un vif succ\u00e8s populaire.<\/a> \u00a0Morphing Architecture, nouvelle cr\u00e9ation de la soci\u00e9t\u00e9 AV Extended, conna\u00eet cependant un souci technique depuis le samedi 19\u00a0juillet. Rien qui n\u2019emp\u00eache sa diffusion mais qui l\u2019ob\u00e8re d\u2019un de \u00ab\u00a0ses terrains de jeux\u00a0\u00bb\u00a0: la fa\u00e7ade de l\u2019op\u00e9ra. Laquelle reste obstin\u00e9ment plong\u00e9e dans le noir quand elle devrait s\u2019animer \u00e0 l\u2019image des quatre autres fa\u00e7ades de la <a href=\"https:\/\/www.estrepublicain.fr\/p\/place-stanislas\" target=\"_blank\" rel=\"noopener\">place Stanislas<\/a>\u00a0: h\u00f4tel de ville, mus\u00e9e des Beaux-Arts, h\u00f4tel de la Reine et Pavillon Jacquet.<\/p>\n<p>En cause, la panne d\u2019un de ses vid\u00e9oprojecteurs. \u00ab\u00a0Nous venons d\u2019avoir le retour de notre prestataire\u00a0: l\u2019intervention de remplacement de l\u2019appareil concern\u00e9 est pr\u00e9vue ce vendredi. Des tests et r\u00e9glages seront ensuite effectu\u00e9s en soir\u00e9e et dans la nuit. Le retour \u00e0 la normale est programm\u00e9 le samedi 26\u00a0juillet\u00a0\u00bb, nous rassure la mairie. La place Stanislas devrait alors \u00eatre \u00e0 nouveau absorb\u00e9e dans sa totalit\u00e9 par la Belle saison, acte\u00a0IV.<\/p>\n<p>Con\u00e7u en 4 actes de 4 minutes chacun, ce son et lumi\u00e8re, r\u00e9invent\u00e9 par rapport aux trois derni\u00e8res \u00e9ditions, traverse les \u00e9poques, joue avec l\u2019architecture, propose un final psych\u00e9d\u00e9lique. Il est habill\u00e9 d\u2019une bande-son originale sign\u00e9e <a href=\"https:\/\/www.estrepublicain.fr\/culture-loisirs\/2025\/06\/13\/c-est-parti-pour-le-son-et-lumiere-la-belle-saison-acte-iv\" target=\"_blank\" rel=\"noopener\">Andr\u00e9 Manoukian et Eno Ena.<\/a><\/p>\n<p class=\"note\">\u00c0 22\u00a0h\u00a045 tous les jours jusqu\u2019au 31\u00a0juillet puis \u00e0 22\u00a0h \u00e0 partir du 1er \u00a0ao\u00fbt jusqu\u2019au 14\u00a0septembre.<\/p>\n","protected":false},"excerpt":{"rendered":"Il est projet\u00e9 chaque soir depuis le 13\u00a0juin et rencontre un vif succ\u00e8s populaire. \u00a0Morphing Architecture, nouvelle cr\u00e9ation&hellip;\n","protected":false},"author":2,"featured_media":267533,"comment_status":"","ping_status":"","sticky":false,"template":"","format":"standard","meta":{"footnotes":""},"categories":[9635],"tags":[1111,11,1687,1704,1777,674,1011,27,775,1702,1703,12,2661,25,3140],"class_list":{"0":"post-267532","1":"post","2":"type-post","3":"status-publish","4":"format-standard","5":"has-post-thumbnail","7":"category-nancy","8":"tag-actu","9":"tag-actualites","10":"tag-culture-loisirs","11":"tag-edition-nancy-et-agglomeration","12":"tag-eu","13":"tag-europe","14":"tag-fr","15":"tag-france","16":"tag-grand-est","17":"tag-nancy","18":"tag-nancy-ville-54b","19":"tag-news","20":"tag-patrimoine-culturel","21":"tag-republique-francaise","22":"tag-spectacle"},"share_on_mastodon":{"url":"https:\/\/pubeurope.com\/@fr\/114901513900441564","error":""},"_links":{"self":[{"href":"https:\/\/www.europesays.com\/fr\/wp-json\/wp\/v2\/posts\/267532","targetHints":{"allow":["GET"]}}],"collection":[{"href":"https:\/\/www.europesays.com\/fr\/wp-json\/wp\/v2\/posts"}],"about":[{"href":"https:\/\/www.europesays.com\/fr\/wp-json\/wp\/v2\/types\/post"}],"author":[{"embeddable":true,"href":"https:\/\/www.europesays.com\/fr\/wp-json\/wp\/v2\/users\/2"}],"replies":[{"embeddable":true,"href":"https:\/\/www.europesays.com\/fr\/wp-json\/wp\/v2\/comments?post=267532"}],"version-history":[{"count":0,"href":"https:\/\/www.europesays.com\/fr\/wp-json\/wp\/v2\/posts\/267532\/revisions"}],"wp:featuredmedia":[{"embeddable":true,"href":"https:\/\/www.europesays.com\/fr\/wp-json\/wp\/v2\/media\/267533"}],"wp:attachment":[{"href":"https:\/\/www.europesays.com\/fr\/wp-json\/wp\/v2\/media?parent=267532"}],"wp:term":[{"taxonomy":"category","embeddable":true,"href":"https:\/\/www.europesays.com\/fr\/wp-json\/wp\/v2\/categories?post=267532"},{"taxonomy":"post_tag","embeddable":true,"href":"https:\/\/www.europesays.com\/fr\/wp-json\/wp\/v2\/tags?post=267532"}],"curies":[{"name":"wp","href":"https:\/\/api.w.org\/{rel}","templated":true}]}}