{"id":267534,"date":"2025-07-23T08:05:12","date_gmt":"2025-07-23T08:05:12","guid":{"rendered":"https:\/\/www.europesays.com\/fr\/267534\/"},"modified":"2025-07-23T08:05:12","modified_gmt":"2025-07-23T08:05:12","slug":"quel-record-a-ete-battu-lors-de-larrivee-a-nancy-le-23-juillet-1949","status":"publish","type":"post","link":"https:\/\/www.europesays.com\/fr\/267534\/","title":{"rendered":"quel record a \u00e9t\u00e9 battu lors de l\u2019arriv\u00e9e \u00e0 Nancy, le 23\u00a0juillet 1949\u00a0?"},"content":{"rendered":"<p>Depuis la toute premi\u00e8re \u00e9dition du Tour de France en 1905, la ville de Nancy a accueilli seize arriv\u00e9es. Mais celle de la 20e \u00e9tape du Tour 1949 a inscrit son nom dans le livre des records, gr\u00e2ce \u00e0 celui qui \u00e9tait surnomm\u00e9 le \u00ab\u00a0campionissimo\u00a0\u00bb, Fausto Coppi.<\/p>\n<p>Record qui tient en un chiffre\u00a0: 7\u201902. Tout simplement le plus gros \u00e9cart de l\u2019histoire du Tour de France sur un contre-la-montre, entre le vainqueur de l\u2019\u00e9tape et son dauphin. En l\u2019occurrence, un autre coureur italien c\u00e9l\u00e8bre, Gino Bartali.<\/p>\n<p>Il faut dire que, pour creuser un tel \u00e9cart \u00e0 faire fr\u00e9mir le Slov\u00e8ne Tadej Pogacar, Fausto Coppi a pu compter sur la distance entre le point A et le point B. Figurez-vous que ce jour-l\u00e0, les coureurs du peloton s\u2019\u00e9taient coltin\u00e9 <a href=\"http:\/\/www.lagrandeboucle.com\/spip.php?article1010\" target=\"_blank\" rel=\"noopener\">un contre-la-montre de\u2026 137 kilom\u00e8tres, entre Colmar et Nancy<\/a> (avec, entre autres, l\u2019ascension du col du Bonhomme au menu)\u00a0! Une \u00e9tape au profil d\u2019un autre temps, aval\u00e9e par le futur vainqueur de l\u2019\u00e9dition 1949 en 3h38\u201950 (39\u00a0km\/h de moyenne)&#8230; Un p\u00e9riple que vingt coureurs avaient eu toutes les peines \u00e0 dig\u00e9rer. Arriv\u00e9s hors d\u00e9lais, ils avaient finalement \u00e9t\u00e9 rep\u00each\u00e9s. Et ils avaient \u00e9t\u00e9 autoris\u00e9s \u00e0 prendre le d\u00e9part de l\u2019\u00e9tape du lendemain\u00a0: 340 kilom\u00e8tres entre Nancy et Paris\u2026<\/p>\n","protected":false},"excerpt":{"rendered":"Depuis la toute premi\u00e8re \u00e9dition du Tour de France en 1905, la ville de Nancy a accueilli seize&hellip;\n","protected":false},"author":2,"featured_media":267535,"comment_status":"","ping_status":"","sticky":false,"template":"","format":"standard","meta":{"footnotes":""},"categories":[9635],"tags":[1111,11,207,3602,1707,1704,1706,1705,10174,1777,674,107,1701,1011,27,775,1702,1703,12,25,517,1700,210],"class_list":{"0":"post-267534","1":"post","2":"type-post","3":"status-publish","4":"format-standard","5":"has-post-thumbnail","7":"category-nancy","8":"tag-actu","9":"tag-actualites","10":"tag-cyclisme","11":"tag-edition-bar-le-duc","12":"tag-edition-luneville","13":"tag-edition-nancy-et-agglomeration","14":"tag-edition-pont-a-mousson","15":"tag-edition-toul","16":"tag-edition-verdun","17":"tag-eu","18":"tag-europe","19":"tag-fil-info","20":"tag-fil-info-sport","21":"tag-fr","22":"tag-france","23":"tag-grand-est","24":"tag-nancy","25":"tag-nancy-ville-54b","26":"tag-news","27":"tag-republique-francaise","28":"tag-sport","29":"tag-sport-lorrain","30":"tag-tour-de-france"},"share_on_mastodon":{"url":"https:\/\/pubeurope.com\/@fr\/114901517839236760","error":""},"_links":{"self":[{"href":"https:\/\/www.europesays.com\/fr\/wp-json\/wp\/v2\/posts\/267534","targetHints":{"allow":["GET"]}}],"collection":[{"href":"https:\/\/www.europesays.com\/fr\/wp-json\/wp\/v2\/posts"}],"about":[{"href":"https:\/\/www.europesays.com\/fr\/wp-json\/wp\/v2\/types\/post"}],"author":[{"embeddable":true,"href":"https:\/\/www.europesays.com\/fr\/wp-json\/wp\/v2\/users\/2"}],"replies":[{"embeddable":true,"href":"https:\/\/www.europesays.com\/fr\/wp-json\/wp\/v2\/comments?post=267534"}],"version-history":[{"count":0,"href":"https:\/\/www.europesays.com\/fr\/wp-json\/wp\/v2\/posts\/267534\/revisions"}],"wp:featuredmedia":[{"embeddable":true,"href":"https:\/\/www.europesays.com\/fr\/wp-json\/wp\/v2\/media\/267535"}],"wp:attachment":[{"href":"https:\/\/www.europesays.com\/fr\/wp-json\/wp\/v2\/media?parent=267534"}],"wp:term":[{"taxonomy":"category","embeddable":true,"href":"https:\/\/www.europesays.com\/fr\/wp-json\/wp\/v2\/categories?post=267534"},{"taxonomy":"post_tag","embeddable":true,"href":"https:\/\/www.europesays.com\/fr\/wp-json\/wp\/v2\/tags?post=267534"}],"curies":[{"name":"wp","href":"https:\/\/api.w.org\/{rel}","templated":true}]}}