{"id":267544,"date":"2025-07-23T08:14:13","date_gmt":"2025-07-23T08:14:13","guid":{"rendered":"https:\/\/www.europesays.com\/fr\/267544\/"},"modified":"2025-07-23T08:14:13","modified_gmt":"2025-07-23T08:14:13","slug":"balade-botanique-et-ballades-armeniennes-a-grenoble-le-28-juillet","status":"publish","type":"post","link":"https:\/\/www.europesays.com\/fr\/267544\/","title":{"rendered":"Balade botanique et ballades arm\u00e9niennes \u00e0 Grenoble le 28 juillet"},"content":{"rendered":"<p>La nature se fusionne \u00e0 l\u2019\u00e2me arm\u00e9nienne le lundi 28 juillet 2025 dans l\u2019agglom\u00e9ration de Grenoble.<\/p>\n<p><strong>Arm\u00e9nie Echange et Promotion<\/strong> propose, une rencontre avec l\u2019association Gentiana pour une balade botanique accompagn\u00e9e de la tr\u00e8s belle voix de Anna Izmayilyan.<\/p>\n<p>Un temps pour d\u00e9couvrir la botanique de la for\u00eat domaniale de Pr\u00e9mol avec notre guide Antoine Briffaud, un moment passionnant en lien avec la nature du lieu. Le parcours sera accompagn\u00e9 et ponctu\u00e9 par l\u2019\u00e2me arm\u00e9nienne interpr\u00e9t\u00e9e par Anna Izmayilyan avec ses nombreux chants sharakans et populaires.<\/p>\n<p>Un go\u00fbter sera servi par l\u2019association.<\/p>\n<p>Lundi 28 juillet \u00e0 14h30<br \/>Parking de Pr\u00e9mol (mont\u00e9e de Chamrousse, \u00e0 droite)<br \/>Participation aux frais : 10 \u20ac<br \/>Insscription obligatoire par mail <a href=\"https:\/\/www.armenews.com\/balade-botanique-et-chants-armeniens-a-grenoble-le-28-juillet\/mailto:catherine.aep@gmail.com\" target=\"_blank\" rel=\"noopener\">catherine.aep@gmail.com<\/a> \/ ou au 06 78 11 28 19<\/p>\n<p>\u00a0<\/p>\n","protected":false},"excerpt":{"rendered":"La nature se fusionne \u00e0 l\u2019\u00e2me arm\u00e9nienne le lundi 28 juillet 2025 dans l\u2019agglom\u00e9ration de Grenoble. Arm\u00e9nie Echange&hellip;\n","protected":false},"author":2,"featured_media":267545,"comment_status":"","ping_status":"","sticky":false,"template":"","format":"standard","meta":{"footnotes":""},"categories":[9566],"tags":[27754,4865,1111,11,2430,1695,6211,1777,674,1011,27,2731,12,25],"class_list":{"0":"post-267544","1":"post","2":"type-post","3":"status-publish","4":"format-standard","5":"has-post-thumbnail","7":"category-grenoble","8":"tag-05-la-cinq","9":"tag-06-une-de-rubrique","10":"tag-actu","11":"tag-actualites","12":"tag-auvergne-rhone-alpes","13":"tag-chanson","14":"tag-conference","15":"tag-eu","16":"tag-europe","17":"tag-fr","18":"tag-france","19":"tag-grenoble","20":"tag-news","21":"tag-republique-francaise"},"share_on_mastodon":{"url":"https:\/\/pubeurope.com\/@fr\/114901553184153780","error":""},"_links":{"self":[{"href":"https:\/\/www.europesays.com\/fr\/wp-json\/wp\/v2\/posts\/267544","targetHints":{"allow":["GET"]}}],"collection":[{"href":"https:\/\/www.europesays.com\/fr\/wp-json\/wp\/v2\/posts"}],"about":[{"href":"https:\/\/www.europesays.com\/fr\/wp-json\/wp\/v2\/types\/post"}],"author":[{"embeddable":true,"href":"https:\/\/www.europesays.com\/fr\/wp-json\/wp\/v2\/users\/2"}],"replies":[{"embeddable":true,"href":"https:\/\/www.europesays.com\/fr\/wp-json\/wp\/v2\/comments?post=267544"}],"version-history":[{"count":0,"href":"https:\/\/www.europesays.com\/fr\/wp-json\/wp\/v2\/posts\/267544\/revisions"}],"wp:featuredmedia":[{"embeddable":true,"href":"https:\/\/www.europesays.com\/fr\/wp-json\/wp\/v2\/media\/267545"}],"wp:attachment":[{"href":"https:\/\/www.europesays.com\/fr\/wp-json\/wp\/v2\/media?parent=267544"}],"wp:term":[{"taxonomy":"category","embeddable":true,"href":"https:\/\/www.europesays.com\/fr\/wp-json\/wp\/v2\/categories?post=267544"},{"taxonomy":"post_tag","embeddable":true,"href":"https:\/\/www.europesays.com\/fr\/wp-json\/wp\/v2\/tags?post=267544"}],"curies":[{"name":"wp","href":"https:\/\/api.w.org\/{rel}","templated":true}]}}