{"id":267555,"date":"2025-07-23T08:20:14","date_gmt":"2025-07-23T08:20:14","guid":{"rendered":"https:\/\/www.europesays.com\/fr\/267555\/"},"modified":"2025-07-23T08:20:14","modified_gmt":"2025-07-23T08:20:14","slug":"nice-une-femme-violee-en-pleine-rue-apres-une-tentative-de-suicide","status":"publish","type":"post","link":"https:\/\/www.europesays.com\/fr\/267555\/","title":{"rendered":"Nice. Une femme viol\u00e9e en pleine rue apr\u00e8s une tentative de suicide"},"content":{"rendered":"<p>            Par<br \/>\n        <strong><br \/>\n            <a href=\"https:\/\/actu.fr\/auteur\/ugo-maillard\" title=\"Consulter tous les articles de Ugo Maillard\" rel=\"nofollow noopener\" target=\"_blank\">Ugo Maillard<\/a><br \/>\n        <\/strong><\/p>\n<p>        Publi\u00e9 le<\/p>\n<p>            23 juil. 2025 \u00e0 9h49        <\/p>\n<p>Dans la nuit du dimanche\u00a020 au lundi 21\u00a0juillet 2025, un homme \u00e2g\u00e9 de 48\u00a0ans est soup\u00e7onn\u00e9 d\u2019avoir<strong> viol\u00e9 une jeune femme<\/strong> sur la place Garibaldi de <a href=\"https:\/\/actu.fr\/nice\/\" rel=\"nofollow noopener\" target=\"_blank\">Nice<\/a> (Alpes-Maritimes).<\/p>\n<p>    <a href=\"https:\/\/www.google.com\/maps\/embed?pb=!1m18!1m12!1m3!1d5768.9242712106825!2d7.277525476532676!3d43.700944249341035!2m3!1f0!2f0!3f0!3m2!1i1024!2i768!4f13.1!3m3!1m2!1s0x12cddaba3883dbbf%3A0x7c3cde18da41331f!2sPl.%20Garibaldi%2C%2006300%20Nice!5e0!3m2!1sfr!2sfr!4v1753255447326!5m2!1sfr!2sfr\" title=\"Ouvrie le lien\" rel=\"nofollow noopener\" target=\"_blank\">Cliquez ici pour visualiser le contenu<\/a><\/p>\n<p class=\" wall-content\">L\u2019individu a \u00e9t\u00e9 arr\u00eat\u00e9 par <a href=\"https:\/\/actu.fr\/tag\/police\" rel=\"nofollow noopener\" target=\"_blank\">les forces de l\u2019ordre<\/a> quelques heures apr\u00e8s les faits, a appris actu Nice, confirmant une information de <a href=\"https:\/\/www.nicematin.com\/justice\/un-homme-en-garde-a-vue-a-nice-suspecte-d-avoir-viole-une-jeune-femme-vulnerable-place-garibaldi-995160\" rel=\"nofollow noopener\" target=\"_blank\">Nice Matin<\/a>.<\/p>\n<p class=\" wall-content\">Une information judiciaire est ouverte pour <strong>\u00ab\u2009viol sur personne vuln\u00e9rable\u2009\u00bb<\/strong>. Selon les premiers \u00e9l\u00e9ments recueillis par les enqu\u00eateurs, la jeune femme victime de l\u2019agression venait de tenter de se suicider.<\/p>\n<p>L\u2019homme mis en examen<\/p>\n<p class=\" wall-content\">Le procureur de Nice, Damien Martinelli, indique que l\u2019individu soup\u00e7onn\u00e9 de viol a \u00e9t\u00e9 mis en examen et <strong>plac\u00e9 en d\u00e9tention provisoire<\/strong>.<\/p>\n<p class=\" wall-content\">L\u2019homme est<strong> connu de la justice puisqu\u2019il a \u00e9t\u00e9 condamn\u00e9 pour des faits d\u2019exhibition sexuelle<\/strong>.<\/p>\n<p class=\" wall-content\">Suivez toute l\u2019actualit\u00e9 de vos villes et m\u00e9dias favoris en vous inscrivant \u00e0 <a href=\"https:\/\/moncompte.actu.fr\" title=\"D\u00e9couvez Mon Actu\" rel=\"nofollow noopener\" data-trk=\"{&quot;cta&quot;:{&quot;action&quot;:&quot;https:\\\/\\\/moncompte.actu.fr&quot;,&quot;category&quot;:&quot;mon compte&quot;,&quot;from&quot;:&quot;article footer&quot;,&quot;name&quot;:&quot;Mon actu&quot;,&quot;type&quot;:&quot;cta&quot;}}\" target=\"_blank\">Mon Actu<\/a>.<\/p>\n","protected":false},"excerpt":{"rendered":"Par Ugo Maillard Publi\u00e9 le 23 juil. 2025 \u00e0 9h49 Dans la nuit du dimanche\u00a020 au lundi 21\u00a0juillet&hellip;\n","protected":false},"author":2,"featured_media":267556,"comment_status":"","ping_status":"","sticky":false,"template":"","format":"standard","meta":{"footnotes":""},"categories":[2819],"tags":[1111,11,1777,674,118,1011,27,303,12,2401,1072,882,25,799],"class_list":{"0":"post-267555","1":"post","2":"type-post","3":"status-publish","4":"format-standard","5":"has-post-thumbnail","7":"category-nice","8":"tag-actu","9":"tag-actualites","10":"tag-eu","11":"tag-europe","12":"tag-faits-divers","13":"tag-fr","14":"tag-france","15":"tag-justice","16":"tag-news","17":"tag-nice","18":"tag-police","19":"tag-provence-alpes-cote-dazur","20":"tag-republique-francaise","21":"tag-violences-sexuelles"},"share_on_mastodon":{"url":"https:\/\/pubeurope.com\/@fr\/114901576792405170","error":""},"_links":{"self":[{"href":"https:\/\/www.europesays.com\/fr\/wp-json\/wp\/v2\/posts\/267555","targetHints":{"allow":["GET"]}}],"collection":[{"href":"https:\/\/www.europesays.com\/fr\/wp-json\/wp\/v2\/posts"}],"about":[{"href":"https:\/\/www.europesays.com\/fr\/wp-json\/wp\/v2\/types\/post"}],"author":[{"embeddable":true,"href":"https:\/\/www.europesays.com\/fr\/wp-json\/wp\/v2\/users\/2"}],"replies":[{"embeddable":true,"href":"https:\/\/www.europesays.com\/fr\/wp-json\/wp\/v2\/comments?post=267555"}],"version-history":[{"count":0,"href":"https:\/\/www.europesays.com\/fr\/wp-json\/wp\/v2\/posts\/267555\/revisions"}],"wp:featuredmedia":[{"embeddable":true,"href":"https:\/\/www.europesays.com\/fr\/wp-json\/wp\/v2\/media\/267556"}],"wp:attachment":[{"href":"https:\/\/www.europesays.com\/fr\/wp-json\/wp\/v2\/media?parent=267555"}],"wp:term":[{"taxonomy":"category","embeddable":true,"href":"https:\/\/www.europesays.com\/fr\/wp-json\/wp\/v2\/categories?post=267555"},{"taxonomy":"post_tag","embeddable":true,"href":"https:\/\/www.europesays.com\/fr\/wp-json\/wp\/v2\/tags?post=267555"}],"curies":[{"name":"wp","href":"https:\/\/api.w.org\/{rel}","templated":true}]}}