{"id":267557,"date":"2025-07-23T08:22:09","date_gmt":"2025-07-23T08:22:09","guid":{"rendered":"https:\/\/www.europesays.com\/fr\/267557\/"},"modified":"2025-07-23T08:22:09","modified_gmt":"2025-07-23T08:22:09","slug":"un-produit-chimique-deverse-accidentellement-dans-une-clinique","status":"publish","type":"post","link":"https:\/\/www.europesays.com\/fr\/267557\/","title":{"rendered":"un produit chimique d\u00e9vers\u00e9 accidentellement dans une clinique"},"content":{"rendered":"<p>            Par<br \/>\n        <strong><br \/>\n            <a href=\"https:\/\/actu.fr\/auteur\/laure-gentil\" title=\"Consulter tous les articles de Laure Gentil\" rel=\"nofollow noopener\" target=\"_blank\">Laure Gentil<\/a><br \/>\n        <\/strong><\/p>\n<p>        Publi\u00e9 le<\/p>\n<p>            23 juil. 2025 \u00e0 9h37        <\/p>\n<p>Ce mardi 22\u00a0juillet 2025, les<strong> sapeurs-pompiers de Nantes<\/strong> sont intervenus vers 17\u2009h\u200928 \u00e0 la <strong>clinique Jules Verne<\/strong>. Un<strong> produit chimique<\/strong> a \u00e9t\u00e9 accidentellement d\u00e9vers\u00e9 dans un local d\u00e9chets de la clinique, selon le Service d\u00e9partemental d\u2019incendie et de secours de Loire-Atlantique.<\/p>\n<p>L\u2019activit\u00e9 des blocs maintenue<\/p>\n<p class=\" wall-content\">Le SDIS 44 indique que le produit chimique \u00ab\u2009est utilis\u00e9 comme <strong>d\u00e9sinfectant<\/strong> et compos\u00e9 d\u2019acide ac\u00e9tique et de peroxyde d\u2019hydrog\u00e8ne\u2009\u00bb. L\u2019activit\u00e9 des blocs op\u00e9ratoires et des salles de r\u00e9veil a \u00e9t\u00e9 maintenue durant l\u2019intervention.<\/p>\n<p class=\" wall-content\">En tout, <strong>36 sapeurs-pompiers<\/strong> ont \u00e9t\u00e9 d\u00e9p\u00each\u00e9s sur les lieux et un \u00ab\u2009poste de commandement de niveau colonne\u2009\u00bb mis en place.<strong> 18 membres du personnel soignant<\/strong>\u00a0ont \u00e9t\u00e9 examin\u00e9s et laiss\u00e9s sur place.<\/p>\n<p class=\" wall-content\">Suivez toute l\u2019actualit\u00e9 de vos villes et m\u00e9dias favoris en vous inscrivant \u00e0 <a href=\"https:\/\/moncompte.actu.fr\" title=\"D\u00e9couvez Mon Actu\" rel=\"nofollow noopener\" data-trk=\"{&quot;cta&quot;:{&quot;action&quot;:&quot;https:\\\/\\\/moncompte.actu.fr&quot;,&quot;category&quot;:&quot;mon compte&quot;,&quot;from&quot;:&quot;article footer&quot;,&quot;name&quot;:&quot;Mon actu&quot;,&quot;type&quot;:&quot;cta&quot;}}\" target=\"_blank\">Mon Actu<\/a>.<\/p>\n","protected":false},"excerpt":{"rendered":"Par Laure Gentil Publi\u00e9 le 23 juil. 2025 \u00e0 9h37 Ce mardi 22\u00a0juillet 2025, les sapeurs-pompiers de Nantes&hellip;\n","protected":false},"author":2,"featured_media":267558,"comment_status":"","ping_status":"","sticky":false,"template":"","format":"standard","meta":{"footnotes":""},"categories":[2818],"tags":[1111,11,1777,674,118,1011,27,766,12,2636,1311,25],"class_list":{"0":"post-267557","1":"post","2":"type-post","3":"status-publish","4":"format-standard","5":"has-post-thumbnail","7":"category-nantes","8":"tag-actu","9":"tag-actualites","10":"tag-eu","11":"tag-europe","12":"tag-faits-divers","13":"tag-fr","14":"tag-france","15":"tag-nantes","16":"tag-news","17":"tag-pays-de-la-loire","18":"tag-pompiers","19":"tag-republique-francaise"},"share_on_mastodon":{"url":"https:\/\/pubeurope.com\/@fr\/114901584637231276","error":""},"_links":{"self":[{"href":"https:\/\/www.europesays.com\/fr\/wp-json\/wp\/v2\/posts\/267557","targetHints":{"allow":["GET"]}}],"collection":[{"href":"https:\/\/www.europesays.com\/fr\/wp-json\/wp\/v2\/posts"}],"about":[{"href":"https:\/\/www.europesays.com\/fr\/wp-json\/wp\/v2\/types\/post"}],"author":[{"embeddable":true,"href":"https:\/\/www.europesays.com\/fr\/wp-json\/wp\/v2\/users\/2"}],"replies":[{"embeddable":true,"href":"https:\/\/www.europesays.com\/fr\/wp-json\/wp\/v2\/comments?post=267557"}],"version-history":[{"count":0,"href":"https:\/\/www.europesays.com\/fr\/wp-json\/wp\/v2\/posts\/267557\/revisions"}],"wp:featuredmedia":[{"embeddable":true,"href":"https:\/\/www.europesays.com\/fr\/wp-json\/wp\/v2\/media\/267558"}],"wp:attachment":[{"href":"https:\/\/www.europesays.com\/fr\/wp-json\/wp\/v2\/media?parent=267557"}],"wp:term":[{"taxonomy":"category","embeddable":true,"href":"https:\/\/www.europesays.com\/fr\/wp-json\/wp\/v2\/categories?post=267557"},{"taxonomy":"post_tag","embeddable":true,"href":"https:\/\/www.europesays.com\/fr\/wp-json\/wp\/v2\/tags?post=267557"}],"curies":[{"name":"wp","href":"https:\/\/api.w.org\/{rel}","templated":true}]}}