{"id":267569,"date":"2025-07-23T08:28:10","date_gmt":"2025-07-23T08:28:10","guid":{"rendered":"https:\/\/www.europesays.com\/fr\/267569\/"},"modified":"2025-07-23T08:28:10","modified_gmt":"2025-07-23T08:28:10","slug":"la-mobilite-des-jeunes-une-source-dapprentissage-et-dechanges-les-relations-internationales-votre-mairie","status":"publish","type":"post","link":"https:\/\/www.europesays.com\/fr\/267569\/","title":{"rendered":"La mobilit\u00e9 des jeunes, une source d\u2019apprentissage et d\u2019\u00e9changes \/ Les relations internationales \/ Votre Mairie"},"content":{"rendered":"<p><strong>La Ville de Lille soutient la mobilit\u00e9 des jeunes \u00e0 travers de nombreux partenariats et projets<\/strong><\/p>\n<p>            <img loading=\"lazy\" decoding=\"async\" src=\"\/var\/www\/storage\/images\/mediatheque\/mairie-de-lille\/n1\/votre-mairie\/les-relations-internationales\/images\/mobilite-des-jeunes\/sci-de-leeds-a-lille-2025\/3824117-1-fre-FR\/SCI-de-Leeds-a-Lille-2025_news_image_top.jpg\" width=\"776\" height=\"582\" alt=\"SCI de Leeds \u00e0 Lille 2025\"\/><br \/>\n    \tSCI de Leeds \u00e0 Lille 2025_\u00a9 Relations Internationales_Ville de Lille<\/p>\n<p><strong>Mobilit\u00e9s des jeunes\u00a0<\/strong><\/p>\n<p>La mobilit\u00e9 des jeunes est une des priorit\u00e9s de la Ville de Lille. En effet, comme le dit l\u2019adage \u00ab\u00a0les voyages forment la jeunesse\u00a0\u00bb, les mobilit\u00e9s internationales sont l\u2019occasion pour les jeunes d\u2019\u00e9largir leurs horizons, de d\u00e9couvrir d\u2019autres cultures et d\u2019\u00eatre ambassadeurs de Lille dans leurs voyages, mais \u00e9galement d\u2019acqu\u00e9rir de nouvelles comp\u00e9tences et d\u2019enrichir leur exp\u00e9rience professionnelle.<\/p>\n<p>Cette dynamique de mobilit\u00e9 passe par le soutien financier et\/ou technique \u00e0 des structures ouvertes vers l\u2019Europe et l\u2019international (<a href=\"https:\/\/www.interphaz.org\/\" target=\"_self\" class=\"lien_interne\" rel=\"noopener\">Interphaz<\/a>, <a href=\"https:\/\/www.ij-hdf.fr\/\" target=\"_self\" class=\"lien_interne\" rel=\"noopener\">CRIJ<\/a>, <a href=\"https:\/\/missionlocale-lille.fr\/\" target=\"_self\" class=\"lien_interne\" rel=\"noopener\">Mission Locale \u2013 Lille Avenirs<\/a>, <a href=\"https:\/\/euradio.fr\/\" target=\"_self\" class=\"lien_interne\" rel=\"noopener\">Euradio<\/a>, <a href=\"https:\/\/www.lianescooperation.org\/\" target=\"_self\" class=\"lien_interne\" rel=\"noopener\">Lianes Coop\u00e9ration<\/a>, les centres sociaux,&#8230;) et qui favorisent les \u00e9changes entre citoyens et citoyennes des villes jumel\u00e9es.<\/p>\n<p>L\u2019un des axes de soutien est l\u2019accompagnement de centres sociaux, d\u2019associations ou encore des structures \u00e9ducatives dans la mobilit\u00e9 des jeunes\u00a0\u00e0 travers des rencontres sportives et culturelles et sur des th\u00e9matiques d\u2019interculturalit\u00e9 et de lutte contre les discriminations.<\/p>\n<ul class=\"listPuce\">\n<li>En 2025, le <a href=\"https:\/\/www.lille.fr\/Nos-equipements\/Centre-social-Roger-Salengro\" target=\"_self\" class=\"lien_interne\" rel=\"noopener\">centre social Roger Salengro<\/a> a permis \u00e0 12 jeunes de partir en voyage \u00e0 Cologne pour une semaine d\u2019\u00e9changes interculturels, les partenaires allemands viendront prochainement \u00e0 Lille.<\/li>\n<li>De la m\u00eame mani\u00e8re, un groupe de 9 jeunes de la <a href=\"https:\/\/www.lille.fr\/Nos-equipements\/Maison-de-quartier-les-Moulins\" target=\"_self\" class=\"lien_interne\" rel=\"noopener\">Maison de Quartier Les Moulins<\/a> a visit\u00e9 Leeds en 2025, et nou\u00e9 des liens avec les jeunes de Seacroft accompagn\u00e9s par ChapelFM. Les jeunes lillois et loiners (habitants de Leeds) esp\u00e8rent se retrouver \u00e0 l\u2019automne \u00e0 Lille. Vous trouverez <a href=\"https:\/\/www.chapelfm.co.uk\/elfm-player\/archive\/2025\/05\/lille-leeds-sister-city-youth-teenagers-from-moulins-seacroft\/\" target=\"_self\" class=\"lien_interne\" rel=\"noopener\">ici<\/a> un petit reportage de leurs d\u00e9couvertes \u00e0 Leeds.<\/li>\n<li>Enfin, pr\u00e8s de 30 jeunes de Lille <a href=\"https:\/\/www.facebook.com\/watch\/?mibextid=wwXIfr&amp;v=2682207665306372&amp;rdid=SmRfZoTuuwEQqBg9\" target=\"_self\" class=\"lien_interne\" rel=\"noopener\">(accompagn\u00e9s par le centre social Projet \u2013 Faubourg de B\u00e9thune<\/a>), Cologne et Oujda ont r\u00e9alis\u00e9 un chantier agro\u00e9cologique \u00e0 Oujda en juin 2025. Les jeunes Lillois esp\u00e8rent accueillir prochainement \u00e0 Lille leurs partenaires oujdis en r\u00e9ciprocit\u00e9.<\/li>\n<li>La Ville soutient \u00e9galement des mobilit\u00e9s d\u2019immersion professionnelle des \u00e9tudiants et apprentis, comme ceux du Lyc\u00e9e H\u00f4telier International de Lille (LHIL) \u00e0 Erfurt. Depuis plus de 10 ans, les apprentis du LHIL ont la possibilit\u00e9 de partir 3 semaines \u00e0 Erfurt o\u00f9 ils font des stages aux c\u00f4t\u00e9s d\u2019apprentis allemands de la Berufsschule. Les jeunes Erfurtois sont ensuite accueillis 3 semaines \u00e0 Lille pour des stages et visites culturelles.<\/li>\n<\/ul>\n<p><strong>Les services civiques <\/strong><\/p>\n<p>La mobilit\u00e9 internationale passe \u00e9galement par l\u2019envoi et l\u2019accueil de jeunes en service civique international.<\/p>\n<ul class=\"listPuce\">\n<li>En 2025, la Ville de Lille, en lien avec la mission locale \u2013 <a href=\"https:\/\/lilleavenirs.fr\/\" target=\"_self\" class=\"lien_interne\" rel=\"noopener\">Lille Avenirs<\/a>, a accompagn\u00e9 6 jeunes pour des services civiques internationaux \u00e0 Saint Louis au S\u00e9n\u00e9gal et \u00e0 Oujda au Maroc.<\/li>\n<li>En 2024-25, pour la deuxi\u00e8me ann\u00e9e cons\u00e9cutive, la Ville de Lille a accueilli des volontaires en service civique de notre ville jumel\u00e9e de Leeds. Les jeunes sont intervenues dans des \u00e9coles et centres sociaux pour faire vivre la langue et la culture britannique aupr\u00e8s des jeunes lillois et lilloises.<\/li>\n<\/ul>\n<p><strong>Les \u00e9tudiants internationaux<\/strong><\/p>\n<p>La Ville de Lille se mobilise \u00e9galement pour l\u2019accueil des \u00e9tudiants internationaux dans les nombreuses universit\u00e9s et grandes \u00e9coles du territoire. Les groupes d\u2019\u00e9tudiants \u00e9trangers peuvent \u00eatre accueillis pour des visites de l\u2019H\u00f4tel de Ville ou des r\u00e9unions d\u2019information et de pr\u00e9sentation des actions de la Ville de Lille pour les \u00e9tudiants. Les services de la municipalit\u00e9 travaillent en \u00e9troite collaboration avec les universit\u00e9s et \u00e9coles pour assurer aux jeunes la meilleure exp\u00e9rience possible pendant leurs \u00e9tudes \u00e0 Lille.<\/p>\n<p><strong>Les projets de coop\u00e9ration <\/strong><\/p>\n<p>Un volet mobilit\u00e9 jeunesse int\u00e8gre les projets de coop\u00e9ration men\u00e9s par la Ville de Lille et ses villes jumelles.<\/p>\n<ul class=\"listPuce\">\n<li>Avec Naplouse, notamment dans le cadre du projet du \u00ab\u00a0Nablus Boulevard\u00a0\u00bb &#8212; co-financ\u00e9 par l\u2019Agence Fran\u00e7aise de D\u00e9veloppement (AFD) &#8212; une dizaine d\u2019\u00e9tudiants ont \u00e9t\u00e9 accueillis \u00e0 Lille au Conseil d&rsquo;Architecture, d&rsquo;Urbanisme et de l&rsquo;Environnement (CAUE du Nord) pour des stages depuis 2015. Dans le cadre du projet \u00ab\u00a0<a href=\"https:\/\/www.lille.fr\/Votre-Mairie\/Les-relations-internationales\/Le-projet-Mostakbalouna-Notre-Avenir-Lille-Oujda-pour-le-climat-et-l-energie-durable\" target=\"_self\" class=\"lien_interne\" rel=\"noopener\">Mostakbalouna (notre avenir) &#8211; Lille-Oujda pour le climat et l&rsquo;\u00e9nergie durable\u00a0<\/a>\u00bb, \u00e9galement co-financ\u00e9 par l\u2019AFD, une trentaine d\u2019\u00e9tudiants de l\u2019\u00c9cole Nationale Sup\u00e9rieure d&rsquo;Architecture et de Paysage de Lille (ENSAPL) ont visit\u00e9 la ville marocaine avec le lancement du projet. Cette visite sera suivie de la venue d\u2019une vingtaine d\u2019\u00e9tudiants oujdis de l\u2019\u00c9cole Nationale d&rsquo;Architecture d&rsquo;Oujda (ENAO) qui viendront \u00e0 Lille pour des visites d\u2019\u00e9tudes pendant la semaine de l\u2019\u00e9cologie organis\u00e9e par l\u2019ENSAPL en octobre 2025.<\/li>\n<li>Dans le cadre du projet \u00ab\u00a0E3B pour une \u00e9cole biosourc\u00e9e, bioclimatique et bas-carbone\u00a0\u00bb \u00e0 Saint-Louis, co-financ\u00e9 par le Minist\u00e8re de l\u2019Europe et des Affaires Etrang\u00e8res, plus que 50 \u00e9tudiants de l\u2019ENSAPL se sont rendus \u00e0 Saint-Louis dans le cadre d\u2019un semestre du master \u00ab Mat\u00e9rialit\u00e9 et Culture et Pens\u00e9e constructive\u00a0\u00bb pour travailler sur un chantier-\u00e9cole.<\/li>\n<li>Par ailleurs, la Ville de Lille soutient le dispositif de bourses \u00e0 co\u00fbts partag\u00e9s, conjointement avec l\u2019Universit\u00e9 de Lille et le Consulat G\u00e9n\u00e9ral de France \u00e0 Jerusalem, permettant chaque ann\u00e9e l\u2019accueil de 3 \u00e9tudiants de l\u2019Universit\u00e9 An-Najah de Naplouse, en master ou doctorat \u00e0 l\u2019Universit\u00e9 de Lille.<\/li>\n<\/ul>\n","protected":false},"excerpt":{"rendered":"La Ville de Lille soutient la mobilit\u00e9 des jeunes \u00e0 travers de nombreux partenariats et projets SCI de&hellip;\n","protected":false},"author":2,"featured_media":267570,"comment_status":"","ping_status":"","sticky":false,"template":"","format":"standard","meta":{"footnotes":""},"categories":[2815],"tags":[1111,11,4763,1777,674,1011,27,811,1307,5415,12,25],"class_list":{"0":"post-267569","1":"post","2":"type-post","3":"status-publish","4":"format-standard","5":"has-post-thumbnail","7":"category-lille","8":"tag-actu","9":"tag-actualites","10":"tag-agenda","11":"tag-eu","12":"tag-europe","13":"tag-fr","14":"tag-france","15":"tag-hauts-de-france","16":"tag-lille","17":"tag-mairie","18":"tag-news","19":"tag-republique-francaise"},"share_on_mastodon":{"url":"https:\/\/pubeurope.com\/@fr\/114901608403602593","error":""},"_links":{"self":[{"href":"https:\/\/www.europesays.com\/fr\/wp-json\/wp\/v2\/posts\/267569","targetHints":{"allow":["GET"]}}],"collection":[{"href":"https:\/\/www.europesays.com\/fr\/wp-json\/wp\/v2\/posts"}],"about":[{"href":"https:\/\/www.europesays.com\/fr\/wp-json\/wp\/v2\/types\/post"}],"author":[{"embeddable":true,"href":"https:\/\/www.europesays.com\/fr\/wp-json\/wp\/v2\/users\/2"}],"replies":[{"embeddable":true,"href":"https:\/\/www.europesays.com\/fr\/wp-json\/wp\/v2\/comments?post=267569"}],"version-history":[{"count":0,"href":"https:\/\/www.europesays.com\/fr\/wp-json\/wp\/v2\/posts\/267569\/revisions"}],"wp:featuredmedia":[{"embeddable":true,"href":"https:\/\/www.europesays.com\/fr\/wp-json\/wp\/v2\/media\/267570"}],"wp:attachment":[{"href":"https:\/\/www.europesays.com\/fr\/wp-json\/wp\/v2\/media?parent=267569"}],"wp:term":[{"taxonomy":"category","embeddable":true,"href":"https:\/\/www.europesays.com\/fr\/wp-json\/wp\/v2\/categories?post=267569"},{"taxonomy":"post_tag","embeddable":true,"href":"https:\/\/www.europesays.com\/fr\/wp-json\/wp\/v2\/tags?post=267569"}],"curies":[{"name":"wp","href":"https:\/\/api.w.org\/{rel}","templated":true}]}}