{"id":26757,"date":"2025-04-15T14:43:09","date_gmt":"2025-04-15T14:43:09","guid":{"rendered":"https:\/\/www.europesays.com\/fr\/26757\/"},"modified":"2025-04-15T14:43:09","modified_gmt":"2025-04-15T14:43:09","slug":"en-30-ans-de-metier-je-navais-jamais-vu-une-telle-baisse-les-francais-boudent-les-voyages-aux-etats-unis-depuis-le-retour-de-trump-selon-le-pdg-de-voyageurs-du-monde","status":"publish","type":"post","link":"https:\/\/www.europesays.com\/fr\/26757\/","title":{"rendered":"\u00ab\u00a0En 30 ans de m\u00e9tier, je n\u2019avais jamais vu une telle baisse\u00a0\u00bb: les Fran\u00e7ais boudent les voyages aux \u00c9tats-Unis depuis le retour de Trump, selon le PDG de Voyageurs du Monde\u00a0"},"content":{"rendered":"<p>Jean-Fran\u00e7ois Rial, PDG de Voyageurs du Monde (qui a une agence rue du Mar\u00e9chal Joffre \u00e0 Nice),<strong> aime bien parler \u00ab\u00a0cash\u00a0\u00bb. <\/strong><\/p>\n<p>Si de nombreux Fran\u00e7ais boudent les \u00c9tats-Unis et que <strong>les r\u00e9servations <\/strong><strong>\u00ab\u00a0ont chut\u00e9 en moyenne de 20%\u00a0\u00bb<\/strong><strong> depuis le mois de janvier<\/strong>, \u00ab\u00a0c\u2019est \u00e0 cause de Donald Trump\u00a0\u00bb.\u00a0<\/p>\n<p>\u00ab\u00a0Ils ne veulent plus mettre les pieds dans le pays tant qu\u2019il agira ainsi\u00a0\u00bb, affirme-t-il, <strong>peu chamboul\u00e9 par la d\u00e9marche de ses concitoyens. <\/strong><\/p>\n<p>La preuve de ce qu\u2019il avance? \u201cNos r\u00e9servations en g\u00e9n\u00e9ral n\u2019ont pas baiss\u00e9, elles ont m\u00eame l\u00e9g\u00e8rement augment\u00e9 en f\u00e9vrier et mars.\u00a0\u00bb <strong>Cela coince uniquement pour le pays de l\u2019oncle Sam\u2026\u00a0<\/strong><\/p>\n<p>Un \u00ab\u00a0boycott politique\u00a0\u00bb que <strong>le voyagiste compense par d\u2019autres destinations<\/strong> toujours pl\u00e9biscit\u00e9es par cette typologie de clients relativement ais\u00e9s, qui se rabattent alors sur le Canada, l\u2019Australie, l\u2019Afrique du Sud ou la Nouvelle-Z\u00e9lande. <\/p>\n<p><strong>C\u2019est la double peine pour les \u00c9tats-Unis<\/strong>, qui avait d\u00e9j\u00e0 connu une <strong>baisse de fr\u00e9quentation en 2024, avec la hausse du dollar<\/strong>.<\/p>\n<p>\u00ab\u00a0Tant que les touristes fran\u00e7ais choisissent une autre destination, cela ne me g\u00eane pas. Ce n\u2019est pas comme s\u2019ils annulaient tout\u00a0\u00bb, <strong>r\u00e9pond-il avec une dr\u00f4le de franchise<\/strong>. <\/p>\n<p>Pas du genre \u00e0 minimiser <strong>l\u2019impact de ces temps incertains sur ses ventes,\u00a0<\/strong>comme l&rsquo;ont fait d&rsquo;autres grandes agences de voyages.<\/p>\n<p>                                Les Am\u00e9ricains continuent, eux, de venir en France<\/p>\n<p>En 30 ans de carri\u00e8re dans le secteur du tourisme, <strong>il dit m\u00eame <\/strong><strong>\u00ab\u00a0n\u2019avoir jamais vu \u00e7a\u00a0\u00bb<\/strong>, sauf peut-\u00eatre \u00e0 la marge, par exemple lorsque l\u2019extr\u00eame droite s\u2019\u00e9tait retrouv\u00e9e proche du pouvoir en Autriche (avec J\u00f6rg Haider, en 2000).\u00a0<\/p>\n<p>\u00ab\u00a0Mais l\u2019Autriche est un petit pays, ce n\u2019est pas un acteur majeur du secteur.\u00a0\u00bb<\/p>\n<p>De plus, ce boycott ne se limite pas aux Fran\u00e7ais. <\/p>\n<p><strong>\u00ab\u00a0Cela concerne tous les voyageurs europ\u00e9ens: Allemands, Irlandais, Anglais\u2026\u00a0\u00bb<\/strong>, pr\u00e9cise Jean-Fran\u00e7ois Rial. Qui note toutefois une diff\u00e9rence notable entre le tourisme de loisir et les voyages d\u2019affaires: \u00ab\u00a0Pour le moment, le trafic des voyages d\u2019affaires n\u2019a pas \u00e9t\u00e9 affect\u00e9.\u00a0\u00bb<\/p>\n<p>Concernant le tourisme, \u00ab\u00a0cela va revenir \u00e0 un moment donn\u00e9, esp\u00e8re-t-il, mais pas tout de suite.<strong> Il faudra une opposition am\u00e9ricaine forte<\/strong> pour faire changer d\u2019avis ces voyageurs fran\u00e7ais\u00a0\u00bb.\u00a0<\/p>\n<p>\u00c0 noter, en sa qualit\u00e9 d\u2019<strong>ex-pr\u00e9sident de l\u2019Office de tourisme de Paris<\/strong> (la plateforme <a href=\"https:\/\/parisjetaime.com\/\" target=\"_blank\" rel=\"noopener nofollow\">Paris je t\u2019aime<\/a>), Jean-Fran\u00e7ois Rial se permet d\u2019apporter un \u00e9clairage int\u00e9ressant sur la r\u00e9ciproque, \u00e0 savoir<strong> la pr\u00e9sence des touristes am\u00e9ricains en France<\/strong>. <\/p>\n<p><strong>\u00ab\u00a0<\/strong><strong>Le march\u00e9 des touristes am\u00e9ricains en France se porte tr\u00e8s bien\u00a0\u00bb<\/strong>, r\u00e9sume-t-il. <\/p>\n<p>L\u2019homme d\u2019affaires explique cette diff\u00e9rence par <strong>le tr\u00e8s haut pouvoir d\u2019achat des voyageurs am\u00e9ricains en Europe<\/strong>: \u00ab\u00a0Le contexte \u00e9conomique ne les affectera pas dans l\u2019imm\u00e9diat.\u00a0\u00bb<\/p>\n","protected":false},"excerpt":{"rendered":"Jean-Fran\u00e7ois Rial, PDG de Voyageurs du Monde (qui a une agence rue du Mar\u00e9chal Joffre \u00e0 Nice), aime&hellip;\n","protected":false},"author":2,"featured_media":26758,"comment_status":"","ping_status":"","sticky":false,"template":"","format":"standard","meta":{"footnotes":""},"categories":[6],"tags":[35,33,34,1011,27,602],"class_list":{"0":"post-26757","1":"post","2":"type-post","3":"status-publish","4":"format-standard","5":"has-post-thumbnail","7":"category-economie","8":"tag-business","9":"tag-economie","10":"tag-economy","11":"tag-fr","12":"tag-france","13":"tag-tourisme"},"share_on_mastodon":{"url":"https:\/\/pubeurope.com\/@fr\/114342514276103122","error":""},"_links":{"self":[{"href":"https:\/\/www.europesays.com\/fr\/wp-json\/wp\/v2\/posts\/26757","targetHints":{"allow":["GET"]}}],"collection":[{"href":"https:\/\/www.europesays.com\/fr\/wp-json\/wp\/v2\/posts"}],"about":[{"href":"https:\/\/www.europesays.com\/fr\/wp-json\/wp\/v2\/types\/post"}],"author":[{"embeddable":true,"href":"https:\/\/www.europesays.com\/fr\/wp-json\/wp\/v2\/users\/2"}],"replies":[{"embeddable":true,"href":"https:\/\/www.europesays.com\/fr\/wp-json\/wp\/v2\/comments?post=26757"}],"version-history":[{"count":0,"href":"https:\/\/www.europesays.com\/fr\/wp-json\/wp\/v2\/posts\/26757\/revisions"}],"wp:featuredmedia":[{"embeddable":true,"href":"https:\/\/www.europesays.com\/fr\/wp-json\/wp\/v2\/media\/26758"}],"wp:attachment":[{"href":"https:\/\/www.europesays.com\/fr\/wp-json\/wp\/v2\/media?parent=26757"}],"wp:term":[{"taxonomy":"category","embeddable":true,"href":"https:\/\/www.europesays.com\/fr\/wp-json\/wp\/v2\/categories?post=26757"},{"taxonomy":"post_tag","embeddable":true,"href":"https:\/\/www.europesays.com\/fr\/wp-json\/wp\/v2\/tags?post=26757"}],"curies":[{"name":"wp","href":"https:\/\/api.w.org\/{rel}","templated":true}]}}