{"id":267575,"date":"2025-07-23T08:31:08","date_gmt":"2025-07-23T08:31:08","guid":{"rendered":"https:\/\/www.europesays.com\/fr\/267575\/"},"modified":"2025-07-23T08:31:08","modified_gmt":"2025-07-23T08:31:08","slug":"le-nouveau-jardin-schwartz-a-lyon-fait-vivre-un-enfer-aux-habitants-du-quartier","status":"publish","type":"post","link":"https:\/\/www.europesays.com\/fr\/267575\/","title":{"rendered":"le nouveau jardin Schwartz \u00e0 Lyon fait vivre un enfer aux habitants du quartier"},"content":{"rendered":"<p>Le 18 mai dernier, le jardin Louise et Joseph Schwartz \u00e9tait inaugur\u00e9 en grande pompe par les \u00e9lus \u00e9cologistes dans le quartier Grand Trou du 8e arrondissement de Lyon.<\/p>\n<p>Des plantations, des jeux pour enfants, une fontaine : de quoi embellir le quotidien des habitants de ces nouveaux logements construits r\u00e9cemment.<\/p>\n<p>Du moins, sur le papier.<\/p>\n<p>Car si le Progr\u00e8s se faisait l&rsquo;\u00e9cho d&rsquo;un jardin faisant alors\u00a0\u00ab\u00a0l&rsquo;unanimit\u00e9\u00a0\u00bb, et que l&rsquo;adjoint au maire de Lyon charg\u00e9 de la V\u00e9g\u00e9talisation, <a href=\"https:\/\/www.lyonmag.com\/profil-personnalite-lyonnaise\/644\/gautier-chapuis\" target=\"_blank\" rel=\"noopener\">Gautier Chapuis<\/a>, incitait les Lyonnais \u00e0 voter pour les \u00e9cologistes l&rsquo;an prochain s&rsquo;ils voulaient \u00ab\u00a0plus d\u2019espaces tels que celui-ci\u00a0\u00bb, la r\u00e9alit\u00e9 a vite rattrap\u00e9 tout le monde. Ou plut\u00f4t uniquement les riverains comme Anna qui disent vivre un enfer pendant que les \u00e9lus se f\u00e9licitent encore de cet am\u00e9nagement.<\/p>\n<p>Depuis plus d\u2019un mois, Anna, \u00e0 l&rsquo;instar de beaucoup d&rsquo;habitants des immeubles situ\u00e9s en bordure du nouveau jardin, se plaint de nuisances sonores.<\/p>\n<p>La journ\u00e9e, les fa\u00e7ades des b\u00e2timents r\u00e9verb\u00e8rent les cris des enfants qui jouent. Le soir, et parfois jusqu\u2019\u00e0 tard dans la nuit, un groupe de cinq \u00e0 six individus dont certains sont mineurs, squattent le jardin et n\u2019h\u00e9sitent pas \u00e0 mettre leur musique \u00e0 fond, tout en consommant de la drogue et en mena\u00e7ant ceux qui r\u00e9clament le silence.<\/p>\n<p>\u00ab\u00a0En d\u00e9but de semaine, un habitant a re\u00e7u des menaces de la part d\u2019un des individus, car il promenait son chien. Eux poss\u00e8dent des chiens non tenus en laisse, l\u2019un d&rsquo;eux est venu et a tent\u00e9 de l\u2019attaquer. Fort heureusement, il y avait la grille entre eux pour \u00e9viter un drame. Les jeunes sont quand m\u00eame venus vers lui en lui disant : \u2018on va tirer sur ton chien\u2019\u00a0\u00bb, explique Anna.<\/p>\n<p>Les jours pr\u00e9c\u00e9dant la f\u00eate nationale, ces individus ont tir\u00e9 des mortiers d\u2019artifice en l\u2019air dans le jardin. \u00ab\u00a0Et le 14 juillet, ils ont tir\u00e9 \u00e0 2h du matin\u00a0\u00bb, ajoute-t-elle.<\/p>\n<p><strong>Des r\u00e9ponses de la mairie pas satisfaisantes<\/strong><\/p>\n<p>Face \u00e0 ces actes de d\u00e9linquance \u00e0 r\u00e9p\u00e9tition, la jeune femme a tent\u00e9 de faire bouger les choses en appelant d&rsquo;abord la police qui n&rsquo;est venue qu&rsquo;une fois, faisant d\u00e9guerpir les jeunes bruyants. Puis en contactant \u00e0 de multiples reprises la Ville de Lyon.<\/p>\n<p>Et les r\u00e9ponses donn\u00e9es par les \u00e9cologistes n&rsquo;ont pas du tout convaincu. Selon ces derniers, les nuisances caus\u00e9es par les enfants seraient \u00e9quivalentes \u00ab\u00a0au bruit des voitures\u00a0\u00bb que tout un chacun aurait sous ses fen\u00eatres dans le reste de la ville. Concernant les incivilit\u00e9s et le bruit, des panneaux demandant aux gens d&rsquo;adopter un comportement civique ont \u00e9t\u00e9 install\u00e9s. Et pas question de fermer l&rsquo;acc\u00e8s au parc la nuit, puisque \u00ab\u00a0ce n\u2019est pas un parc, mais un passage entre deux rues\u00a0\u00bb.<\/p>\n<p>\u00c0 bout de nerfs, Anna et les habitants du quartier r\u00e9clament aujourd\u2019hui l&rsquo;instauration d&rsquo;horaires d\u2019ouverture et de fermeture du parc, ainsi que la ronde d\u2019un agent de la municipalit\u00e9 pour contr\u00f4ler.<\/p>\n<p>Une <a href=\"https:\/\/www.change.org\/p\/nuisances-sonores-nocturnes-r%C3%A9p%C3%A9t%C3%A9es-aux-jardins-schwarz?redirect_reason=guest_user\" target=\"_blank\" rel=\"noopener\">p\u00e9tition en ligne<\/a> a \u00e9t\u00e9 lanc\u00e9e.<\/p>\n<p>\u00ab\u00a0On en vient au point o\u00f9 l\u2019on se dit qu&rsquo;on va d\u00e9m\u00e9nager si rien ne change\u00a0\u00bb, conclut la jeune Lyonnaise, d\u00e9sabus\u00e9e par ce projet prometteur mais mal pens\u00e9.<\/p>\n","protected":false},"excerpt":{"rendered":"Le 18 mai dernier, le jardin Louise et Joseph Schwartz \u00e9tait inaugur\u00e9 en grande pompe par les \u00e9lus&hellip;\n","protected":false},"author":2,"featured_media":267576,"comment_status":"","ping_status":"","sticky":false,"template":"","format":"standard","meta":{"footnotes":""},"categories":[1889],"tags":[1111,11,2813,2190,2430,1109,251,1112,2811,1777,674,118,1011,27,1922,1110,1114,2428,2810,12,241,316,25,2812,517,800],"class_list":{"0":"post-267575","1":"post","2":"type-post","3":"status-publish","4":"format-standard","5":"has-post-thumbnail","7":"category-lyon","8":"tag-actu","9":"tag-actualites","10":"tag-article","11":"tag-asvel","12":"tag-auvergne-rhone-alpes","13":"tag-breves","14":"tag-culture","15":"tag-depeches","16":"tag-economique","17":"tag-eu","18":"tag-europe","19":"tag-faits-divers","20":"tag-fr","21":"tag-france","22":"tag-info","23":"tag-informations","24":"tag-infos","25":"tag-lyon","26":"tag-lyonmag","27":"tag-news","28":"tag-ol","29":"tag-politique","30":"tag-republique-francaise","31":"tag-sociale","32":"tag-sport","33":"tag-transports"},"share_on_mastodon":{"url":"https:\/\/pubeurope.com\/@fr\/114901620096455302","error":""},"_links":{"self":[{"href":"https:\/\/www.europesays.com\/fr\/wp-json\/wp\/v2\/posts\/267575","targetHints":{"allow":["GET"]}}],"collection":[{"href":"https:\/\/www.europesays.com\/fr\/wp-json\/wp\/v2\/posts"}],"about":[{"href":"https:\/\/www.europesays.com\/fr\/wp-json\/wp\/v2\/types\/post"}],"author":[{"embeddable":true,"href":"https:\/\/www.europesays.com\/fr\/wp-json\/wp\/v2\/users\/2"}],"replies":[{"embeddable":true,"href":"https:\/\/www.europesays.com\/fr\/wp-json\/wp\/v2\/comments?post=267575"}],"version-history":[{"count":0,"href":"https:\/\/www.europesays.com\/fr\/wp-json\/wp\/v2\/posts\/267575\/revisions"}],"wp:featuredmedia":[{"embeddable":true,"href":"https:\/\/www.europesays.com\/fr\/wp-json\/wp\/v2\/media\/267576"}],"wp:attachment":[{"href":"https:\/\/www.europesays.com\/fr\/wp-json\/wp\/v2\/media?parent=267575"}],"wp:term":[{"taxonomy":"category","embeddable":true,"href":"https:\/\/www.europesays.com\/fr\/wp-json\/wp\/v2\/categories?post=267575"},{"taxonomy":"post_tag","embeddable":true,"href":"https:\/\/www.europesays.com\/fr\/wp-json\/wp\/v2\/tags?post=267575"}],"curies":[{"name":"wp","href":"https:\/\/api.w.org\/{rel}","templated":true}]}}