{"id":267583,"date":"2025-07-23T08:36:15","date_gmt":"2025-07-23T08:36:15","guid":{"rendered":"https:\/\/www.europesays.com\/fr\/267583\/"},"modified":"2025-07-23T08:36:15","modified_gmt":"2025-07-23T08:36:15","slug":"real-madrid-pourquoi-kylian-mbappe-ne-portera-plus-le-numero-9-la-saison-prochaine","status":"publish","type":"post","link":"https:\/\/www.europesays.com\/fr\/267583\/","title":{"rendered":"Real Madrid : pourquoi Kylian Mbapp\u00e9 ne portera plus le num\u00e9ro 9 la saison prochaine"},"content":{"rendered":"<p class=\"paragraph text_align_left lp-f-body-02\">Comme Cristiano Ronaldo, pass\u00e9 du num\u00e9ro 9 au num\u00e9ro 7 apr\u00e8s une premi\u00e8re saison au Real Madrid, <a href=\"https:\/\/www.leparisien.fr\/sports\/football\/kylian-mbappe\/\" target=\"_blank\" rel=\"noreferrer nofollow noopener\">Kylian Mbapp\u00e9<\/a> va changer de maillot. Comme annonc\u00e9 par <a href=\"https:\/\/www.lequipe.fr\/Football\/Actualites\/Au-real-madrid-kylian-mbappe-portera-le-numero-10\/1580061\" target=\"_blank\" rel=\"noreferrer nofollow noopener\">L\u2019\u00c9quipe <\/a>ce mardi, l\u2019attaquant tricolore va passer du num\u00e9ro 9 au num\u00e9ro 10, laiss\u00e9 vacant <a href=\"https:\/\/www.leparisien.fr\/sports\/football\/je-ne-pouvais-pas-imaginer-tout-ce-qui-est-arrive-luka-modric-annonce-son-depart-du-real-madrid-22-05-2025-AXWMX4KGPZG5ZO65JCQHFP5SLY.php\" target=\"_blank\" rel=\"noreferrer nofollow noopener\">apr\u00e8s le d\u00e9part de Luka Modric<\/a>. <\/p>\n<p class=\"paragraph text_align_left lp-f-body-02\">Un num\u00e9ro que le champion du monde 2018 aurait pu avoir d\u00e8s cette saison sans la prolongation du Croate pour une ultime ann\u00e9e en Espagne. Mais Luka Modric est d\u00e9sormais un joueur de l\u2019AC Milan et le l\u00e9gendaire num\u00e9ro 10 cherchait son nouveau preneur. <\/p>\n<p class=\"paragraph text_align_left lp-f-body-02\">Comme en \u00e9quipe de France, il reviendra donc d\u00e9sormais \u00e0 Kylian Mbapp\u00e9, auteur de 45 buts en 62 matchs toutes comp\u00e9titions confondues avec le Real Madrid pour sa premi\u00e8re saison. De quoi plaire \u00e0 l\u2019ancien attaquant du PSG mais aussi aux finances du club espagnol, qui vendra de nouveaux maillots au nom du Bondynois. <\/p>\n<p class=\"paragraph text_align_left lp-f-body-02\">Sur le site officiel du Real Madrid, il est actuellement impossible d\u2019acheter la tunique Mbapp\u00e9 floqu\u00e9e du num\u00e9ro 10. L\u2019officialisation de ce changement devrait intervenir dans les prochains jours. <\/p>\n","protected":false},"excerpt":{"rendered":"Comme Cristiano Ronaldo, pass\u00e9 du num\u00e9ro 9 au num\u00e9ro 7 apr\u00e8s une premi\u00e8re saison au Real Madrid, Kylian&hellip;\n","protected":false},"author":2,"featured_media":267584,"comment_status":"","ping_status":"","sticky":false,"template":"","format":"standard","meta":{"footnotes":""},"categories":[1888],"tags":[1111,1928,11,1927,207,1777,674,1011,27,12,1926,626,1925,25,60,210],"class_list":{"0":"post-267583","1":"post","2":"type-post","3":"status-publish","4":"format-standard","5":"has-post-thumbnail","7":"category-paris","8":"tag-actu","9":"tag-actu-paris","10":"tag-actualites","11":"tag-actualites-paris","12":"tag-cyclisme","13":"tag-eu","14":"tag-europe","15":"tag-fr","16":"tag-france","17":"tag-news","18":"tag-news-paris","19":"tag-paris","20":"tag-paris-news","21":"tag-republique-francaise","22":"tag-sports","23":"tag-tour-de-france"},"share_on_mastodon":{"url":"https:\/\/pubeurope.com\/@fr\/114901639816305365","error":""},"_links":{"self":[{"href":"https:\/\/www.europesays.com\/fr\/wp-json\/wp\/v2\/posts\/267583","targetHints":{"allow":["GET"]}}],"collection":[{"href":"https:\/\/www.europesays.com\/fr\/wp-json\/wp\/v2\/posts"}],"about":[{"href":"https:\/\/www.europesays.com\/fr\/wp-json\/wp\/v2\/types\/post"}],"author":[{"embeddable":true,"href":"https:\/\/www.europesays.com\/fr\/wp-json\/wp\/v2\/users\/2"}],"replies":[{"embeddable":true,"href":"https:\/\/www.europesays.com\/fr\/wp-json\/wp\/v2\/comments?post=267583"}],"version-history":[{"count":0,"href":"https:\/\/www.europesays.com\/fr\/wp-json\/wp\/v2\/posts\/267583\/revisions"}],"wp:featuredmedia":[{"embeddable":true,"href":"https:\/\/www.europesays.com\/fr\/wp-json\/wp\/v2\/media\/267584"}],"wp:attachment":[{"href":"https:\/\/www.europesays.com\/fr\/wp-json\/wp\/v2\/media?parent=267583"}],"wp:term":[{"taxonomy":"category","embeddable":true,"href":"https:\/\/www.europesays.com\/fr\/wp-json\/wp\/v2\/categories?post=267583"},{"taxonomy":"post_tag","embeddable":true,"href":"https:\/\/www.europesays.com\/fr\/wp-json\/wp\/v2\/tags?post=267583"}],"curies":[{"name":"wp","href":"https:\/\/api.w.org\/{rel}","templated":true}]}}