{"id":267593,"date":"2025-07-23T08:41:10","date_gmt":"2025-07-23T08:41:10","guid":{"rendered":"https:\/\/www.europesays.com\/fr\/267593\/"},"modified":"2025-07-23T08:41:10","modified_gmt":"2025-07-23T08:41:10","slug":"le-japon-conclut-un-enorme-accord-commercial-avec-les-etats-unis-les-droits-de-douane-fixes-a-15-actualites","status":"publish","type":"post","link":"https:\/\/www.europesays.com\/fr\/267593\/","title":{"rendered":"Le Japon conclut un \u00ab\u00a0\u00e9norme accord\u00a0\u00bb commercial avec les \u00c9tats-Unis, les droits de douane fix\u00e9s \u00e0 15 % : Actualit\u00e9s"},"content":{"rendered":"<p class=\"lead \"><strong> Alors que Trump relance sa guerre commerciale, un accord conclu avec le Japon fixe les taxes sur les produits nippons export\u00e9s vers les \u00c9tats-Unis \u00e0 15 %. Le Japon a aussi accept\u00e9 d\u2019ouvrir son commerce \u00e0 de nouveaux produits am\u00e9ricains. <\/strong><\/p>\n<p class=\"lead \">Face \u00e0 la menace de Donald Trump, pourtant alli\u00e9 du Japon, de rehausser les droits de douane \u00e0 25 % (contre 10 % actuellement) sur les produits export\u00e9s aux \u00c9tats-Unis, le pays nippon a conclu un accord les fixant \u00e0 15 %, rapporte la <a href=\"https:\/\/www.bbc.com\/news\/articles\/cpwq4dljjdko\" target=\"_blank\" rel=\"nofollow noopener\">BBC<\/a>, ce 23 juillet. Le pr\u00e9sident am\u00e9ricain s\u2019en est r\u00e9joui, dans la soir\u00e9e du 22 juillet, sur sa plateforme Truth Social, vantant un \u00ab\u00a0\u00e9norme accord commercial\u00a0\u00bb. L\u2019acier et l\u2019aluminium nippons, comme en Europe, restent eux tax\u00e9s \u00e0 50 %. <\/p>\n<p class=\"lead \">Ces taxes devraient, selon le pr\u00e9sident am\u00e9ricain, permettre la cr\u00e9ation de \u00ab\u00a0centaines de milliers d\u2019emplois\u00a0\u00bb. Elles seront accompagn\u00e9es d&rsquo;investissements japonais aux \u00c9tats-Unis \u00e0 hauteur de 470 milliards d\u2019euros (550 milliards de dollars), dont les \u00c9tats-Unis, toujours selon Donald Trump, devraient percevoir 90 % des b\u00e9n\u00e9fices. <\/p>\n<p class=\"lead \">C\u00f4t\u00e9 japonais, le Premier ministre Shigeru Ishiba s\u2019est lui f\u00e9licit\u00e9 d\u2019avoir r\u00e9ussi \u00e0 faire baisser les droits de douane sur les automobiles japonaises \u00ab\u00a0sans limite ni restriction de volume\u00a0\u00bb. Les exportations de voitures repr\u00e9sentaient, en 2024, pr\u00e8s de 30 % des exportations nippones vers les \u00c9tats-Unis. <\/p>\n<p>                                                                                                Le commerce japonais ouvert aux voitures et au riz am\u00e9ricains<\/p>\n<p class=\"lead \">\u00ab\u00a0Plus important\u00a0\u00bb encore, a ajout\u00e9 Donald Trump, l\u2019accord pr\u00e9voit pour le Japon d\u2019accepter d\u2019ouvrir son commerce \u00e0 l\u2019importation de nouveaux produits am\u00e9ricains. Parmi eux, \u00ab\u00a0des voitures et des pick-up, du riz et d\u2019un certain nombre d\u2019autres produits agricoles, et d&rsquo;autres choses\u00a0\u00bb. L\u2019importation de riz \u00e9tait un enjeu important au Japon, qui a toujours tenu \u00e0 promouvoir une politique de soutien aux producteurs locaux. <\/p>\n<p class=\"lead \">Cet accord survient alors que la coalition gouvernementale du Premier ministre japonais Shigeru Ishiba a perdu sa majorit\u00e9 absolue au S\u00e9nat, dimanche 20 juillet. Il pourrait annoncer sa d\u00e9mission dans les jours \u00e0 venir.<\/p>\n<p class=\"small font-weight-bold text-gray3 \"> publi\u00e9 le 23 juillet \u00e0 10h37, Lena Gomez, 6Medias<\/p>\n<p>                             Partager<\/p>\n","protected":false},"excerpt":{"rendered":"Alors que Trump relance sa guerre commerciale, un accord conclu avec le Japon fixe les taxes sur les&hellip;\n","protected":false},"author":2,"featured_media":267594,"comment_status":"","ping_status":"","sticky":false,"template":"","format":"standard","meta":{"footnotes":""},"categories":[1589],"tags":[11,73,1866,12,1864,1865,1863,308],"class_list":{"0":"post-267593","1":"post","2":"type-post","3":"status-publish","4":"format-standard","5":"has-post-thumbnail","7":"category-etats-unis","8":"tag-actualites","9":"tag-etats-unis","10":"tag-etats-unis-damerique","11":"tag-news","12":"tag-united-states","13":"tag-united-states-of-america","14":"tag-us","15":"tag-usa"},"share_on_mastodon":{"url":"https:\/\/pubeurope.com\/@fr\/114901659396046256","error":""},"_links":{"self":[{"href":"https:\/\/www.europesays.com\/fr\/wp-json\/wp\/v2\/posts\/267593","targetHints":{"allow":["GET"]}}],"collection":[{"href":"https:\/\/www.europesays.com\/fr\/wp-json\/wp\/v2\/posts"}],"about":[{"href":"https:\/\/www.europesays.com\/fr\/wp-json\/wp\/v2\/types\/post"}],"author":[{"embeddable":true,"href":"https:\/\/www.europesays.com\/fr\/wp-json\/wp\/v2\/users\/2"}],"replies":[{"embeddable":true,"href":"https:\/\/www.europesays.com\/fr\/wp-json\/wp\/v2\/comments?post=267593"}],"version-history":[{"count":0,"href":"https:\/\/www.europesays.com\/fr\/wp-json\/wp\/v2\/posts\/267593\/revisions"}],"wp:featuredmedia":[{"embeddable":true,"href":"https:\/\/www.europesays.com\/fr\/wp-json\/wp\/v2\/media\/267594"}],"wp:attachment":[{"href":"https:\/\/www.europesays.com\/fr\/wp-json\/wp\/v2\/media?parent=267593"}],"wp:term":[{"taxonomy":"category","embeddable":true,"href":"https:\/\/www.europesays.com\/fr\/wp-json\/wp\/v2\/categories?post=267593"},{"taxonomy":"post_tag","embeddable":true,"href":"https:\/\/www.europesays.com\/fr\/wp-json\/wp\/v2\/tags?post=267593"}],"curies":[{"name":"wp","href":"https:\/\/api.w.org\/{rel}","templated":true}]}}