{"id":267596,"date":"2025-07-23T08:43:09","date_gmt":"2025-07-23T08:43:09","guid":{"rendered":"https:\/\/www.europesays.com\/fr\/267596\/"},"modified":"2025-07-23T08:43:09","modified_gmt":"2025-07-23T08:43:09","slug":"euro-2025-lespagne-en-route-vers-une-premiere-finale-si-elle-bat-lallemagne","status":"publish","type":"post","link":"https:\/\/www.europesays.com\/fr\/267596\/","title":{"rendered":"Euro 2025 : l&rsquo;Espagne en route vers une premi\u00e8re finale si elle bat l&rsquo;Allemagne"},"content":{"rendered":"<p>Pour l&rsquo;instant, tout se passe comme pr\u00e9vu pour l&rsquo;Espagne. Comme d&rsquo;habitude. Trois victoires en trois matches en poule, des festivals de buts (5-0 contre le Portugal, 6-2 contre la Belgique, 3-1 contre l&rsquo;Italie)&#8230; Les Espagnoles sont en ma\u00eetrise et ont d\u00e9j\u00e0 r\u00e9\u00e9crit leur histoire, en retrouvant le dernier carr\u00e9 apr\u00e8s 28 ans sans en voir la couleur (Euro 1997, d\u00e9faite 2-1 contre l&rsquo;Italie ndlr). Elles y affronteront l&rsquo;Allemagne, ce soir, \u00e0 21 heures.<\/p>\n<p>L&rsquo;Allemagne, elle, souffre bien plus depuis le d\u00e9but de cet Euro. Apr\u00e8s deux victoires contre la Pologne (2-0) et le Danemark (2-1), la Mannschaft a connu la plus lourde d\u00e9faite de son histoire europ\u00e9enne contre la Su\u00e8de (4-1). Elle a ensuite d\u00fb puiser dans ses ressources <a href=\"https:\/\/www.laprovence.com\/article\/sports\/2109597130124614\/football-euro-feminin-au-bout-du-suspense-les-bleues-sarretent-en-quart-de-finale-face-a-lallemagne\" target=\"_blank\" rel=\"noopener\">pour venir \u00e0 bout de l&rsquo;\u00e9quipe de France<\/a> apr\u00e8s 120 minutes, dont 105 \u00e0 10 contre 11, et d&rsquo;une s\u00e9ance de tirs au but irrespirable. Une prestation XXL o\u00f9 elles ont d\u00fb faire preuve de caract\u00e8re, de r\u00e9sistance, de solidarit\u00e9. Bref, une performance qui a d\u00fb les souder autant que les fatiguer avant d&rsquo;affronter<a href=\"https:\/\/www.laprovence.com\/article\/actualites\/1722807688739415\/football-l-espagne-sacree-championne-du-monde\" target=\"_blank\" rel=\"noopener\"> les championnes du monde en titre<\/a>.<\/p>\n<p>Une arm\u00e9e offensive pr\u00eate \u00e0 faire rompre le mur allemand<\/p>\n<p>Apr\u00e8s seulement 4 jours de repos, les Allemandes ont montr\u00e9 qu&rsquo;elles avaient une force mentale bien en place. Celle qui fait la diff\u00e9rence dans les grands matches, comme face aux Bleues&#8230; La charni\u00e8re allemande a en plus d\u00e9montr\u00e9 quelle savait souffrir sans plier, \u00e0 l&rsquo;image de sa porti\u00e8re, Berger, infranchissable en quarts.<\/p>\n<p>Mais cette fois, la d\u00e9fense de la Mannschaft sera amput\u00e9e de Sarai Linder, bless\u00e9e \u00e0 la cheville, et surtout&#8230; l&rsquo;armada offensive espagnole est d&rsquo;une qualit\u00e9 exceptionnelle. Sans compter qu&rsquo;elle tourne \u00e0 plein r\u00e9gime, avec d\u00e9j\u00e0 16 buts marqu\u00e9s en 4 matches, soutenue et men\u00e9e avec brio par Bonmati et <a href=\"https:\/\/www.laprovence.com\/actu\/en-direct\/6936449\/foot-lespagnole-alexia-putellas-ballon-dor-feminin-pour-la-deuxieme-annee-consecutive.html\" target=\"_blank\" rel=\"noopener\">Putellas<\/a>, laur\u00e9ates des quatre derniers ballons d&rsquo;or \u00e0 elles deux (Putellas en\u00a02021 et\u00a02022, Bonmati en\u00a02023 et\u00a02024). L&rsquo;or, elles veulent d\u00e9sormais l&rsquo;avoir autour du cou, et pour \u00e7a, il faudra d\u00e9j\u00e0 faire tomber le mur allemand.<\/p>\n<p>Allemagne &#8211; Espagne&#8230;&#8230;.. 21h, TF1<\/p>\n","protected":false},"excerpt":{"rendered":"Pour l&rsquo;instant, tout se passe comme pr\u00e9vu pour l&rsquo;Espagne. Comme d&rsquo;habitude. Trois victoires en trois matches en poule,&hellip;\n","protected":false},"author":2,"featured_media":267597,"comment_status":"","ping_status":"","sticky":false,"template":"","format":"standard","meta":{"footnotes":""},"categories":[1587],"tags":[17,11,672,1804,1805,1803,1777,450,674,63,1801,40708,12,1802,209,60,96,13703],"class_list":{"0":"post-267596","1":"post","2":"type-post","3":"status-publish","4":"format-standard","5":"has-post-thumbnail","7":"category-allemagne","8":"tag-17","9":"tag-actualites","10":"tag-allemagne","11":"tag-bundesrepublik-deutschland","12":"tag-de","13":"tag-deutschland","14":"tag-eu","15":"tag-euro","16":"tag-europe","17":"tag-football","18":"tag-germany","19":"tag-lespagne","20":"tag-news","21":"tag-republique-federale-dallemagne","22":"tag-route","23":"tag-sports","24":"tag-une","25":"tag-vers"},"share_on_mastodon":{"url":"https:\/\/pubeurope.com\/@fr\/114901667306879731","error":""},"_links":{"self":[{"href":"https:\/\/www.europesays.com\/fr\/wp-json\/wp\/v2\/posts\/267596","targetHints":{"allow":["GET"]}}],"collection":[{"href":"https:\/\/www.europesays.com\/fr\/wp-json\/wp\/v2\/posts"}],"about":[{"href":"https:\/\/www.europesays.com\/fr\/wp-json\/wp\/v2\/types\/post"}],"author":[{"embeddable":true,"href":"https:\/\/www.europesays.com\/fr\/wp-json\/wp\/v2\/users\/2"}],"replies":[{"embeddable":true,"href":"https:\/\/www.europesays.com\/fr\/wp-json\/wp\/v2\/comments?post=267596"}],"version-history":[{"count":0,"href":"https:\/\/www.europesays.com\/fr\/wp-json\/wp\/v2\/posts\/267596\/revisions"}],"wp:featuredmedia":[{"embeddable":true,"href":"https:\/\/www.europesays.com\/fr\/wp-json\/wp\/v2\/media\/267597"}],"wp:attachment":[{"href":"https:\/\/www.europesays.com\/fr\/wp-json\/wp\/v2\/media?parent=267596"}],"wp:term":[{"taxonomy":"category","embeddable":true,"href":"https:\/\/www.europesays.com\/fr\/wp-json\/wp\/v2\/categories?post=267596"},{"taxonomy":"post_tag","embeddable":true,"href":"https:\/\/www.europesays.com\/fr\/wp-json\/wp\/v2\/tags?post=267596"}],"curies":[{"name":"wp","href":"https:\/\/api.w.org\/{rel}","templated":true}]}}