{"id":267610,"date":"2025-07-23T08:51:11","date_gmt":"2025-07-23T08:51:11","guid":{"rendered":"https:\/\/www.europesays.com\/fr\/267610\/"},"modified":"2025-07-23T08:51:11","modified_gmt":"2025-07-23T08:51:11","slug":"lucu-devoile-les-domaines-dans-lesquels-il-a-le-plus-travaille-lors-de-lintersaison","status":"publish","type":"post","link":"https:\/\/www.europesays.com\/fr\/267610\/","title":{"rendered":"Lucu d\u00e9voile les domaines dans lesquels il a le plus travaill\u00e9 lors de l\u2019intersaison"},"content":{"rendered":"<p>Maxime Lucu a fait ce qu\u2019il sait faire de mieux. Apr\u00e8s une saison 2023\/2024 particuli\u00e8rement difficile, o\u00f9 il sera pass\u00e9 \u00e0 c\u00f4t\u00e9 de son Tournoi des Six Nations et aura v\u00e9cu avec l\u2019Union Bordeaux-B\u00e8gles une terrible d\u00e9sillusion en finale du Top 14 face au Stade Toulousain (d\u00e9faite 59-3), le demi de m\u00eal\u00e9e s\u2019est r\u00e9fugi\u00e9 dans le travail.<\/p>\n<p>D\u00e9sireux de faire taire les critiques, Maxime Lucu a apport\u00e9 une r\u00e9ponse de grand champion. D\u00e9cisif lors de son entr\u00e9e en jeu face \u00e0 l\u2019Irlande dans le Six Nations suite \u00e0 la grave blessure de d\u2019Antoine Dupont, il a activement particip\u00e9 au sacre des Bleus. En club, il a rayonn\u00e9 avec Matthieu Jalibert pour permettre \u00e0 l\u2019UBB de d\u00e9crocher le premier titre de son histoire, en Champions Cup. Pour Rugbyrama, Lucu est revenu sur cette revanche et sur sa progression constante au fil des ann\u00e9es. L\u2019ancien du BO explique avoir voulu travailler ses points forts lors de la pr\u00e9paration.<\/p>\n<blockquote>\n<p>\u00ab\u00a0\u00c0 la reprise, j\u2019avais d\u00e9cid\u00e9 de continuer \u00e0 travailler sur le jeu au pied, parce que c\u2019est mon point fort, de travailler sur ma qualit\u00e9 d\u2019\u00e9jection aussi, sur des choses comme \u00e7a. Ce n\u2019\u00e9tait des choses qui me maquaient, mais j\u2019ai compris qu\u2019il \u00e9tait important de trouver progresser car ce sont des choses qui comptent au tr\u00e8s haut niveau. On l\u2019a vu lors du dernier 6 Nations, o\u00f9 les sorties de camps sont hyper importantes, notamment contre des \u00e9quipes du calibre de l\u2019Irlande, de l\u2019\u00c9cosse, ou de l\u2019Angleterre. Apr\u00e8s, j\u2019ai mis l\u2019accent sur la d\u00e9fense o\u00f9 je travaille plus sur le plan individuel, avec un focus sur les plaquages, entre guillemets, offensifs. J\u2019essaie d\u2019\u00e9toffer ma palette.\u00a0\u00bb<\/p>\n<\/blockquote>\n<p>\u00ab\u00a0Je veux montrer qu\u2019\u00e0 32 ans, on peut toujours \u00e9voluer\u00a0\u00bb<\/p>\n<p>Longtemps r\u00e9duit \u00e0 une dimension de gestionnaire, en opposition au style plus offensif de certains de ses concurrents en \u00e9quipe de France, de Dupont \u00e0 Serin, Lucu garde un app\u00e9tit important pour \u00e9toffer sa palette.<\/p>\n<blockquote>\n<p>\u00ab\u00a0Ainsi, je veux aussi apporter un peu plus d\u2019incertitude offensivement, avec un jeu plus complet. Avant, on voulait me faire rentrer dans une case de gestionnaire. J\u2019essaye d\u2019\u00eatre un peu plus complet, d\u2019avoir une plus grande empreinte sur le jeu. Je suis content de ma saison. Il y a beaucoup de choses \u00e0 corriger mais je suis heureux parce que j\u2019ai pris beaucoup de plaisir aussi. Je veux montrer qu\u2019\u00e0 32 ans, on peut toujours \u00e9voluer. On me dit toujours que plus on avance et plus les saisons sont difficiles. Pour moi, c\u2019est le contraire. Je suis de mieux en mieux. Je ne sais pas si je suis fait comme les autres mais, en tout cas, je suis content de progresser d\u2019ann\u00e9e en ann\u00e9e. Je prends beaucoup plus de plaisir maintenant que lorsque j\u2019avais 25 ou 26 ans. Tant que physiquement, je suis bien, que je n\u2019ai pas de gros p\u00e9pins, je suis content d\u2019\u00e9voluer petit \u00e0 petit\u00a0\u00bb<\/p>\n<\/blockquote>\n<p>Partagez cette info avec vos amis et vos proches en cliquant ici<br \/>Pour r\u00e9sumer<\/p>\n<p>Maxime Lucu s\u2019est longuement confi\u00e9 pour Rugybrama sur son retour au premier plan la saison derni\u00e8re, avec l\u2019UBB et le XV de France. Apr\u00e8s un exercice 2023\/2024 difficile, le Basque a redoubl\u00e9 d\u2019efforts et a voulu travailler ses points forts tout en \u00e9largissant sa palette.<\/p>\n<p> <img decoding=\"async\" width=\"76\" height=\"76\" loading=\"lazy\" src=\"https:\/\/www.europesays.com\/fr\/wp-content\/uploads\/2025\/04\/avatar-quinze.png\" alt=\"Arnaud D\u00e9chelotte\"\/><\/p>\n","protected":false},"excerpt":{"rendered":"Maxime Lucu a fait ce qu\u2019il sait faire de mieux. Apr\u00e8s une saison 2023\/2024 particuli\u00e8rement difficile, o\u00f9 il&hellip;\n","protected":false},"author":2,"featured_media":267611,"comment_status":"","ping_status":"","sticky":false,"template":"","format":"standard","meta":{"footnotes":""},"categories":[1416],"tags":[1011,27,479,1468,60],"class_list":{"0":"post-267610","1":"post","2":"type-post","3":"status-publish","4":"format-standard","5":"has-post-thumbnail","7":"category-rugby","8":"tag-fr","9":"tag-france","10":"tag-rugby","11":"tag-rugby-football","12":"tag-sports"},"share_on_mastodon":{"url":"https:\/\/pubeurope.com\/@fr\/114901698693156124","error":""},"_links":{"self":[{"href":"https:\/\/www.europesays.com\/fr\/wp-json\/wp\/v2\/posts\/267610","targetHints":{"allow":["GET"]}}],"collection":[{"href":"https:\/\/www.europesays.com\/fr\/wp-json\/wp\/v2\/posts"}],"about":[{"href":"https:\/\/www.europesays.com\/fr\/wp-json\/wp\/v2\/types\/post"}],"author":[{"embeddable":true,"href":"https:\/\/www.europesays.com\/fr\/wp-json\/wp\/v2\/users\/2"}],"replies":[{"embeddable":true,"href":"https:\/\/www.europesays.com\/fr\/wp-json\/wp\/v2\/comments?post=267610"}],"version-history":[{"count":0,"href":"https:\/\/www.europesays.com\/fr\/wp-json\/wp\/v2\/posts\/267610\/revisions"}],"wp:featuredmedia":[{"embeddable":true,"href":"https:\/\/www.europesays.com\/fr\/wp-json\/wp\/v2\/media\/267611"}],"wp:attachment":[{"href":"https:\/\/www.europesays.com\/fr\/wp-json\/wp\/v2\/media?parent=267610"}],"wp:term":[{"taxonomy":"category","embeddable":true,"href":"https:\/\/www.europesays.com\/fr\/wp-json\/wp\/v2\/categories?post=267610"},{"taxonomy":"post_tag","embeddable":true,"href":"https:\/\/www.europesays.com\/fr\/wp-json\/wp\/v2\/tags?post=267610"}],"curies":[{"name":"wp","href":"https:\/\/api.w.org\/{rel}","templated":true}]}}