{"id":267612,"date":"2025-07-23T08:52:09","date_gmt":"2025-07-23T08:52:09","guid":{"rendered":"https:\/\/www.europesays.com\/fr\/267612\/"},"modified":"2025-07-23T08:52:09","modified_gmt":"2025-07-23T08:52:09","slug":"apres-ses-controles-positifs-sinner-reembauche-un-ancien-preparateur-physique-implique","status":"publish","type":"post","link":"https:\/\/www.europesays.com\/fr\/267612\/","title":{"rendered":"apr\u00e8s ses contr\u00f4les positifs, Sinner r\u00e9embauche&#8230; un ancien pr\u00e9parateur physique impliqu\u00e9"},"content":{"rendered":"<p>Umberto Ferrara va r\u00e9int\u00e9grer l\u2019\u00e9quipe du n\u00b01 mondial un an apr\u00e8s avoir \u00e9t\u00e9 limog\u00e9 suite \u00e0 la r\u00e9v\u00e9lation de ses contr\u00f4les positifs au clostebol.<\/p>\n<p class=\"fig-paragraph\">Un retour qui fait du bruit.\u00a0<a href=\"http:\/\/www.lefigaro.fr\/sports\/tennis\/wimbledon\/la-revanche-du-roi-sinner-nouveau-maitre-du-gazon-20250713\" data-fig-type=\"Article\" data-gtm-custom-categorie=\"navigation\" data-gtm-custom-action=\"crossclick\" data-gtm-custom-label=\"Contextuel\" data-gtm-event=\"customEventSPE\" data-fig-domain=\"LEFIGARO\" target=\"_blank\" rel=\"noopener\">Jannik Sinner<\/a>\u00a0va \u00e0 nouveau collaborer avec Umberto Ferrara, son ancien pr\u00e9parateur physique, qu&rsquo;il avait limog\u00e9 \u00e0 l&rsquo;\u00e9t\u00e9 2024 apr\u00e8s\u00a0<a href=\"http:\/\/www.lefigaro.fr\/sports\/tennis\/tennis-le-n-1-mondial-jannik-sinner-suspendu-pour-dopage-jusqu-au-4-mai-apres-un-accord-avec-l-ama-20250215\" data-fig-type=\"NewsFlash\" data-gtm-custom-categorie=\"navigation\" data-gtm-custom-action=\"crossclick\" data-gtm-custom-label=\"Contextuel\" data-gtm-event=\"customEventSPE\" data-fig-domain=\"LEFIGARO\" target=\"_blank\" rel=\"noopener\">la r\u00e9v\u00e9lation de contr\u00f4les positifs de l&rsquo;Italien \u00e0 un anabolisant<\/a>, a annonc\u00e9 mercredi son entourage. \u00abJannik Sinner a embauch\u00e9 Umberto Ferrara comme pr\u00e9parateur physique avec effet imm\u00e9diat\u00bb, a \u00e9crit dans un communiqu\u00e9 de presse Avima, la soci\u00e9t\u00e9 de management qui repr\u00e9sente le r\u00e9cent vainqueur de Wimbledon.<\/p>\n<p class=\"fig-paragraph\">Depuis la r\u00e9v\u00e9lation \u00e0 l&rsquo;\u00e9t\u00e9 2024 des contr\u00f4les positifs de Sinner au clostebol, le n\u00b01 mondial\u00a0<a href=\"http:\/\/www.lefigaro.fr\/sports\/tennis\/tennis-je-suis-innocent-clame-jannik-sinner-suspendu-pour-dopage-20250405\" data-fig-type=\"NewsFlash\" data-gtm-custom-categorie=\"navigation\" data-gtm-custom-action=\"crossclick\" data-gtm-custom-label=\"Contextuel\" data-gtm-event=\"customEventSPE\" data-fig-domain=\"LEFIGARO\" target=\"_blank\" rel=\"noopener\">n&rsquo;a cess\u00e9 de clamer son innocence<\/a>, expliquant qu&rsquo;il avait \u00e9t\u00e9 contamin\u00e9 lors d&rsquo;un massage prodigu\u00e9 par un membre de son entourage. Si l&rsquo;origine accidentelle de la contamination a \u00e9t\u00e9 reconnue par les autorit\u00e9s antidopage, l&rsquo;AMA a tout de m\u00eame inflig\u00e9 \u00e0 l&rsquo;Italien une suspension n\u00e9goci\u00e9e avec lui de trois mois entre f\u00e9vrier et mai 2025, au titre de sa responsabilit\u00e9 envers son entourage.<\/p>\n<p>                                    <a class=\"fig-a11y-skip a11y-hidden\" href=\"#fig-a11y-skip-main-inarticle\"><br \/>\n        Passer la publicit\u00e9<br \/>\n    <\/a><\/p>\n<p class=\"fig-paragraph\">S&rsquo;il a rapidement licenci\u00e9 Umberto Ferrara et son physioth\u00e9rapeute, Giacomo Naldi, apr\u00e8s la r\u00e9v\u00e9lation de ses contr\u00f4les positifs, Sinner avait tout de m\u00eame qualifi\u00e9 le premier d&rsquo;\u00abexcellent pr\u00e9parateur\u00bb en marge des Finales ATP de Turin en novembre 2024. Ce dernier, qui a collabor\u00e9 avec l&rsquo;ex-membre du top 10 Matteo Berrettini ces derniers mois, a pour sa part\u00a0<a href=\"http:\/\/www.lefigaro.fr\/sports\/tennis\/tennis-j-etais-parfaitement-conscient-de-l-interdiction-l-ancien-preparateur-physique-de-sinner-charge-l-ex-physiotherapeute-dans-l-affaire-du-dopage-20250403\" data-fig-type=\"NewsFlash\" data-gtm-custom-categorie=\"navigation\" data-gtm-custom-action=\"crossclick\" data-gtm-custom-label=\"Contextuel\" data-gtm-event=\"customEventSPE\" data-fig-domain=\"LEFIGARO\" target=\"_blank\" rel=\"noopener\">rejet\u00e9 la responsabilit\u00e9 de la contamination de Sinner sur Giacomo Naldi<\/a>.<\/p>\n<p>\u00abUmberto a jou\u00e9 un r\u00f4le important dans le d\u00e9veloppement de Jannik\u00bb<\/p>\n<p class=\"fig-paragraph\">Aupr\u00e8s de la\u00a0<a href=\"https:\/\/www.gazzetta.it\/Tennis\/ATP\/02-04-2024\/umberto-ferrara-chi-e-il-preparatore-atletico-di-sinner.shtml\" target=\"_blank\" rel=\"sponsored noopener\" data-gtm-custom-categorie=\"navigation\" data-gtm-custom-action=\"crossclick\" data-gtm-custom-label=\"Contextuel\" data-gtm-event=\"customEventSPE\">Gazzetta dello Sport<\/a>, Ferrara avait reconnu en avril utiliser \u00abdepuis des ann\u00e9es\u00bb un spray contenant du clostebol \u00abcar il m&rsquo;a \u00e9t\u00e9 prescrit par un m\u00e9decin sp\u00e9cialiste pour soigner une pathologie chronique\u00bb. Mais \u00abje ne l&rsquo;ai pas confi\u00e9 \u00e0 Naldi, je lui ai sugg\u00e9r\u00e9 de l&rsquo;utiliser pour soigner une coupure qui ne cicatrisait pas et qui compliquait son travail. J&rsquo;ai \u00e9t\u00e9 tr\u00e8s clair en lui communiquant la nature de ce produit et la n\u00e9cessit\u00e9 qu&rsquo;il ne devait en aucun cas entrer en contact avec Jannik. J&rsquo;en ai autoris\u00e9 l&rsquo;usage uniquement dans ma salle de bain personnelle\u00bb, a soutenu Ferrara.<\/p>\n<p class=\"fig-paragraph\">La d\u00e9cision de r\u00e9embaucher ce dernier a \u00e9t\u00e9 prise \u00aben plein accord avec l&rsquo;\u00e9quipe de management de Jannik et dans le cadre de la pr\u00e9paration pour (&#8230;) le Masters 1000 de Cincinnati et l&rsquo;US Open\u00bb, dont\u00a0<a href=\"http:\/\/www.lefigaro.fr\/sports\/tennis\/us-open\/us-open-sinner-domine-fritz-en-trois-sets-et-remporte-son-deuxieme-grand-chelem-de-l-annee-20240908\" data-fig-type=\"NewsFlash\" data-gtm-custom-categorie=\"navigation\" data-gtm-custom-action=\"crossclick\" data-gtm-custom-label=\"Contextuel\" data-gtm-event=\"customEventSPE\" data-fig-domain=\"LEFIGARO\" target=\"_blank\" rel=\"noopener\">Sinner est tenant du titre<\/a>, a expliqu\u00e9 Avima. \u00abUmberto a jou\u00e9 un r\u00f4le important dans le d\u00e9veloppement de Jannik, et son retour refl\u00e8te un souci renouvel\u00e9 de continuit\u00e9 et de performance au plus haut niveau\u00bb, a conclu la soci\u00e9t\u00e9 de management.<\/p>\n","protected":false},"excerpt":{"rendered":"Umberto Ferrara va r\u00e9int\u00e9grer l\u2019\u00e9quipe du n\u00b01 mondial un an apr\u00e8s avoir \u00e9t\u00e9 limog\u00e9 suite \u00e0 la r\u00e9v\u00e9lation&hellip;\n","protected":false},"author":2,"featured_media":267613,"comment_status":"","ping_status":"","sticky":false,"template":"","format":"standard","meta":{"footnotes":""},"categories":[1415],"tags":[15150,1011,27,20859,60,1467],"class_list":{"0":"post-267612","1":"post","2":"type-post","3":"status-publish","4":"format-standard","5":"has-post-thumbnail","7":"category-tennis","8":"tag-dopage","9":"tag-fr","10":"tag-france","11":"tag-jannik-sinner","12":"tag-sports","13":"tag-tennis"},"share_on_mastodon":{"url":"https:\/\/pubeurope.com\/@fr\/114901702598330658","error":""},"_links":{"self":[{"href":"https:\/\/www.europesays.com\/fr\/wp-json\/wp\/v2\/posts\/267612","targetHints":{"allow":["GET"]}}],"collection":[{"href":"https:\/\/www.europesays.com\/fr\/wp-json\/wp\/v2\/posts"}],"about":[{"href":"https:\/\/www.europesays.com\/fr\/wp-json\/wp\/v2\/types\/post"}],"author":[{"embeddable":true,"href":"https:\/\/www.europesays.com\/fr\/wp-json\/wp\/v2\/users\/2"}],"replies":[{"embeddable":true,"href":"https:\/\/www.europesays.com\/fr\/wp-json\/wp\/v2\/comments?post=267612"}],"version-history":[{"count":0,"href":"https:\/\/www.europesays.com\/fr\/wp-json\/wp\/v2\/posts\/267612\/revisions"}],"wp:featuredmedia":[{"embeddable":true,"href":"https:\/\/www.europesays.com\/fr\/wp-json\/wp\/v2\/media\/267613"}],"wp:attachment":[{"href":"https:\/\/www.europesays.com\/fr\/wp-json\/wp\/v2\/media?parent=267612"}],"wp:term":[{"taxonomy":"category","embeddable":true,"href":"https:\/\/www.europesays.com\/fr\/wp-json\/wp\/v2\/categories?post=267612"},{"taxonomy":"post_tag","embeddable":true,"href":"https:\/\/www.europesays.com\/fr\/wp-json\/wp\/v2\/tags?post=267612"}],"curies":[{"name":"wp","href":"https:\/\/api.w.org\/{rel}","templated":true}]}}