{"id":267614,"date":"2025-07-23T08:54:09","date_gmt":"2025-07-23T08:54:09","guid":{"rendered":"https:\/\/www.europesays.com\/fr\/267614\/"},"modified":"2025-07-23T08:54:09","modified_gmt":"2025-07-23T08:54:09","slug":"le-motogp-roulera-au-japon-jusquen-2030","status":"publish","type":"post","link":"https:\/\/www.europesays.com\/fr\/267614\/","title":{"rendered":"Le MotoGP\u2122 roulera au Japon jusqu&rsquo;en 2030"},"content":{"rendered":"<p align=\"LEFT\">Le MotoGP\u2122 roulera au Mobility Resort Motegi jusqu&rsquo;en 2030. Le Japon est un march\u00e9 \u00e9tabli et important pour ce sport notamment en raison de sa fanbase r\u00e9put\u00e9e dans le monde entier pour son engagement et sa passion du MotoGP\u2122.<\/p>\n<p align=\"LEFT\">Alors qu&rsquo;on s&rsquo;approche de l&rsquo;annonce du calendrier 2026, les fans peuvent se r\u00e9jouir de cinq nouvelles \u00e9ditions du Grand Prix du Japon, ce qui constituera un moment fort de la tourn\u00e9e asiatique.<\/p>\n<p align=\"LEFT\"><strong>Tsuyoshi Saito, pr\u00e9sident de Honda Mobilityland Corporation\u00a0:<\/strong> \u00ab\u00a0Nous sommes tr\u00e8s heureux d&rsquo;annoncer que nous accueillerons le MotoGP\u2122 au Mobility Resort Motegi en 2026 et au-del\u00e0. Nous tenons \u00e0 exprimer notre sinc\u00e8re gratitude envers M. Carmelo Ezpeleta, Dorna Sports et tous ceux qui nous ont apport\u00e9 leur soutien pour prolonger ce contrat\u00a0\u00bb.<\/p>\n<p>\u00ab Nous continuerons \u00e0 favoriser le d\u00e9veloppement des sports motocyclistes et la gestion durable des \u00e9v\u00e9nements. Nous continuerons \u00e9galement \u00e0 travailler pour pr\u00e9senter un Grand Prix qui puisse \u00eatre appr\u00e9ci\u00e9 par le plus grand nombre de fans tout en tirant le meilleur parti de l&rsquo;environnement naturel si riche de Motegi. En coop\u00e9ration avec les habitants des pr\u00e9fectures de Tochigi et d&rsquo;Ibaraki, la ville de Motegi et diverses agences gouvernementales, nous esp\u00e9rons offrir des Grands Prix encore plus attrayants qu&rsquo;auparavant \u00bb.<\/p>\n<p><strong>Carmelo Ezpeleta, PDG de Dorna Sports, d\u00e9tenteur des droits du MotoGP\u2122\u00a0:<\/strong> \u00ab Le Japon est important pour le MotoGP\u2122. Motegi offre toujours un spectacle fantastique et constitue une r\u00e9f\u00e9rence dans le calendrier pour l&rsquo;organisation de ses \u00e9v\u00e9nements. Les fans japonais s&rsquo;y connaissent vraiment et nous sommes tr\u00e8s heureux de confirmer que nous roulerons chez eux jusqu&rsquo;en 2030 \u00bb.<\/p>\n","protected":false},"excerpt":{"rendered":"Le MotoGP\u2122 roulera au Mobility Resort Motegi jusqu&rsquo;en 2030. Le Japon est un march\u00e9 \u00e9tabli et important pour&hellip;\n","protected":false},"author":2,"featured_media":267615,"comment_status":"","ping_status":"","sticky":false,"template":"","format":"standard","meta":{"footnotes":""},"categories":[1413],"tags":[1011,27,1457,1456,60,2032],"class_list":{"0":"post-267614","1":"post","2":"type-post","3":"status-publish","4":"format-standard","5":"has-post-thumbnail","7":"category-moto","8":"tag-fr","9":"tag-france","10":"tag-moto","11":"tag-motocycle","12":"tag-sports","13":"tag-text"},"share_on_mastodon":{"url":"https:\/\/pubeurope.com\/@fr\/114901710512428060","error":""},"_links":{"self":[{"href":"https:\/\/www.europesays.com\/fr\/wp-json\/wp\/v2\/posts\/267614","targetHints":{"allow":["GET"]}}],"collection":[{"href":"https:\/\/www.europesays.com\/fr\/wp-json\/wp\/v2\/posts"}],"about":[{"href":"https:\/\/www.europesays.com\/fr\/wp-json\/wp\/v2\/types\/post"}],"author":[{"embeddable":true,"href":"https:\/\/www.europesays.com\/fr\/wp-json\/wp\/v2\/users\/2"}],"replies":[{"embeddable":true,"href":"https:\/\/www.europesays.com\/fr\/wp-json\/wp\/v2\/comments?post=267614"}],"version-history":[{"count":0,"href":"https:\/\/www.europesays.com\/fr\/wp-json\/wp\/v2\/posts\/267614\/revisions"}],"wp:featuredmedia":[{"embeddable":true,"href":"https:\/\/www.europesays.com\/fr\/wp-json\/wp\/v2\/media\/267615"}],"wp:attachment":[{"href":"https:\/\/www.europesays.com\/fr\/wp-json\/wp\/v2\/media?parent=267614"}],"wp:term":[{"taxonomy":"category","embeddable":true,"href":"https:\/\/www.europesays.com\/fr\/wp-json\/wp\/v2\/categories?post=267614"},{"taxonomy":"post_tag","embeddable":true,"href":"https:\/\/www.europesays.com\/fr\/wp-json\/wp\/v2\/tags?post=267614"}],"curies":[{"name":"wp","href":"https:\/\/api.w.org\/{rel}","templated":true}]}}