{"id":267624,"date":"2025-07-23T08:59:12","date_gmt":"2025-07-23T08:59:12","guid":{"rendered":"https:\/\/www.europesays.com\/fr\/267624\/"},"modified":"2025-07-23T08:59:12","modified_gmt":"2025-07-23T08:59:12","slug":"quand-picasso-vous-touche-les-rencontres-fortes-elles-se-nichent-dabord-dans-votre-ventre-pas-dans-vos-yeux","status":"publish","type":"post","link":"https:\/\/www.europesays.com\/fr\/267624\/","title":{"rendered":"Quand Picasso vous touche. \u00ab\u00a0Les rencontres fortes, elles se nichent d\u2019abord dans votre ventre, pas dans vos yeux.\u00a0\u00bb"},"content":{"rendered":"<p class=\"article__intro\">\u00ab\u00a0L&rsquo;Acrobate\u00a0\u00bb est une des peintures expos\u00e9es au mus\u00e9e Picasso \u00e0 Paris. Dans \u00ab\u00a0Les veilleurs\u00a0\u00bb, des gardiens de mus\u00e9e sont invit\u00e9s \u00e0 partager leur regard sur les \u0153uvres.<\/p>\n<p>\n      L\u2019actu des r\u00e9gions\n    <\/p>\n<p>\n      Chaque jour, un tour d\u2019horizon des principales infos de toutes les r\u00e9gions.\n    <\/p>\n<p>    France T\u00e9l\u00e9visions utilise votre adresse e-mail afin de vous envoyer la newsletter \u00ab\u00a0L\u2019actu des r\u00e9gions\u00a0\u00bb. Vous pouvez vous d\u00e9sinscrire \u00e0 tout moment via le lien en bas de cette newsletter. <a target=\"_blank\" href=\"https:\/\/www.francetelevisions.fr\/groupe\/confidentialite\/politique-de-confidentialite\/politique-de-confidentialite-de-france-televisions-6503\" rel=\"nofollow noopener\">Notre politique de confidentialit\u00e9<\/a><\/p>\n<p>Christophe \u00e9tait plut\u00f4t pr\u00e9destin\u00e9 \u00e0 l&rsquo;univers du son plut\u00f4t qu&rsquo;\u00e0 celui de l&rsquo;image. Pourtant, c\u2019est dans le silence de ses nuits de veille qu\u2019il tisse un lien intime avec Picasso et son \u0153uvre L\u2019Acrobate : \u00a0\u00bb J\u2019\u00e9coutais beaucoup de musique post-punk, punk, j\u2019\u00e9tais vraiment dans le son quoi. Je voyais bien l\u2019\u00e9paisseur d\u2019un son, tout \u00e7a me parlait, les choses plus int\u00e9rieures me parlaient davantage. La peinture m\u2019a amen\u00e9 \u00e0 faire le lien int\u00e9rieur ext\u00e9rieur.\u00a0\u00bb Cette alchimie, il l&rsquo;a d\u00e9crit comme un dialogue :\u00a0\u00ab\u00a0Les rencontres fortes, elles se nichent d\u2019abord dans votre ventre, pas dans vos yeux.\u00a0\u00bb<\/p>\n<p><a data-article-figure=\"\" href=\"https:\/\/france3-regions.franceinfo.fr\/image\/CGoXy71WqPX-Ei_ZGCWUZVWkCcE\/1130x537\/regions\/2024\/12\/13\/2024-12-13-14-07-40-christophe-documentaire-en-replay-675c35d710df5302765314.png\" data-pswp-width=\"1130\" data-pswp-height=\"537\" target=\"_blank\" rel=\"nofollow noopener\"><\/p>\n<p>          <img width=\"600\" height=\"400\" class=\"article-image lazy\" data-src=\"https:\/\/www.europesays.com\/fr\/wp-content\/uploads\/2025\/07\/2024-12-13-14-07-40-christophe-documentaire-en-replay-675c35d710df5302765314.png\" alt=\"S\u00e9rie &quot;Les veilleurs&quot; - France 3 Paris \u00cele-de-France\" fetchpriority=\"high\" as=\"image\"\/><\/p>\n<p>\n            S\u00e9rie \u00ab\u00a0Les veilleurs\u00a0\u00bb &#8211; France 3 Paris \u00cele-de-France<br \/>\n                           \u2022<br \/>\n                                      \u00a9 France 3 Paris \u00cele-de-France\n                      <\/p>\n<p><\/a><\/p>\n<blockquote class=\"ftvi_content_quote\">\n<p class=\"ftvi_citation_quote\">L\u2019art, je le per\u00e7ois comme un monde \u00e0 part, comme une forme de monde parall\u00e8le avec des lignes qui se croisent. Des lignes qui croisent la vie.<\/p>\n<\/blockquote>\n<p>Pour Christophe, L\u2019Acrobate est une \u0153uvre douce et apaisante, malgr\u00e9 la tension des formes : \u00ab\u00a0On peut y voir aussi plein de choses, parce que je trouve qu\u2019il y a une transposition du peintre dans la figure de l\u2019acrobate, dans comment l\u2019acrobate force le corps, comment Picasso lui-m\u00eame doit forcer les formes, les traits, pour arriver \u00e0 cette l\u00e9g\u00e8ret\u00e9, pour atteindre quelque chose de plus naturel que nature quoi. \u00a0\u00bb En \u00e9coutant Christophe, on comprend aussi que L\u2019Acrobate incarne l\u2019effort n\u00e9cessaire pour atteindre la l\u00e9g\u00e8ret\u00e9, l&rsquo;enjeu \u00e9tant de ne pas perdre l&rsquo;\u00e9quilibre.<\/p>\n<p>\u00ab\u00a0Les veilleurs\u00a0\u00bb sont \u00e0 retrouver sur <a target=\"_blank\" rel=\"noopener nofollow\" href=\"https:\/\/www.france.tv\/france-3\/paris-ile-de-france\/\">france.tv\/idf<\/a><\/p>\n","protected":false},"excerpt":{"rendered":"\u00ab\u00a0L&rsquo;Acrobate\u00a0\u00bb est une des peintures expos\u00e9es au mus\u00e9e Picasso \u00e0 Paris. Dans \u00ab\u00a0Les veilleurs\u00a0\u00bb, des gardiens de mus\u00e9e&hellip;\n","protected":false},"author":2,"featured_media":267625,"comment_status":"","ping_status":"","sticky":false,"template":"","format":"standard","meta":{"footnotes":""},"categories":[1358],"tags":[1348,1384,1385,1386,58,59,1011,27],"class_list":{"0":"post-267624","1":"post","2":"type-post","3":"status-publish","4":"format-standard","5":"has-post-thumbnail","7":"category-arts-et-design","8":"tag-arts","9":"tag-arts-and-design","10":"tag-arts-et-design","11":"tag-design","12":"tag-divertissement","13":"tag-entertainment","14":"tag-fr","15":"tag-france"},"share_on_mastodon":{"url":"https:\/\/pubeurope.com\/@fr\/114901730793739836","error":""},"_links":{"self":[{"href":"https:\/\/www.europesays.com\/fr\/wp-json\/wp\/v2\/posts\/267624","targetHints":{"allow":["GET"]}}],"collection":[{"href":"https:\/\/www.europesays.com\/fr\/wp-json\/wp\/v2\/posts"}],"about":[{"href":"https:\/\/www.europesays.com\/fr\/wp-json\/wp\/v2\/types\/post"}],"author":[{"embeddable":true,"href":"https:\/\/www.europesays.com\/fr\/wp-json\/wp\/v2\/users\/2"}],"replies":[{"embeddable":true,"href":"https:\/\/www.europesays.com\/fr\/wp-json\/wp\/v2\/comments?post=267624"}],"version-history":[{"count":0,"href":"https:\/\/www.europesays.com\/fr\/wp-json\/wp\/v2\/posts\/267624\/revisions"}],"wp:featuredmedia":[{"embeddable":true,"href":"https:\/\/www.europesays.com\/fr\/wp-json\/wp\/v2\/media\/267625"}],"wp:attachment":[{"href":"https:\/\/www.europesays.com\/fr\/wp-json\/wp\/v2\/media?parent=267624"}],"wp:term":[{"taxonomy":"category","embeddable":true,"href":"https:\/\/www.europesays.com\/fr\/wp-json\/wp\/v2\/categories?post=267624"},{"taxonomy":"post_tag","embeddable":true,"href":"https:\/\/www.europesays.com\/fr\/wp-json\/wp\/v2\/tags?post=267624"}],"curies":[{"name":"wp","href":"https:\/\/api.w.org\/{rel}","templated":true}]}}