{"id":267634,"date":"2025-07-23T09:04:12","date_gmt":"2025-07-23T09:04:12","guid":{"rendered":"https:\/\/www.europesays.com\/fr\/267634\/"},"modified":"2025-07-23T09:04:12","modified_gmt":"2025-07-23T09:04:12","slug":"sante-pas-de-hausse-des-troubles-anxieux-depuis-la-pandemie-de-covid-19-actualites","status":"publish","type":"post","link":"https:\/\/www.europesays.com\/fr\/267634\/","title":{"rendered":"Sant\u00e9 : pas de hausse des troubles anxieux depuis la pand\u00e9mie de Covid-19 : Actualit\u00e9s"},"content":{"rendered":"<p class=\"lead \"><strong>Selon une \u00e9tude publi\u00e9e par Sant\u00e9 publique France mardi 22 juillet, les troubles anxieux qui avaient augment\u00e9 pendant la crise du Covid ne se sont pas install\u00e9s sur la dur\u00e9e, \u00e0 l\u2019inverse des d\u00e9pressions.<\/strong><\/p>\n<p class=\"lead \">La crise sanitaire du Covid-19 a eu des cons\u00e9quences importantes sur la sant\u00e9 mentale des Fran\u00e7ais et les \u00e9tudes le d\u00e9montrent davantage chaque jour. Selon le dernier rapport publi\u00e9 par Sant\u00e9 publique France le mardi 22 juillet, relay\u00e9 par <a href=\"https:\/\/www.tf1info.fr\/sante\/france-les-troubles-anxieux-n-ont-pas-augmente-depuis-la-pandemie-de-covid-19-contrairement-aux-depressions-conclut-une-etude-de-sante-publique-france-2384284.html\" target=\"_blank\" rel=\"nofollow noopener\">TF1<\/a>, les cas de troubles anxieux ont explos\u00e9 au plus fort de la crise du Covid, mais ces derniers ne se sont pas install\u00e9s durablement. \u00ab\u00a0Contrairement aux \u00e9pisodes d\u00e9pressifs dont la pr\u00e9valence a significativement augment\u00e9 entre 2017 et 2021 (&#8230;), la fr\u00e9quence des \u00e9tats anxieux est rest\u00e9e stable\u00a0\u00bb assure l\u2019agence.<\/p>\n<p class=\"lead \">Cette hausse passag\u00e8re des troubles anxieux peut bien s\u00fbr \u00eatre expliqu\u00e9e par les diff\u00e9rentes restrictions sanitaires appliqu\u00e9es au plus fort de la crise du Covid. Une \u00e9tude men\u00e9e par la revue scientifique The Lancet avait notamment conclu \u00e0 une aggravation des troubles d\u00e9pressifs comme anxieux dans le cadre de la pand\u00e9mie.<\/p>\n<p>                                                                                                 Un niveau inqui\u00e9tant <\/p>\n<p class=\"lead \">Au tour de Sant\u00e9 publique France de tenter de confirmer l\u2019hypoth\u00e8se selon laquelle \u00ab\u00a0les \u00e9tats anxieux auraient pu augmenter \u00e0 la suite de la crise sanitaire\u00a0\u00bb. Une tentative qui n\u2019a pas men\u00e9 \u00e0 de r\u00e9sultats probants. D\u2019apr\u00e8s cette \u00e9tude, men\u00e9e par sondage t\u00e9l\u00e9phonique aupr\u00e8s de milliers de Fran\u00e7ais, les chiffres sont globalement rest\u00e9s les m\u00eames entre 2017 et 2021. Mais m\u00eame si cette hausse n\u2019est pas uniquement li\u00e9e \u00e0 la crise sanitaire, elle affiche tout de m\u00eame un niveau inqui\u00e9tant selon l\u2019agence, o\u00f9 12,5 % des personnes interrog\u00e9es pr\u00e9sentent des sympt\u00f4mes anxieux. Des chiffres qui peuvent en partie expliquer une <a href=\"https:\/\/actu.orange.fr\/societe\/sante\/travail-le-taux-d-absenteisme-est-plus-eleve-que-jamais-magic-CNT000002jFWQl.html\" rel=\"nofollow noopener\" target=\"_blank\">hausse du taux d&rsquo;absent\u00e9isme, mesur\u00e9e \u00e0 5,8% en 2024 dans le secteur priv\u00e9<\/a>, selon le cabinet de conseil Mercer. <\/p>\n<p class=\"lead \">Ce chiffre s\u2019expliquerait cependant davantage par des r\u00e9alit\u00e9s socio-\u00e9conomiques, o\u00f9 ces troubles anxieux sont plus fr\u00e9quents chez les personnes en difficult\u00e9 financi\u00e8re ou dot\u00e9es d&rsquo;un faible niveau d&rsquo;\u00e9ducation.<\/p>\n<p class=\"small font-weight-bold text-gray3 \"> publi\u00e9 le 22 juillet \u00e0 15h19, Marin Paulay, 6M\u00e9dias<\/p>\n<p>                             Partager<\/p>\n","protected":false},"excerpt":{"rendered":"Selon une \u00e9tude publi\u00e9e par Sant\u00e9 publique France mardi 22 juillet, les troubles anxieux qui avaient augment\u00e9 pendant&hellip;\n","protected":false},"author":2,"featured_media":267635,"comment_status":"","ping_status":"","sticky":false,"template":"","format":"standard","meta":{"footnotes":""},"categories":[10],"tags":[1011,27,72,71],"class_list":{"0":"post-267634","1":"post","2":"type-post","3":"status-publish","4":"format-standard","5":"has-post-thumbnail","7":"category-sante","8":"tag-fr","9":"tag-france","10":"tag-health","11":"tag-sante"},"share_on_mastodon":{"url":"https:\/\/pubeurope.com\/@fr\/114901749814319937","error":""},"_links":{"self":[{"href":"https:\/\/www.europesays.com\/fr\/wp-json\/wp\/v2\/posts\/267634","targetHints":{"allow":["GET"]}}],"collection":[{"href":"https:\/\/www.europesays.com\/fr\/wp-json\/wp\/v2\/posts"}],"about":[{"href":"https:\/\/www.europesays.com\/fr\/wp-json\/wp\/v2\/types\/post"}],"author":[{"embeddable":true,"href":"https:\/\/www.europesays.com\/fr\/wp-json\/wp\/v2\/users\/2"}],"replies":[{"embeddable":true,"href":"https:\/\/www.europesays.com\/fr\/wp-json\/wp\/v2\/comments?post=267634"}],"version-history":[{"count":0,"href":"https:\/\/www.europesays.com\/fr\/wp-json\/wp\/v2\/posts\/267634\/revisions"}],"wp:featuredmedia":[{"embeddable":true,"href":"https:\/\/www.europesays.com\/fr\/wp-json\/wp\/v2\/media\/267635"}],"wp:attachment":[{"href":"https:\/\/www.europesays.com\/fr\/wp-json\/wp\/v2\/media?parent=267634"}],"wp:term":[{"taxonomy":"category","embeddable":true,"href":"https:\/\/www.europesays.com\/fr\/wp-json\/wp\/v2\/categories?post=267634"},{"taxonomy":"post_tag","embeddable":true,"href":"https:\/\/www.europesays.com\/fr\/wp-json\/wp\/v2\/tags?post=267634"}],"curies":[{"name":"wp","href":"https:\/\/api.w.org\/{rel}","templated":true}]}}