{"id":267642,"date":"2025-07-23T09:08:10","date_gmt":"2025-07-23T09:08:10","guid":{"rendered":"https:\/\/www.europesays.com\/fr\/267642\/"},"modified":"2025-07-23T09:08:10","modified_gmt":"2025-07-23T09:08:10","slug":"retraite-ces-erreurs-a-eviter-pour-ne-pas-perdre-davantages-fiscaux-sur-votre-pension-avec-la-nouvelle-mesure","status":"publish","type":"post","link":"https:\/\/www.europesays.com\/fr\/267642\/","title":{"rendered":"Retraite : ces erreurs \u00e0 \u00e9viter pour ne pas perdre d\u2019avantages fiscaux sur votre pension avec la nouvelle mesure"},"content":{"rendered":"<p>Depuis des d\u00e9cennies, b\u00e9n\u00e9ficier de la fameuse r\u00e9duction fiscale sur les pensions de retraite relevait presque de l&rsquo;automatisme. Mais une nouvelle mesure, qui risque bien de bouleverser la donne pour des millions de Fran\u00e7ais, arrive \u00e0 grands pas. Alors que l&rsquo;abattement de 10 % semblait se transmettre de g\u00e9n\u00e9ration en g\u00e9n\u00e9ration avec la m\u00eame r\u00e9gularit\u00e9 que le b\u00e9ret et la baguette, tout s&rsquo;appr\u00eate \u00e0 changer. Hausse d&rsquo;imp\u00f4t \u00e0 pr\u00e9voir pour certains, gain pour d&rsquo;autres : la r\u00e9forme est sur toutes les l\u00e8vres. Pourtant, une erreur de lecture ou de d\u00e9claration pourrait faire passer \u00e0 c\u00f4t\u00e9 d&rsquo;avantages non n\u00e9gligeables. Plong\u00e9e dans les <strong>subtilit\u00e9s de la fiscalit\u00e9 des retraites<\/strong> \u00e0 l&rsquo;heure de cette nouvelle \u00e8re.<\/p>\n<p>Ce qui change en 2025 : comprendre la nouvelle donne sur l&rsquo;abattement fiscal des retraites<\/p>\n<p>L&rsquo;abattement fiscal de 10 % \u00e9tait jusqu&rsquo;\u00e0 pr\u00e9sent bien ancr\u00e9 dans le paysage fiscal des retrait\u00e9s. Pour \u00eatre clair, ce dispositif permettait de <strong>d\u00e9duire 10 % du montant brut<\/strong> de sa pension au moment de d\u00e9clarer ses revenus, dans la limite de 4 321 euros par foyer fiscal en 2024. Mais le gouvernement bouscule cet acquis, annon\u00e7ant la fin progressive de ce mod\u00e8le pour instaurer un forfait fixe : <strong>2 000 euros par foyer<\/strong>, quelle que soit la pension.<\/p>\n<p>Attention, la diff\u00e9rence n&rsquo;est pas anodine ! Jusque-l\u00e0, une pension annuelle modeste (autour de 15 000 ou 20 000 euros) aboutissait grosso modo au m\u00eame r\u00e9sultat, mais pour les pensions plus \u00e9lev\u00e9es (30 000 euros et au-del\u00e0), la d\u00e9duction \u00e9tait bien plus avantageuse, pouvant atteindre le plafond. Avec la <strong>limite resserr\u00e9e \u00e0 2 000 euros<\/strong>, les calculs changent radicalement.<\/p>\n<p>Qui sortira donc perdant de ce nouveau mode de calcul ? Ce sont, sans surprise, les retrait\u00e9s vivant seuls, dont la retraite exc\u00e8de les 20 000 euros annuels, qui verront leur avantage fiscal diminuer. \u00c0 l&rsquo;inverse, les couples percevant chacun des pensions modestes pourraient se voir accorder une d\u00e9duction plus \u00e9lev\u00e9e qu&rsquo;auparavant, eux qui peinaient jusque-l\u00e0 \u00e0 atteindre le plafond. Ce <strong>nouveau forfait va redistribuer les cartes<\/strong>, mais il pourrait surtout toucher ceux parmi les retrait\u00e9s qui n&rsquo;ont d\u00e9j\u00e0 pas la vie facile.<\/p>\n<tr>\nPension annuelle brute<br \/>\nAbattement ancien syst\u00e8me (10 %)<br \/>\nForfait futur (2 000 \u20ac)<br \/>\nDiff\u00e9rence<br \/>\n<\/tr>\n<tr>\n<td>18 000 \u20ac<\/td>\n<td>1 800 \u20ac<\/td>\n<td>2 000 \u20ac<\/td>\n<td>+200 \u20ac<\/td>\n<\/tr>\n<tr>\n<td>25 000 \u20ac<\/td>\n<td>2 500 \u20ac<\/td>\n<td>2 000 \u20ac<\/td>\n<td>-500 \u20ac<\/td>\n<\/tr>\n<tr>\n<td>35 000 \u20ac<\/td>\n<td>3 500 \u20ac<\/td>\n<td>2 000 \u20ac<\/td>\n<td>-1 500 \u20ac<\/td>\n<\/tr>\n<p>Les pi\u00e8ges \u00e0 \u00e9viter avec la r\u00e9forme : maximiser ses avantages et surveiller sa d\u00e9claration<\/p>\n<p>Avec ce changement, il peut para\u00eetre logique de penser qu&rsquo;il n&rsquo;y a plus qu&rsquo;\u00e0 attendre une application automatique du nouveau forfait. Erreur ! Le passage d&rsquo;un abattement proportionnel \u00e0 un abattement fixe peut <strong>semer la confusion<\/strong> au moment de remplir sa d\u00e9claration de revenus.<\/p>\n<p>Les erreurs les plus courantes ? D&rsquo;abord, la tentation d&rsquo;appliquer encore et toujours l&rsquo;ancien taux de 10 %, oubliant que les r\u00e8gles \u00e9voluent. Cela peut conduire \u00e0 une d\u00e9claration inexacte\u2026 et donc \u00e0 une taxation suppl\u00e9mentaire ou, pire, \u00e0 un redressement fiscal. Autre erreur classique : <strong>ne pas d\u00e9clarer correctement toutes ses sources de pension<\/strong>, notamment les revenus issus de petits r\u00e9gimes compl\u00e9mentaires ou de pensions de r\u00e9version. Chaque euro mal d\u00e9clar\u00e9 pourrait aujourd&rsquo;hui co\u00fbter cher au regard du nouveau plafond.<\/p>\n<p>La vigilance est cruciale, particuli\u00e8rement pour les retrait\u00e9s seuls ou modestes, qui risquent, plus que jamais, de voir leur facture fiscale grimper. L&rsquo;oubli d&rsquo;un dispositif sp\u00e9cifique, d&rsquo;une case ou d&rsquo;un abattement secondaire peut repr\u00e9senter une <strong>perte directe<\/strong>, alors que chaque euro compte une fois venu le temps de la retraite.<\/p>\n<p>Solutions et strat\u00e9gies : comment s&rsquo;adapter et limiter la perte d&rsquo;avantages fiscaux ?<\/p>\n<p>La solution passe d&rsquo;abord par une adaptation de ses choix d\u00e9claratifs. Face \u00e0 l&rsquo;\u00e9volution des r\u00e8gles, exit le pilotage automatique ! Mieux vaut <strong>prendre le temps de v\u00e9rifier<\/strong> chaque ligne de sa d\u00e9claration, comparer ce que les deux syst\u00e8mes (abattement proportionnel ou forfait) auraient donn\u00e9 pour son foyer, et ajuster en cons\u00e9quence.<\/p>\n<p>Il existe \u00e9galement d&rsquo;autres dispositifs \u00e0 surveiller : certains frais peuvent, sous conditions, faire l&rsquo;objet de <strong>d\u00e9ductions suppl\u00e9mentaires<\/strong>, par exemple pour d\u00e9penses sp\u00e9cifiques li\u00e9es \u00e0 la d\u00e9pendance ou dons aux associations. Sauf exception, les r\u00e9ductions d&rsquo;imp\u00f4t et cr\u00e9dits habituels (aides \u00e0 domicile, etc.) restent accessibles et peuvent venir compenser partiellement la baisse de l&rsquo;abattement sur la pension.<\/p>\n<p>Mais le meilleur r\u00e9flexe reste de s&rsquo;informer chaque ann\u00e9e, car la l\u00e9gislation fiscale \u00e9volue suffisamment vite pour que m\u00eame les plus rod\u00e9s puissent se faire surprendre d&rsquo;une ann\u00e9e sur l&rsquo;autre.<\/p>\n<p>Rester vigilant face aux \u00e9volutions fiscales : anticipation et conseils en or<\/p>\n<p>Personne n&rsquo;a envie de mauvaises surprises en d\u00e9couvrant son avis d&rsquo;imposition, surtout apr\u00e8s une carri\u00e8re bien remplie ! Or, <strong>anticiper les changements<\/strong> est devenu une n\u00e9cessit\u00e9. La fiscalit\u00e9 fran\u00e7aise \u00e9volue r\u00e9guli\u00e8rement, modifiant parfois consid\u00e9rablement le quotidien des retrait\u00e9s.<\/p>\n<p>Le r\u00e9flexe gagnant, d\u00e9sormais, consiste \u00e0 surveiller de pr\u00e8s tout projet de loi de finances et \u00e0 s&rsquo;appuyer sur des informations actualis\u00e9es, avant de valider sa d\u00e9claration. Pour ceux qui se sentent perdus dans les m\u00e9andres des abattements, forfaits et plafonds, <strong>faire appel \u00e0 un conseiller fiscal<\/strong> ou \u00e0 une association sp\u00e9cialis\u00e9e en accompagnement des retrait\u00e9s peut vraiment permettre d&rsquo;\u00e9viter l&rsquo;\u00e9cueil de la double peine : payer plus tout en passant \u00e0 c\u00f4t\u00e9 de ses droits.<\/p>\n<p>Pr\u00e9server ses avantages fiscaux \u00e0 la retraite : ce qu&rsquo;il faut retenir en pratique<\/p>\n<p>Pour optimiser sa situation fiscale, il faut absolument retenir ces points essentiels : suivre scrupuleusement les \u00e9volutions l\u00e9gales, <strong>v\u00e9rifier m\u00e9thodiquement<\/strong> les cases de sa d\u00e9claration, signaler tout changement de situation (veuvage, installation en couple, perte d&rsquo;autonomie\u2026) et ne jamais h\u00e9siter \u00e0 solliciter de l&rsquo;aide pour comprendre une ligne ou une nouveaut\u00e9 complexe.<\/p>\n<p>Les bonnes pratiques ? Un petit carnet \u2013 ou un dossier informatique \u2013 o\u00f9 r\u00e9capituler chaque source de pension, chaque aide fiscale potentielle, chaque date cl\u00e9 pour \u00e9viter l&rsquo;oubli. Sans oublier de <strong>v\u00e9rifier chaque ann\u00e9e<\/strong> si de nouveaux avantages (ou de nouvelles limites !) ne sont pas apparus dans la r\u00e9forme fiscale en vigueur.<\/p>\n<p>L&rsquo;\u00e8re de la fiscalit\u00e9 automatique et p\u00e9renne, c&rsquo;est bel et bien termin\u00e9e. Comprendre les leviers \u00e0 actionner, c&rsquo;est se donner toutes les chances de profiter pleinement de sa retraite, c\u00f4t\u00e9 portefeuille comme c\u00f4t\u00e9 s\u00e9r\u00e9nit\u00e9.<\/p>\n<p>La suppression de l&rsquo;abattement de 10 % et son remplacement par un forfait fixe de 2 000 euros bouleversent de vieux r\u00e9flexes. Cette transformation majeure impose \u00e0 chacun de s&rsquo;informer, de bien g\u00e9rer ses d\u00e9clarations, et de rester attentif quant \u00e0 l&rsquo;\u00e9volution constante de la fiscalit\u00e9 fran\u00e7aise. <strong>Prot\u00e9ger au mieux sa pension<\/strong> face \u00e0 l&rsquo;imp\u00f4t r\u00e9clame un minimum de vigilance et, parfois, un soup\u00e7on de strat\u00e9gie collective\u2026 ou pourquoi pas, un brin de solidarit\u00e9 entre g\u00e9n\u00e9rations pour continuer \u00e0 traverser les temp\u00eates fiscales sereinement.<\/p>\n","protected":false},"excerpt":{"rendered":"Depuis des d\u00e9cennies, b\u00e9n\u00e9ficier de la fameuse r\u00e9duction fiscale sur les pensions de retraite relevait presque de l&rsquo;automatisme.&hellip;\n","protected":false},"author":2,"featured_media":267643,"comment_status":"","ping_status":"","sticky":false,"template":"","format":"standard","meta":{"footnotes":""},"categories":[6],"tags":[35,33,34,1011,27,56],"class_list":{"0":"post-267642","1":"post","2":"type-post","3":"status-publish","4":"format-standard","5":"has-post-thumbnail","7":"category-economie","8":"tag-business","9":"tag-economie","10":"tag-economy","11":"tag-fr","12":"tag-france","13":"tag-push"},"share_on_mastodon":{"url":"https:\/\/pubeurope.com\/@fr\/114901765598779493","error":""},"_links":{"self":[{"href":"https:\/\/www.europesays.com\/fr\/wp-json\/wp\/v2\/posts\/267642","targetHints":{"allow":["GET"]}}],"collection":[{"href":"https:\/\/www.europesays.com\/fr\/wp-json\/wp\/v2\/posts"}],"about":[{"href":"https:\/\/www.europesays.com\/fr\/wp-json\/wp\/v2\/types\/post"}],"author":[{"embeddable":true,"href":"https:\/\/www.europesays.com\/fr\/wp-json\/wp\/v2\/users\/2"}],"replies":[{"embeddable":true,"href":"https:\/\/www.europesays.com\/fr\/wp-json\/wp\/v2\/comments?post=267642"}],"version-history":[{"count":0,"href":"https:\/\/www.europesays.com\/fr\/wp-json\/wp\/v2\/posts\/267642\/revisions"}],"wp:featuredmedia":[{"embeddable":true,"href":"https:\/\/www.europesays.com\/fr\/wp-json\/wp\/v2\/media\/267643"}],"wp:attachment":[{"href":"https:\/\/www.europesays.com\/fr\/wp-json\/wp\/v2\/media?parent=267642"}],"wp:term":[{"taxonomy":"category","embeddable":true,"href":"https:\/\/www.europesays.com\/fr\/wp-json\/wp\/v2\/categories?post=267642"},{"taxonomy":"post_tag","embeddable":true,"href":"https:\/\/www.europesays.com\/fr\/wp-json\/wp\/v2\/tags?post=267642"}],"curies":[{"name":"wp","href":"https:\/\/api.w.org\/{rel}","templated":true}]}}