{"id":267648,"date":"2025-07-23T09:11:10","date_gmt":"2025-07-23T09:11:10","guid":{"rendered":"https:\/\/www.europesays.com\/fr\/267648\/"},"modified":"2025-07-23T09:11:10","modified_gmt":"2025-07-23T09:11:10","slug":"quel-est-ce-collectif-qui-appelle-a-bloquer-le-pays-a-partir-du-10-septembre","status":"publish","type":"post","link":"https:\/\/www.europesays.com\/fr\/267648\/","title":{"rendered":"quel est ce collectif qui appelle \u00e0 bloquer le pays \u00e0 partir du 10 septembre ?"},"content":{"rendered":"<p>En opposition \u00e0 la \u00abpolitique d\u2019aust\u00e9rit\u00e9\u00bb du gouvernement de Fran\u00e7ois Bayrou, ce collectif aux leaders inconnus entend \u00abmener une action pacifique pour d\u00e9noncer les injustices et reprendre le pouvoir\u00bb.<\/p>\n<p class=\"fig-paragraph\">Le\u00a0<a href=\"http:\/\/www.lefigaro.fr\/social\/budget-2026-fronde-generalisee-contre-le-plan-bayrou-20250722\" data-fig-type=\"NewsFlash\" data-gtm-custom-categorie=\"navigation\" data-gtm-custom-action=\"crossclick\" data-gtm-custom-label=\"Contextuel\" data-gtm-event=\"customEventSPE\" data-fig-domain=\"LEFIGARO\" target=\"_blank\" rel=\"noopener\">gouvernement de Fran\u00e7ois Bayrou<\/a>\u00a0va-t-il devoir faire face \u00e0 un mouvement social d\u2019ampleur dans quelques semaines\u00a0? Sur les r\u00e9seaux sociaux circule depuis le 19 juillet l\u2019appel d\u2019un nouveau collectif, qui encourage les Fran\u00e7ais \u00e0 se mobiliser contre les orientations budg\u00e9taires du gouvernement, d\u00e9j\u00e0 contest\u00e9es par les \u00e9lus de tous bords et les syndicats. Baptis\u00e9 \u00abMobilisation 10 septembre\u00bb, ce rassemblement plaide pour la \u00absolidarit\u00e9\u00bb entre travailleurs et un \u00abarr\u00eat total et illimit\u00e9 du pays \u00e0 partir du 10 septembre\u00bb.<\/p>\n<p class=\"fig-paragraph\">Ceux qui se pr\u00e9sentent comme des infirmiers, enseignants, ch\u00f4meurs, m\u00e8res de famille et jeunes pr\u00e9caires, souhaitent dire \u00abstop \u00e0 l\u2019aust\u00e9rit\u00e9 Bayrou\u00bb qui, \u00e0 leurs yeux, \u00absacrifie\u00bb leurs droits. \u00abDeux jours f\u00e9ri\u00e9s supprim\u00e9s, coupes massives dans la sant\u00e9, gel des retraites, suppression de milliers de postes publics. Ce plan injuste frappe les plus fragiles et d\u00e9truit nos services essentiels\u00bb, \u00e9crivent-ils sur leur site, appelant \u00e0 \u00abmener une action pacifique pour d\u00e9noncer les injustices et reprendre le pouvoir collectivement\u00bb. \u00abSans nous, ils ne sont rien\u00bb, brocardent aussi les auteurs.<\/p>\n<p>                                    <a class=\"fig-a11y-skip a11y-hidden\" href=\"#fig-a11y-skip-main-inarticle\"><br \/>\n        Passer la publicit\u00e9<br \/>\n    <\/a><\/p>\n<p class=\"fig-paragraph\">Ce mouvement s\u2019inscrit dans un contexte o\u00f9 les principales repr\u00e9sentations syndicales d\u00e9noncent \u00e9galement les derni\u00e8res annonces du premier ministre. Dans une p\u00e9tition lanc\u00e9e mardi 22 juillet sur le site Change.org, la CGT, la CFDT, FO, la CFE-CGC, la CFTC, l\u2019Unsa, la FSU et l\u2019union syndicale Solidaires s\u2019\u00e9l\u00e8vent contre la \u00abbrutalit\u00e9 sans nom\u00bb du plan pr\u00e9sent\u00e9 par le premier ministre et d\u00e9noncent les \u00absacrifices pour le monde du travail\u00bb. Quelques mois apr\u00e8s la r\u00e9forme des retraites pass\u00e9e en force, \u00able gouvernement nous annonce \u00e0 nouveau une litanie de mesures l\u00e0 encore, brutales, injustes et inefficaces\u00bb, s\u2019insurgent les repr\u00e9sentants des salari\u00e9s, pour qui \u00ab\u00e7a suffit\u00bb. Le texte a r\u00e9uni 36.156 signatures, en un peu moins d\u2019un jour.<\/p>\n<p class=\"fig-body-link\">\n            \u00c0 lire aussi<br \/>\n        <a class=\"fig-body-link__link fig-premium-mark\" href=\"http:\/\/www.lefigaro.fr\/social\/budget-2026-fronde-generalisee-contre-le-plan-bayrou-20250722\" data-fig-type=\"NewsFlash\" data-gtm-custom-categorie=\"navigation\" data-gtm-custom-action=\"crossclick\" data-gtm-custom-label=\"Contextuel\" data-gtm-event=\"customEventSPE\" data-fig-domain=\"LEFIGARO\" target=\"_blank\" rel=\"noopener\">Budget 2026\u00a0: fronde g\u00e9n\u00e9ralis\u00e9e contre le plan Bayrou<br \/>\n    <\/a>\n<\/p>\n<p>On ne \u00abrepr\u00e9sente aucun parti\u00bb<\/p>\n<p class=\"fig-paragraph\">Sur les r\u00e9seaux sociaux, les appels \u00e0 la mobilisation se multiplient &#8211; rappelant la col\u00e8re venue de simples citoyens lors de la crise des \u00abgilets jaunes\u00bb. De son c\u00f4t\u00e9, le collectif pour une mobilisation le 10 septembre assure n\u2019y \u00abrepr\u00e9senter aucun parti\u00bb. \u00abOn est juste en col\u00e8re (&#8230;) On rassemble quel que soit le bord politique\u00bb, pointent-ils encore. Leur discours reprend toutefois des \u00e9l\u00e9ments de langage et combats plut\u00f4t marqu\u00e9s \u00e0 gauche. Leur m\u00e9thode s\u2019articule autour de trois mots d\u2019ordre\u00a0: \u00abboycott\u00bb, \u00abd\u00e9sob\u00e9issance\u00bb et \u00absolidarit\u00e9\u00bb. Et de promettre\u00a0: \u00ab\u00e0 partir du 10 septembre 2025, on passe \u00e0 l\u2019action. Le mot d\u2019ordre est simple\u00a0: on arr\u00eate de faire tourner leur syst\u00e8me\u00bb.<\/p>\n<p class=\"fig-paragraph\">Ce boycott pur et dur doit prendre une forme assez radicale. Le collectif appelle notamment le plus grand nombre \u00e0 \u00abne plus acheter dans les grandes surfaces\u00bb faisant r\u00e9f\u00e9rence \u00e0 Carrefour, Auchan et Amazon, \u00e0 \u00abretirer son argent des grandes banques complices de la sp\u00e9culation et de la politique de casse sociale\u00bb citant la BNP Paribas et la Soci\u00e9t\u00e9 G\u00e9n\u00e9rale, ou encore \u00e0 \u00abrefuser de consommer ce qui alimente le syst\u00e8me\u00a0: essence, fast-fashion, plateformes num\u00e9riques pr\u00e9datrices telles que Uber et Deliveroo\u00bb. Ils plaident aussi pour \u00abcesser de travailler dans la mesure du possible\u00a0: prendre des cong\u00e9s, d\u00e9poser des arr\u00eats, ralentir volontairement la production (gr\u00e8ve du z\u00e8le, gr\u00e8ve du travail gratuit\u2026)\u00bb, ou encore \u00absuspendre les paiements symboliques\u00a0: ne plus valider ses tickets de transport, retarder ses imp\u00f4ts symboliquement pour d\u00e9noncer leur usage injuste\u00bb. Parall\u00e8lement, ils conseillent de \u00absoutenir les circuits courts\u00a0: acheter local, \u00e9changer, partager, se d\u00e9brouiller entre citoyens\u00bb. Autant d\u2019actions symboliques qui visent \u00e0 \u00abcr\u00e9er notre propre r\u00e9seau \u00e9conomique temporaire\u00bb.<\/p>\n<p class=\"fig-paragraph\">Pour f\u00e9d\u00e9rer autour de lui, le collectif entend cr\u00e9er des groupes Telegram dans chaque ville mobilis\u00e9e. \u00abCes espaces permettront d\u2019acc\u00e9der \u00e0 des informations concr\u00e8tes, de participer \u00e0 des \u00e9changes et de coordonner les actions de mani\u00e8re autonome et efficace\u00bb, pr\u00e9cise-t-il. \u00c0 ce stade, impossible de savoir combien de personnes sont mobilis\u00e9es, mais le collectif invite tous ceux qui le souhaitent \u00e0 rejoindre un groupe ou \u00e0 en cr\u00e9er un. En outre, une \u00abcarte des rassemblements\u00bb a \u00e9t\u00e9 mise en ligne.<\/p>\n<p class=\"fig-paragraph\">Cet appel \u00e0 une \u00abcensure populaire\u00bb a d\u00e9j\u00e0 rencontr\u00e9 un certain \u00e9cho aupr\u00e8s de certains d\u00e9put\u00e9s, l\u00e0 encore plut\u00f4t \u00e0 gauche. Fran\u00e7ois Ruffin souhaite \u00abune censure populaire\u00bb du gouvernement dans la rue \u00e0 la rentr\u00e9e \u00abavant la censure parlementaire\u00bb.<\/p>\n","protected":false},"excerpt":{"rendered":"En opposition \u00e0 la \u00abpolitique d\u2019aust\u00e9rit\u00e9\u00bb du gouvernement de Fran\u00e7ois Bayrou, ce collectif aux leaders inconnus entend \u00abmener&hellip;\n","protected":false},"author":2,"featured_media":267649,"comment_status":"","ping_status":"","sticky":false,"template":"","format":"standard","meta":{"footnotes":""},"categories":[2],"tags":[11,1003,1011,27,431,12,2922],"class_list":{"0":"post-267648","1":"post","2":"type-post","3":"status-publish","4":"format-standard","5":"has-post-thumbnail","7":"category-actualites","8":"tag-actualites","9":"tag-budget","10":"tag-fr","11":"tag-france","12":"tag-francois-bayrou","13":"tag-news","14":"tag-pouvoir-dachat"},"share_on_mastodon":{"url":"https:\/\/pubeurope.com\/@fr\/114901777327499366","error":""},"_links":{"self":[{"href":"https:\/\/www.europesays.com\/fr\/wp-json\/wp\/v2\/posts\/267648","targetHints":{"allow":["GET"]}}],"collection":[{"href":"https:\/\/www.europesays.com\/fr\/wp-json\/wp\/v2\/posts"}],"about":[{"href":"https:\/\/www.europesays.com\/fr\/wp-json\/wp\/v2\/types\/post"}],"author":[{"embeddable":true,"href":"https:\/\/www.europesays.com\/fr\/wp-json\/wp\/v2\/users\/2"}],"replies":[{"embeddable":true,"href":"https:\/\/www.europesays.com\/fr\/wp-json\/wp\/v2\/comments?post=267648"}],"version-history":[{"count":0,"href":"https:\/\/www.europesays.com\/fr\/wp-json\/wp\/v2\/posts\/267648\/revisions"}],"wp:featuredmedia":[{"embeddable":true,"href":"https:\/\/www.europesays.com\/fr\/wp-json\/wp\/v2\/media\/267649"}],"wp:attachment":[{"href":"https:\/\/www.europesays.com\/fr\/wp-json\/wp\/v2\/media?parent=267648"}],"wp:term":[{"taxonomy":"category","embeddable":true,"href":"https:\/\/www.europesays.com\/fr\/wp-json\/wp\/v2\/categories?post=267648"},{"taxonomy":"post_tag","embeddable":true,"href":"https:\/\/www.europesays.com\/fr\/wp-json\/wp\/v2\/tags?post=267648"}],"curies":[{"name":"wp","href":"https:\/\/api.w.org\/{rel}","templated":true}]}}