{"id":267650,"date":"2025-07-23T09:14:35","date_gmt":"2025-07-23T09:14:35","guid":{"rendered":"https:\/\/www.europesays.com\/fr\/267650\/"},"modified":"2025-07-23T09:14:35","modified_gmt":"2025-07-23T09:14:35","slug":"la-medaille-de-reconnaissance-aux-victimes-du-terrorisme-pour-cinq-victimes-de-lattentat-de-saint-etienne-du-rouvray","status":"publish","type":"post","link":"https:\/\/www.europesays.com\/fr\/267650\/","title":{"rendered":"La m\u00e9daille de reconnaissance aux victimes du terrorisme pour cinq victimes de l&rsquo;attentat de Saint-Etienne du Rouvray"},"content":{"rendered":"<p>Le p\u00e8re Hamel ainsi que quatre autres victimes de l&rsquo;attentat terroriste du 26 juillet 2016, \u00e0 Saint-Etienne du Rouvray, viennent de se voir attribuer la m\u00e9daille de reconnaissance aux victimes du terrorisme.<\/p>\n<p>Cinq victimes de l\u2019attentat terroriste du 26 juillet 2016 en l\u2019\u00e9glise de Saint-Etienne du Rouvray, dont le p\u00e8re Hamel tu\u00e9 ce jour-l\u00e0, viennent de se voir attribuer la <strong>M\u00e9daille nationale de reconnaissance aux victimes du terrorisme<\/strong>. Un <a href=\"https:\/\/www.legifrance.gouv.fr\/jorf\/id\/JORFTEXT000051934850\" target=\"_blank\" rel=\"noopener nofollow\">d\u00e9cret du 21 juillet 2025<\/a>, paru au Journal officiel, d\u00e9taille leurs noms. Trois de ces victimes sont encore en vie aujourd\u2019hui.<\/p>\n<p>Le 26 juillet 2016, deux islamistes radicaux, Adel Kermiche (sous contr\u00f4le judiciaire et muni d\u2019un bracelet \u00e9lectronique) et Abdel Malik Nabil-Petitjean, assassinent en l\u2019\u00e9gorgeant et en le poignardant, le <strong>p\u00e8re Jacques Hamel<\/strong>, un pr\u00eatre catholique de l\u2019\u00e9glise Saint-\u00c9tienne de Saint-\u00c9tienne-du-Rouvray, pr\u00e8s de Rouen. Ils y blessent \u00e9galement gri\u00e8vement un paroissien de 86 ans, <strong>Guy Coponet<\/strong>. Pourtant poignard\u00e9 au bras, dans le dos et \u00e0 la gorge (sous les yeux de son \u00e9pouse Janine), ce dernier, laiss\u00e9 pour mort, survivra miraculeusement. Une religieuse, <strong>Dani\u00e8le Delafosse<\/strong>, pr\u00e9sente dans l\u2019\u00e9glise, parvient \u00e0 s\u2019\u00e9chapper et \u00e0 faire pr\u00e9venir la police. Les assaillants retiennent ensuite en otage les trois femmes restantes dans l\u2019\u00e9difice : <strong>Janine Coponet<\/strong>, une fid\u00e8le, et deux autres religieuses, <strong>H\u00e9l\u00e8ne Decaux<\/strong>\u00a0et <strong>Huguette P\u00e9ron<\/strong>. Ils profitent du d\u00e9lai d\u2019intervention des policiers pour saccager l\u2019\u00e9glise.<\/p>\n<p>Apr\u00e8s un premier assaut avort\u00e9 des policiers de la BRI de Rouen, appuy\u00e9s par ceux de la brigade anti-criminalit\u00e9, les deux terroristes sortent de l\u2019\u00e9glise avec deux otages pour affronter les policiers. Ils sont alors abattus. L\u2019acte est revendiqu\u00e9 le jour m\u00eame par l\u2019organisation terroriste \u00ab\u00a0\u00c9tat islamique\u00a0\u00bb.<\/p>\n<p>Apr\u00e8s 2015, le terrorisme islamiste poursuit son entreprise de terreur en 2016<\/p>\n<p>Cet assassinat avait eu lieu quelques jours apr\u00e8s\u00a0l\u2019<a title=\"Attentat du 14 juillet 2016 \u00e0 Nice\" href=\"https:\/\/fr.wikipedia.org\/wiki\/Attentat_du_14_juillet_2016_%C3%A0_Nice\" target=\"_blank\" rel=\"noopener nofollow\">attentat du 14 juillet \u00e0 Nice<\/a>, o\u00f9\u00a086 personnes avaient perdu la vie. 458 avaient \u00e9galement \u00e9t\u00e9 bless\u00e9es sur la Promenade des Anglais. Des \u00e9v\u00e9nements qui s\u2019inscrivent dans une s\u00e9rie d\u2019attaques terroristes commises en Europe \u00e0 l\u2019\u00e9t\u00e9 2016. Certaines avaient d\u2019ailleurs \u00e9t\u00e9 revendiqu\u00e9es par l\u2019\u00c9tat islamique, comme celles commises en Allemagne \u00e0 <a title=\"Attentat de Wurtzbourg\" href=\"https:\/\/fr.wikipedia.org\/wiki\/Attentat_de_Wurtzbourg\" target=\"_blank\" rel=\"noopener nofollow\">Wurtzbourg<\/a> (le 18 juillet) et \u00e0 <a title=\"Attentat d&#039;Ansbach\" href=\"https:\/\/fr.wikipedia.org\/wiki\/Attentat_d%27Ansbach\" target=\"_blank\" rel=\"noopener nofollow\">Ansbach<\/a> (le 24 juillet).<\/p>\n<p><strong>Lire aussi : <a href=\"https:\/\/lessor.org\/societe\/deux-tues-lors-de-lattentat-de-nice-en-2016-declares-victimes-du-terrorisme\/\" target=\"_blank\" rel=\"noopener nofollow\">Deux tu\u00e9s lors de l\u2019attentat de Nice en 2016 d\u00e9clar\u00e9s \u00ab\u00a0victimes du terrorisme\u00a0\u00bb<\/a><\/strong><\/p>\n<p>Pr\u00e8s de 1.100 r\u00e9cipiendaires depuis 2016<\/p>\n<p>Cr\u00e9\u00e9e en 2016, la <strong><a href=\"https:\/\/www.legifrance.gouv.fr\/jorf\/id\/JORFTEXT000032887156\" target=\"_blank\" rel=\"noopener nofollow\">M\u00e9daille nationale de reconnaissance aux victimes du terrorisme<\/a><\/strong> est accord\u00e9e aux Fran\u00e7ais tu\u00e9s, bless\u00e9s ou s\u00e9questr\u00e9s lors d\u2019actes terroristes commis en France ou \u00e0 l\u2019\u00e9tranger. Elle est aussi attribu\u00e9e aux \u00e9trangers. Les conditions sont identiques mais, \u00e0 l\u2019\u00e9tranger, les actes terroristes doivent avoir vis\u00e9 les int\u00e9r\u00eats de la R\u00e9publique fran\u00e7aise. La m\u00e9daille doit \u00eatre demand\u00e9e par la victime ou, en cas de d\u00e9c\u00e8s, par sa famille.<\/p>\n<p>Depuis la premi\u00e8re attribution, le 1er juin 2018, pr\u00e8s de 1.100 personnes ont re\u00e7u cette m\u00e9daille. Elle figure <strong>au 5\u00e8me rang de la liste protocolaire des d\u00e9corations<\/strong>. La L\u00e9gion d\u2019honneur, l\u2019ordre de la Lib\u00e9ration, la M\u00e9daille militaire et l\u2019ordre national du M\u00e9rite la pr\u00e9c\u00e9dent.<\/p>\n<p><strong>LP (avec PMG)<\/strong><\/p>\n<p><strong>Lire aussi : <a href=\"https:\/\/lessor.org\/vie-des-personnels\/six-anciens-gendarmes-otages-a-ouvea-sur-la-voie-de-lobtention-de-la-medaille-de-reconnaissance-aux-victimes-du-terrorisme\/\" target=\"_blank\" rel=\"noopener nofollow\">Six anciens gendarmes otages \u00e0 Ouv\u00e9a sur la voie de l\u2019obtention de la m\u00e9daille de reconnaissance aux victimes du terrorisme<\/a><\/strong><\/p>\n","protected":false},"excerpt":{"rendered":"Le p\u00e8re Hamel ainsi que quatre autres victimes de l&rsquo;attentat terroriste du 26 juillet 2016, \u00e0 Saint-Etienne du&hellip;\n","protected":false},"author":2,"featured_media":267651,"comment_status":"","ping_status":"","sticky":false,"template":"","format":"standard","meta":{"footnotes":""},"categories":[9653],"tags":[1111,11,5581,2430,3050,40709,40710,28939,23398,1777,674,1011,27,40711,303,40712,9149,40713,12,25,22412,4001,5163,1254],"class_list":{"0":"post-267650","1":"post","2":"type-post","3":"status-publish","4":"format-standard","5":"has-post-thumbnail","7":"category-saint-etienne","8":"tag-actu","9":"tag-actualites","10":"tag-attentat","11":"tag-auvergne-rhone-alpes","12":"tag-bac","13":"tag-bri","14":"tag-bri-de-rouen","15":"tag-brigade-anticriminalite","16":"tag-etat-islamique","17":"tag-eu","18":"tag-europe","19":"tag-fr","20":"tag-france","21":"tag-jacques-hamel","22":"tag-justice","23":"tag-medaille-nationale-de-reconnaissance-aux-victimes-du-terrorisme","24":"tag-ministere-de-la-justice","25":"tag-mnrvt","26":"tag-news","27":"tag-republique-francaise","28":"tag-saint-etienne-du-rouvray","29":"tag-saint-etienne","30":"tag-seine-maritime","31":"tag-terrorisme"},"share_on_mastodon":{"url":"https:\/\/pubeurope.com\/@fr\/114901789153400239","error":""},"_links":{"self":[{"href":"https:\/\/www.europesays.com\/fr\/wp-json\/wp\/v2\/posts\/267650","targetHints":{"allow":["GET"]}}],"collection":[{"href":"https:\/\/www.europesays.com\/fr\/wp-json\/wp\/v2\/posts"}],"about":[{"href":"https:\/\/www.europesays.com\/fr\/wp-json\/wp\/v2\/types\/post"}],"author":[{"embeddable":true,"href":"https:\/\/www.europesays.com\/fr\/wp-json\/wp\/v2\/users\/2"}],"replies":[{"embeddable":true,"href":"https:\/\/www.europesays.com\/fr\/wp-json\/wp\/v2\/comments?post=267650"}],"version-history":[{"count":0,"href":"https:\/\/www.europesays.com\/fr\/wp-json\/wp\/v2\/posts\/267650\/revisions"}],"wp:featuredmedia":[{"embeddable":true,"href":"https:\/\/www.europesays.com\/fr\/wp-json\/wp\/v2\/media\/267651"}],"wp:attachment":[{"href":"https:\/\/www.europesays.com\/fr\/wp-json\/wp\/v2\/media?parent=267650"}],"wp:term":[{"taxonomy":"category","embeddable":true,"href":"https:\/\/www.europesays.com\/fr\/wp-json\/wp\/v2\/categories?post=267650"},{"taxonomy":"post_tag","embeddable":true,"href":"https:\/\/www.europesays.com\/fr\/wp-json\/wp\/v2\/tags?post=267650"}],"curies":[{"name":"wp","href":"https:\/\/api.w.org\/{rel}","templated":true}]}}