{"id":267668,"date":"2025-07-23T09:27:11","date_gmt":"2025-07-23T09:27:11","guid":{"rendered":"https:\/\/www.europesays.com\/fr\/267668\/"},"modified":"2025-07-23T09:27:11","modified_gmt":"2025-07-23T09:27:11","slug":"apres-larrivee-de-rongier-un-dispositif-de-securite-renforce-pour-le-match-amical-a-la-joneliere","status":"publish","type":"post","link":"https:\/\/www.europesays.com\/fr\/267668\/","title":{"rendered":"apr\u00e8s l&rsquo;arriv\u00e9e de Rongier, un dispositif de s\u00e9curit\u00e9 renforc\u00e9 pour le match amical \u00e0 la Joneli\u00e8re"},"content":{"rendered":"<p class=\"mb-4 text-lg md:leading-8 break-words\">Un match amical sous haute tension. Le FC Nantes et le Stade Rennais poursuivent leur pr\u00e9paration avant la reprise de la <a href=\"https:\/\/fr.news.yahoo.com\/sport\/ligue-1-calendrier-complet-saison-120750439.html\" data-ylk=\"slk:Ligue 1;elm:context_link;itc:0;sec:content-canvas;outcm:mb_qualified_link;_E:mb_qualified_link;ct:story;\" class=\"link  yahoo-link\" target=\"_blank\" rel=\"noopener\">Ligue 1<\/a> et vont s&rsquo;affronter samedi \u00e0 17h \u00e0 la Joneli\u00e8re. Un derby de l&rsquo;Ouest sans enjeu, certes, mais qui s&rsquo;annonce bouillant au vu de l&rsquo;actualit\u00e9 r\u00e9cente et <a href=\"https:\/\/fr.news.yahoo.com\/sport\/mercato-accord-entre-rennes-l-084809277.html\" data-ylk=\"slk:le double transfert;elm:context_link;itc:0;sec:content-canvas;outcm:mb_qualified_link;_E:mb_qualified_link;ct:story;\" class=\"link  yahoo-link\" target=\"_blank\" rel=\"noopener\">le double transfert<\/a> de Valentin Rongier et Quentin Merlin d\u00e9sormais Rennais apr\u00e8s avoir \u00e9t\u00e9 form\u00e9s \u00e0 Nantes.<\/p>\n<p class=\"mb-4 text-lg md:leading-8 break-words\">Par cons\u00e9quent, les Canaris vont mettre en place un dispositif de s\u00e9curit\u00e9 pour cette rencontre qui se disputera en 3 fois 45 minutes, comme l&rsquo;indique <a href=\"https:\/\/www.lequipe.fr\/Football\/Actualites\/Un-dispositif-de-securite-va-etre-mis-en-place-pour-l-amical-nantes-rennes-samedi-a-la-joneliere\/1580011\" rel=\"nofollow noopener\" target=\"_blank\" data-ylk=\"slk:L&#039;Equipe.;elm:context_link;itc:0;sec:content-canvas\" class=\"link \">L&rsquo;Equipe.<\/a> La gendarmerie et la police municipale seront mobilis\u00e9es, et la route qui m\u00e8ne \u00e0 la plaine de jeux sera ferm\u00e9e \u00e0 la circulation. Un autre ancien Nantais, <a href=\"https:\/\/fr.news.yahoo.com\/sport\/rennes-meilleur-moment-blas-convaincu-113154587.html\" data-ylk=\"slk:Ludovic Blas;elm:context_link;itc:0;sec:content-canvas;outcm:mb_qualified_link;_E:mb_qualified_link;ct:story;\" class=\"link  yahoo-link\" target=\"_blank\" rel=\"noopener\">Ludovic Blas<\/a>, devrait aussi \u00eatre de la partie.<\/p>\n<p>\u00ab\u00a0Club ennemi\u00a0\u00bb<\/p>\n<p class=\"mb-4 text-lg md:leading-8 break-words\">Tous deux form\u00e9s \u00e0 Nantes, Quentin Merlin et Valentin Rongier ont \u00e9volu\u00e9 avec les Canaris plusieurs ann\u00e9es avant de rejoindre l&rsquo;Olympique Marseille, en 2024 pour le premier et en 2019 pour le second. La saison prochaine, les deux joueurs continueront \u00e0 porter le m\u00eame maillot puisqu&rsquo;ils viennent d&rsquo;\u00eatre transf\u00e9r\u00e9s <a href=\"https:\/\/fr.news.yahoo.com\/sport\/om-zerbi-pense-mercato-marseillais-184937055.html\" data-ylk=\"slk:du club phoc\u00e9en;elm:context_link;itc:0;sec:content-canvas;outcm:mb_qualified_link;_E:mb_qualified_link;ct:story;\" class=\"link  yahoo-link\" target=\"_blank\" rel=\"noopener\">du club phoc\u00e9en<\/a> au Stade Rennais pour 20 millions d&rsquo;euros.<\/p>\n<p class=\"mb-4 text-lg md:leading-8 break-words\">Mais c&rsquo;est surtout le transfert de Valentin Rongier <a href=\"https:\/\/fr.news.yahoo.com\/sport\/rennes-ne-pourrons-l-accepter-124357535.html\" data-ylk=\"slk:qui fait jaser;elm:context_link;itc:0;sec:content-canvas;outcm:mb_qualified_link;_E:mb_qualified_link;ct:story;\" class=\"link  yahoo-link\" target=\"_blank\" rel=\"noopener\">qui fait jaser<\/a>, tant le milieu de terrain a chambr\u00e9 le <a href=\"https:\/\/fr.news.yahoo.com\/sport\/mercato-valentin-rongier-nenvisageait-signer-193139882.html\" data-ylk=\"slk:&quot;club ennemi&quot;;elm:context_link;itc:0;sec:content-canvas;outcm:mb_qualified_link;_E:mb_qualified_link;ct:story;\" class=\"link  yahoo-link\" target=\"_blank\" rel=\"noopener\">\u00ab\u00a0club ennemi\u00a0\u00bb<\/a> de Nantes, comme il l&rsquo;appellait, dans le pass\u00e9. Il avait notamment post\u00e9, en 2017, une photo de ch\u00e8vres sur les r\u00e9seaux sociaux en ajoutant \u00ab\u00a0Coucou les Rennais\u00a0\u00bb et assur\u00e9 qu&rsquo;il ne pourrait pas y signer, dans une interview l&rsquo;ann\u00e9e suivante.<\/p>\n<p>Deux \u00e9quipes en crise<\/p>\n<p class=\"mb-4 text-lg md:leading-8 break-words\">\u00ab\u00a0Quand on est pass\u00e9 par le centre de formation, que ce soit du c\u00f4t\u00e9 de Rennes ou du c\u00f4t\u00e9 de Nantes, je pense qu\u2019on essaye de cultiver un petit peu cette rivalit\u00e9 et ce derby. Mais pour moi, si vous reprenez mes propos et mes chambrages, \u00e7a a toujours \u00e9t\u00e9 bon enfant. Je n\u2019ai jamais voulu manquer de respect \u00e0 l\u2019institution Rennes ou \u00e0 leurs supporters\u00a0\u00bb, a-t-il assur\u00e9 dans <a href=\"https:\/\/fr.news.yahoo.com\/sport\/n-imb%C3%A9ciles-ne-changent-d-213515233.html\" data-ylk=\"slk:sa premi\u00e8re prise de parole;elm:context_link;itc:0;sec:content-canvas;outcm:mb_qualified_link;_E:mb_qualified_link;ct:story;\" class=\"link  yahoo-link\" target=\"_blank\" rel=\"noopener\">sa premi\u00e8re prise de parole<\/a> apr\u00e8s sa pr\u00e9sentation, lundi.<\/p>\n<p class=\"mb-4 text-lg md:leading-8 break-words\">Respectivement douxi\u00e8me et treizi\u00e8me du championnat \u00e0 l&rsquo;issue de l&rsquo;exercice 2024-2025, <a href=\"https:\/\/fr.news.yahoo.com\/sport\/ligue-1-brest-rennes-nantes-073032468.html\" data-ylk=\"slk:Rennes et Nantes;elm:context_link;itc:0;sec:content-canvas;outcm:mb_qualified_link;_E:mb_qualified_link;ct:story;\" class=\"link  yahoo-link\" target=\"_blank\" rel=\"noopener\">Rennes et Nantes<\/a> cherchent \u00e0 reprendre confiance dans cette s\u00e9rie de matchs amicaux. Les Rouge et Noir ont \u00e9t\u00e9 tenus en \u00e9chec (1-1) par le Stade Briochin (National) et se sont inclin\u00e9s contre Brest (2-3). Les Canaris se sont eux impos\u00e9s (2-0) contre Laval (Ligue 2) mais se sont fait surprendre par Guingamp (1-2).<\/p>\n<p class=\"mb-4 text-lg md:leading-8 break-words\"><a href=\"https:\/\/rmcsport.bfmtv.com\/football\/ligue-1\/nantes-rennes-apres-l-arrivee-de-rongier-un-dispositif-de-securite-renforce-pour-le-match-amical-a-la-joneliere_AV-202507230236.html#xtor=AL-68\" rel=\"nofollow noopener\" target=\"_blank\" data-ylk=\"slk:Article original publi\u00e9 sur RMC Sport;elm:context_link;itc:0;sec:content-canvas\" class=\"link \">Article original publi\u00e9 sur RMC Sport<\/a><\/p>\n","protected":false},"excerpt":{"rendered":"Un match amical sous haute tension. Le FC Nantes et le Stade Rennais poursuivent leur pr\u00e9paration avant la&hellip;\n","protected":false},"author":2,"featured_media":267669,"comment_status":"","ping_status":"","sticky":false,"template":"","format":"standard","meta":{"footnotes":""},"categories":[2821],"tags":[1111,11,3450,829,21199,1777,674,462,1011,27,40714,40715,12,39795,584,25,3087,40284],"class_list":{"0":"post-267668","1":"post","2":"type-post","3":"status-publish","4":"format-standard","5":"has-post-thumbnail","7":"category-rennes","8":"tag-actu","9":"tag-actualites","10":"tag-brest","11":"tag-bretagne","12":"tag-canaris","13":"tag-eu","14":"tag-europe","15":"tag-fc-nantes","16":"tag-fr","17":"tag-france","18":"tag-ludovic-blas","19":"tag-match-amical","20":"tag-news","21":"tag-quentin-merlin","22":"tag-rennes","23":"tag-republique-francaise","24":"tag-stade-rennais","25":"tag-valentin-rongier"},"share_on_mastodon":{"url":"https:\/\/pubeurope.com\/@fr\/114901840355097649","error":""},"_links":{"self":[{"href":"https:\/\/www.europesays.com\/fr\/wp-json\/wp\/v2\/posts\/267668","targetHints":{"allow":["GET"]}}],"collection":[{"href":"https:\/\/www.europesays.com\/fr\/wp-json\/wp\/v2\/posts"}],"about":[{"href":"https:\/\/www.europesays.com\/fr\/wp-json\/wp\/v2\/types\/post"}],"author":[{"embeddable":true,"href":"https:\/\/www.europesays.com\/fr\/wp-json\/wp\/v2\/users\/2"}],"replies":[{"embeddable":true,"href":"https:\/\/www.europesays.com\/fr\/wp-json\/wp\/v2\/comments?post=267668"}],"version-history":[{"count":0,"href":"https:\/\/www.europesays.com\/fr\/wp-json\/wp\/v2\/posts\/267668\/revisions"}],"wp:featuredmedia":[{"embeddable":true,"href":"https:\/\/www.europesays.com\/fr\/wp-json\/wp\/v2\/media\/267669"}],"wp:attachment":[{"href":"https:\/\/www.europesays.com\/fr\/wp-json\/wp\/v2\/media?parent=267668"}],"wp:term":[{"taxonomy":"category","embeddable":true,"href":"https:\/\/www.europesays.com\/fr\/wp-json\/wp\/v2\/categories?post=267668"},{"taxonomy":"post_tag","embeddable":true,"href":"https:\/\/www.europesays.com\/fr\/wp-json\/wp\/v2\/tags?post=267668"}],"curies":[{"name":"wp","href":"https:\/\/api.w.org\/{rel}","templated":true}]}}