{"id":267680,"date":"2025-07-23T09:34:09","date_gmt":"2025-07-23T09:34:09","guid":{"rendered":"https:\/\/www.europesays.com\/fr\/267680\/"},"modified":"2025-07-23T09:34:09","modified_gmt":"2025-07-23T09:34:09","slug":"quelles-sont-les-routes-a-eviter","status":"publish","type":"post","link":"https:\/\/www.europesays.com\/fr\/267680\/","title":{"rendered":"quelles sont les routes \u00e0 \u00e9viter\u00a0?"},"content":{"rendered":"<p>            Par<br \/>\n        <strong><br \/>\n            <a href=\"https:\/\/actu.fr\/auteur\/julian-doubax\" title=\"Consulter tous les articles de Julian Doubax\" target=\"_blank\" rel=\"noopener\">Julian Doubax<\/a><br \/>\n        <\/strong><\/p>\n<p>        Publi\u00e9 le<\/p>\n<p>            23 juil. 2025 \u00e0 10h51        <\/p>\n<p>Si vous souhaitez partir en vacances pour ce dernier week-end de juillet\u00a02025, vous risquez bien de perdre de pr\u00e9cieuses minutes dans les <strong>bouchons<\/strong>. En effet, Bison Fut\u00e9 met en garde les automobilistes pour le vendredi\u00a025 et samedi 26\u00a0juillet. Le site d\u2019information du trafic routier pr\u00e9voit une circulation \u00ab\u2009tr\u00e8s difficile\u2009\u00bb sur de nombreux axes du pays. Comme toujours, la <strong>Gironde<\/strong> ne va pas \u00eatre \u00e9pargn\u00e9e par ces <a href=\"https:\/\/actu.fr\/nouvelle-aquitaine\/bordeaux_33063\/la-circulation-empire-a-bordeaux-la-ville-devient-championne-de-france-des-embouteillages-devant-paris_62090838.html\" target=\"_blank\" rel=\"noopener\">embouteillages<\/a>. On fait le point.<\/p>\n<p>Une journ\u00e9e class\u00e9e rouge<\/p>\n<p class=\" wall-content\">Dans le sens des d\u00e9parts, le vendredi 25\u00a0juillet, la journ\u00e9e est class\u00e9e \u00ab\u2009rouge\u2009\u00bb par Bison Fut\u00e9. La c\u00f4te Atlantique (<a href=\"https:\/\/actu.fr\/tag\/autoroute-10-a10\" target=\"_blank\" rel=\"noopener\">A10<\/a>, A63, A81) devrait conna\u00eetre une \u00ab\u2009tr\u00e8s forte fr\u00e9quentation\u2009\u00bb. Le site conseille aux automobilistes \u00ab\u2009d\u2019\u00e9viter l\u2019autoroute A63\u2009\u00bb entre <a href=\"https:\/\/actu.fr\/bordeaux\/\" target=\"_blank\" rel=\"noopener\"><strong>Bordeaux<\/strong> <\/a>et <strong>Bayonne<\/strong> de 14h \u00e0 16h. M\u00eame recommandation pour l\u2019A10 entre <strong>Orl\u00e9ans<\/strong> et <strong>Bordeaux<\/strong> de 11h \u00e0 18h.<\/p>\n<p>Certaines routes \u00e0 \u00e9viter<\/p>\n<p class=\" wall-content\">Pour le samedi 26\u00a0juillet, la journ\u00e9e \u00e9galement class\u00e9e \u00ab\u2009rouge\u2009\u00bb car la circulation devrait \u00eatre \u00ab\u2009tr\u00e8s <strong>dense<\/strong> sur de nombreux axes routiers\u2009\u00bb de l\u2019Hexagone. Dans le sens des d\u00e9parts, Bison Fut\u00e9 d\u00e9conseille de prendre l\u2019A10 entre Tours de Bordeaux de 9h \u00e0 19h. La circulation s\u2019annonce aussi \u00ab\u2009difficile\u2009\u00bb sur l\u2019A63 entre la capitale girondine et Bayonne de 9h \u00e0 20h.<\/p>\n<p>Un dimanche plus calme<\/p>\n<p class=\" wall-content\">Le retour \u00e0 la normale devrait s\u2019effectuer le dimanche 27\u00a0juillet. Quelques \u00ab\u2009encombrements\u2009\u00bb devraient <strong>perturber<\/strong> le trafic entre 10h et 18h sur l\u2019A63 entre Bordeaux et Bayonne, dans le sens des d\u00e9parts. Pour les retours, la circulation devrait \u00eatre \u00ab\u2009fluide\u2009\u00bb en Gironde.<\/p>\n<p>Comment \u00e9viter les bouchons\u2009?<\/p>\n<p class=\" wall-content\">Pour ne pas rester bloqu\u00e9 dans sa voiture sur l\u2019autoroute pendant plusieurs minutes, il sera donc judicieux <strong>d\u2019\u00e9viter les horaires et les routes<\/strong> mentionn\u00e9s au-dessus. Les automobilistes peuvent privil\u00e9gier d\u2019autres axes o\u00f9 la circulation s\u2019annonce plus fluide comme l\u2019A65 ou l\u2019A64.<\/p>\n<p class=\" wall-content\">Suivez toute l\u2019actualit\u00e9 de vos villes et m\u00e9dias favoris en vous inscrivant \u00e0 <a href=\"https:\/\/moncompte.actu.fr\" title=\"D\u00e9couvez Mon Actu\" rel=\"nofollow noopener\" data-trk=\"{&quot;cta&quot;:{&quot;action&quot;:&quot;https:\\\/\\\/moncompte.actu.fr&quot;,&quot;category&quot;:&quot;mon compte&quot;,&quot;from&quot;:&quot;article footer&quot;,&quot;name&quot;:&quot;Mon actu&quot;,&quot;type&quot;:&quot;cta&quot;}}\" target=\"_blank\">Mon Actu<\/a>.<\/p>\n","protected":false},"excerpt":{"rendered":"Par Julian Doubax Publi\u00e9 le 23 juil. 2025 \u00e0 10h51 Si vous souhaitez partir en vacances pour ce&hellip;\n","protected":false},"author":2,"featured_media":32345,"comment_status":"","ping_status":"","sticky":false,"template":"","format":"standard","meta":{"footnotes":""},"categories":[2817],"tags":[1111,11,4697,1997,3542,1777,674,1011,27,12,2219,25,13229,104],"class_list":{"0":"post-267680","1":"post","2":"type-post","3":"status-publish","4":"format-standard","5":"has-post-thumbnail","7":"category-bordeaux","8":"tag-actu","9":"tag-actualites","10":"tag-autoroute-10-a10","11":"tag-bordeaux","12":"tag-circulation","13":"tag-eu","14":"tag-europe","15":"tag-fr","16":"tag-france","17":"tag-news","18":"tag-nouvelle-aquitaine","19":"tag-republique-francaise","20":"tag-rocade-de-bordeaux","21":"tag-societe"},"share_on_mastodon":{"url":"https:\/\/pubeurope.com\/@fr\/114901867777469572","error":""},"_links":{"self":[{"href":"https:\/\/www.europesays.com\/fr\/wp-json\/wp\/v2\/posts\/267680","targetHints":{"allow":["GET"]}}],"collection":[{"href":"https:\/\/www.europesays.com\/fr\/wp-json\/wp\/v2\/posts"}],"about":[{"href":"https:\/\/www.europesays.com\/fr\/wp-json\/wp\/v2\/types\/post"}],"author":[{"embeddable":true,"href":"https:\/\/www.europesays.com\/fr\/wp-json\/wp\/v2\/users\/2"}],"replies":[{"embeddable":true,"href":"https:\/\/www.europesays.com\/fr\/wp-json\/wp\/v2\/comments?post=267680"}],"version-history":[{"count":0,"href":"https:\/\/www.europesays.com\/fr\/wp-json\/wp\/v2\/posts\/267680\/revisions"}],"wp:featuredmedia":[{"embeddable":true,"href":"https:\/\/www.europesays.com\/fr\/wp-json\/wp\/v2\/media\/32345"}],"wp:attachment":[{"href":"https:\/\/www.europesays.com\/fr\/wp-json\/wp\/v2\/media?parent=267680"}],"wp:term":[{"taxonomy":"category","embeddable":true,"href":"https:\/\/www.europesays.com\/fr\/wp-json\/wp\/v2\/categories?post=267680"},{"taxonomy":"post_tag","embeddable":true,"href":"https:\/\/www.europesays.com\/fr\/wp-json\/wp\/v2\/tags?post=267680"}],"curies":[{"name":"wp","href":"https:\/\/api.w.org\/{rel}","templated":true}]}}