{"id":267681,"date":"2025-07-23T09:35:10","date_gmt":"2025-07-23T09:35:10","guid":{"rendered":"https:\/\/www.europesays.com\/fr\/267681\/"},"modified":"2025-07-23T09:35:10","modified_gmt":"2025-07-23T09:35:10","slug":"un-depot-bloque-en-soutien-au-chauffeur-de-bus-agresse-et-convoque-en-conseil-de-discipline-ce-mercredi","status":"publish","type":"post","link":"https:\/\/www.europesays.com\/fr\/267681\/","title":{"rendered":"un d\u00e9p\u00f4t bloqu\u00e9 en soutien au chauffeur de bus agress\u00e9 et convoqu\u00e9 en conseil de discipline ce mercredi"},"content":{"rendered":"<p>La SNTU-CFDT a bloqu\u00e9 le d\u00e9p\u00f4t de bus de Bordeaux-Lac durant plusieurs heures ce mercredi en soutien \u00e0 son d\u00e9l\u00e9gu\u00e9 syndical, Jean-Christophe Colombo, convoqu\u00e9 en conseil de discipline apr\u00e8s avoir \u00e9t\u00e9 agress\u00e9 par un passager dans un bus qu\u2019il conduisait.<\/p>\n<p class=\"fig-paragraph\"><a href=\"http:\/\/www.lefigaro.fr\/bordeaux\/je-suis-sorti-en-pleurant-le-chauffeur-de-bus-bordelais-agresse-raconte-au-figaro-sa-convocation-avec-ses-superieurs-20250624\" data-fig-type=\"NewsFlash\" data-gtm-custom-categorie=\"navigation\" data-gtm-custom-action=\"crossclick\" data-gtm-custom-label=\"Contextuel\" data-gtm-event=\"customEventSPE\" data-fig-domain=\"LEFIGARO\" target=\"_blank\" rel=\"noopener\">Sa direction lui reproche<\/a>\u00a0d\u2019\u00eatre descendu de son poste de conduite pour\u00a0<a href=\"http:\/\/www.lefigaro.fr\/bordeaux\/a-leurs-yeux-je-suis-l-agresseur-le-chauffeur-de-bus-bordelais-agresse-est-convoque-en-conseil-de-discipline-par-sa-direction-20250715\" data-fig-type=\"NewsFlash\" data-gtm-custom-categorie=\"navigation\" data-gtm-custom-action=\"crossclick\" data-gtm-custom-label=\"Contextuel\" data-gtm-event=\"customEventSPE\" data-fig-domain=\"LEFIGARO\" target=\"_blank\" rel=\"noopener\">sortir de son bus par le collet<\/a>\u00a0un voyageur, qui venait de l\u2019insulter apr\u00e8s avoir refus\u00e9 de lui dire bonjour. Jean-Christophe Colombo, le chauffeur de bus bordelais violemment agress\u00e9 en mai,\u00a0<a href=\"http:\/\/www.lefigaro.fr\/bordeaux\/je-suis-choque-le-chauffeur-de-bus-tabasse-pres-de-bordeaux-convoque-par-sa-direction-et-menace-d-une-sanction-20250604\" data-fig-type=\"NewsFlash\" data-gtm-custom-categorie=\"navigation\" data-gtm-custom-action=\"crossclick\" data-gtm-custom-label=\"Contextuel\" data-gtm-event=\"customEventSPE\" data-fig-domain=\"LEFIGARO\" target=\"_blank\" rel=\"noopener\">doit passer en conseil de discipline<\/a>\u00a0ce mercredi apr\u00e8s-midi. La SNTU-CFDT, un syndicat dont il est \u00e9galement d\u00e9l\u00e9gu\u00e9, a bloqu\u00e9 le d\u00e9p\u00f4t de bus de Bordeaux-Lac durant plusieurs heures ce matin pour le soutenir.<\/p>\n<p class=\"fig-paragraph\">Le syndicat national des transports urbains reproche \u00e0 Keolis, l\u2019exploitant du r\u00e9seau bordelais, des \u00abpratiques manag\u00e9riales abusives\u00bb, une explosion des proc\u00e9dures disciplinaires et des \u00abdiscriminations syndicales\u00bb. \u00abIl s\u2019agit d\u2019un management par la terreur, o\u00f9 le moindre \u00e9cart, une simple remarque client &#8211; fond\u00e9e ou non &#8211; entra\u00eene syst\u00e9matiquement une sanction disciplinaire\u00bb, indique le syndicat dans un communiqu\u00e9 adress\u00e9 \u00e0 la presse. Et d\u2019ajouter\u00a0: \u00abNous affirmons avec force que Monsieur Colombo n\u2019a commis aucune faute dans l\u2019exercice de ses fonctions.\u00bb<\/p>\n<p>                                    <a class=\"fig-a11y-skip a11y-hidden\" href=\"#fig-a11y-skip-main-inarticle\"><br \/>\n        Passer la publicit\u00e9<br \/>\n    <\/a><\/p>\n<p>Sentiment d\u2019injustice<\/p>\n<p class=\"fig-paragraph\">Keolis, qui s\u2019est d\u00e9fendu \u00e0 plusieurs reprises\u00a0<a href=\"http:\/\/www.lefigaro.fr\/bordeaux\/a-leurs-yeux-je-suis-l-agresseur-le-chauffeur-de-bus-bordelais-agresse-est-convoque-en-conseil-de-discipline-par-sa-direction-20250715\" data-fig-type=\"NewsFlash\" data-gtm-custom-categorie=\"navigation\" data-gtm-custom-action=\"crossclick\" data-gtm-custom-label=\"Contextuel\" data-gtm-event=\"customEventSPE\" data-fig-domain=\"LEFIGARO\" target=\"_blank\" rel=\"noopener\">dans nos colonnes<\/a>\u00a0de ces accusations, assure \u00eatre impartial. La direction, malgr\u00e9 les reproches qui sont faits, d\u00e9clare ainsi que la convocation en conseil de discipline de Jean-Christophe Colombo n\u2019est autre que la proc\u00e9dure. Tout en d\u00e9plorant son agression, son employeur estime aussi qu\u2019en intervenant le chauffeur de bus s\u2019est mis en danger ; alors qu\u2019il aurait d\u00fb rester \u00e0 son poste et appeler les \u00e9quipes de s\u00e9curit\u00e9.<\/p>\n<p class=\"fig-paragraph\">Un discours inaudible pour le chauffeur qui vit tr\u00e8s p\u00e9niblement les suites de son agression au sein de l\u2019entreprise. \u00abC\u2019est lunaire, je me suis fait agresser mais \u00e0 leurs yeux je suis l\u2019agresseur. Je n\u2019ai pas violent\u00e9 le passager, je l\u2019ai attrap\u00e9 par le blouson et je l\u2019ai pouss\u00e9 dehors. Je ne dis pas que je suis irr\u00e9prochable, mais apr\u00e8s 28 ans de service, un avertissement suffirait\u00bb, nous a ainsi confi\u00e9 le quinquag\u00e9naire mi-juillet. Son syndicat pr\u00e9voit une nouvelle action de soutien devant le si\u00e8ge de Keolis, \u00e0 Bordeaux, durant le conseil de discipline cet apr\u00e8s-midi. Une fois le conseil pass\u00e9, Jean-Christophe Colombo devra encore attendre 48 heures \u00e0 un mois pour savoir s\u2019il est sanctionn\u00e9.<\/p>\n","protected":false},"excerpt":{"rendered":"La SNTU-CFDT a bloqu\u00e9 le d\u00e9p\u00f4t de bus de Bordeaux-Lac durant plusieurs heures ce mercredi en soutien \u00e0&hellip;\n","protected":false},"author":2,"featured_media":267682,"comment_status":"","ping_status":"","sticky":false,"template":"","format":"standard","meta":{"footnotes":""},"categories":[2817],"tags":[1111,11,1997,7048,1777,674,1011,27,2825,414,12,2219,25],"class_list":{"0":"post-267681","1":"post","2":"type-post","3":"status-publish","4":"format-standard","5":"has-post-thumbnail","7":"category-bordeaux","8":"tag-actu","9":"tag-actualites","10":"tag-bordeaux","11":"tag-bus","12":"tag-eu","13":"tag-europe","14":"tag-fr","15":"tag-france","16":"tag-insecurite","17":"tag-licenciement","18":"tag-news","19":"tag-nouvelle-aquitaine","20":"tag-republique-francaise"},"share_on_mastodon":{"url":"https:\/\/pubeurope.com\/@fr\/114901871825663710","error":""},"_links":{"self":[{"href":"https:\/\/www.europesays.com\/fr\/wp-json\/wp\/v2\/posts\/267681","targetHints":{"allow":["GET"]}}],"collection":[{"href":"https:\/\/www.europesays.com\/fr\/wp-json\/wp\/v2\/posts"}],"about":[{"href":"https:\/\/www.europesays.com\/fr\/wp-json\/wp\/v2\/types\/post"}],"author":[{"embeddable":true,"href":"https:\/\/www.europesays.com\/fr\/wp-json\/wp\/v2\/users\/2"}],"replies":[{"embeddable":true,"href":"https:\/\/www.europesays.com\/fr\/wp-json\/wp\/v2\/comments?post=267681"}],"version-history":[{"count":0,"href":"https:\/\/www.europesays.com\/fr\/wp-json\/wp\/v2\/posts\/267681\/revisions"}],"wp:featuredmedia":[{"embeddable":true,"href":"https:\/\/www.europesays.com\/fr\/wp-json\/wp\/v2\/media\/267682"}],"wp:attachment":[{"href":"https:\/\/www.europesays.com\/fr\/wp-json\/wp\/v2\/media?parent=267681"}],"wp:term":[{"taxonomy":"category","embeddable":true,"href":"https:\/\/www.europesays.com\/fr\/wp-json\/wp\/v2\/categories?post=267681"},{"taxonomy":"post_tag","embeddable":true,"href":"https:\/\/www.europesays.com\/fr\/wp-json\/wp\/v2\/tags?post=267681"}],"curies":[{"name":"wp","href":"https:\/\/api.w.org\/{rel}","templated":true}]}}