{"id":267689,"date":"2025-07-23T09:39:19","date_gmt":"2025-07-23T09:39:19","guid":{"rendered":"https:\/\/www.europesays.com\/fr\/267689\/"},"modified":"2025-07-23T09:39:19","modified_gmt":"2025-07-23T09:39:19","slug":"laffiche-officielle-en-vente-pour-la-bonne-cause","status":"publish","type":"post","link":"https:\/\/www.europesays.com\/fr\/267689\/","title":{"rendered":"l\u2019affiche officielle en vente pour la bonne cause"},"content":{"rendered":"<p>            Par<br \/>\n        <strong><br \/>\n            <a href=\"https:\/\/actu.fr\/auteur\/margot-nicodeme\" title=\"Consulter tous les articles de Margot Nicod\u00e8me\" target=\"_blank\" rel=\"noopener\">Margot Nicod\u00e8me<\/a><br \/>\n        <\/strong><\/p>\n<p>        Publi\u00e9 le<\/p>\n<p>            23 juil. 2025 \u00e0 11h06        <\/p>\n<p>Les affiches officielles d\u2019\u00e9v\u00e9nements marquants sont devenues des \u00e9l\u00e9ments de d\u00e9coration \u00e0 part enti\u00e8re, et certains s\u2019amusent m\u00eame \u00e0 alimenter une v\u00e9ritable collection, \u00e9dition apr\u00e8s \u00e9dition. <b>La <a href=\"https:\/\/actu.fr\/tag\/braderie-de-lille\" target=\"_blank\" rel=\"noopener\">Braderie de Lille<\/a>, avec toute sa dimension populaire, festive<\/b>, est le rendez-vous dont on a envie de garder une trace. Cette ann\u00e9e 2025, il est possible d\u2019acqu\u00e9rir avant l\u2019heure l\u2019affiche aussi funky que r\u00e9tro, mettant en sc\u00e8ne l\u2019artiste <a href=\"https:\/\/actu.fr\/hauts-de-france\/lille_59350\/une-braderie-funky-a-lille-qui-est-dabeull-qui-sinvite-sur-laffiche-de-ledition-2025_62908753.html\" target=\"_blank\" rel=\"noopener\">Dabeull<\/a>. Et c\u2019est pour la bonne cause.<\/p>\n<p>L\u2019affiche de la Braderie de Lille 2025 avec Dabeull vendue \u00e0 l\u2019Office de tourisme<\/p>\n<p class=\" wall-content\">D\u00e8s ce mercredi 23\u00a0juillet, l\u2019image est vendue dans un format 40\u00d760 \u00e0 <b>l\u2019Office de tourisme de Lille<\/b>, place Rihour, et (bient\u00f4t) <a href=\"https:\/\/www.lilletourism.com\/boutique-en-ligne\/\" target=\"_blank\" rel=\"noopener\">sur son site<\/a>.<\/p>\n<p class=\" wall-content\">Au prix symbolique de 5\u00a0\u20ac, \u00ab\u2009le produit de cette vente \u00e0 but caritatif sera utilis\u00e9 par la Ville pour le compte du Centre communal d\u2019action sociale (CCAS)\u2009\u00bb, pr\u00e9cise la municipalit\u00e9. Pour rappel, le CCAS apporte une aide sociale pr\u00e9cieuse aux habitants qui \u00ab\u2009rencontrent des difficult\u00e9s momentan\u00e9es ou durables, ainsi qu\u2019\u00e0 leurs proches\u2009\u00bb.<\/p>\n<p class=\" wall-content\">Avec le slogan qui pr\u00eate \u00e0 sourire \u00ab\u2009Des moules, des frites, des fripes qui moulent\u2009\u00bb et la d\u00e9gaine tr\u00e8s pointue de Dabeull, l\u2019affiche est incontestablement une \u00ab\u2009pi\u00e8ce forte\u2009\u00bb. L\u2019\u00e9quipe municipale avait expliqu\u00e9 le choix de cet artiste fran\u00e7ais, \u00e9tabli comme \u00e9tant un \u00ab\u2009ma\u00eetre du groove\u2009\u00bb\u2009: \u00ab\u2009Figure du funk contemporain, l\u2019artiste joue avec les codes visuels et sonores des ann\u00e9es 70-80 avec une touche d\u2019humour et un sens aigu du style.\u2009\u00bb<\/p>\n<p class=\" wall-content\">Suivez toute l\u2019actualit\u00e9 de vos villes et m\u00e9dias favoris en vous inscrivant \u00e0 <a href=\"https:\/\/moncompte.actu.fr\" title=\"D\u00e9couvez Mon Actu\" rel=\"nofollow noopener\" data-trk=\"{&quot;cta&quot;:{&quot;action&quot;:&quot;https:\\\/\\\/moncompte.actu.fr&quot;,&quot;category&quot;:&quot;mon compte&quot;,&quot;from&quot;:&quot;article footer&quot;,&quot;name&quot;:&quot;Mon actu&quot;,&quot;type&quot;:&quot;cta&quot;}}\" target=\"_blank\">Mon Actu<\/a>.<\/p>\n","protected":false},"excerpt":{"rendered":"Par Margot Nicod\u00e8me Publi\u00e9 le 23 juil. 2025 \u00e0 11h06 Les affiches officielles d\u2019\u00e9v\u00e9nements marquants sont devenues des&hellip;\n","protected":false},"author":2,"featured_media":267690,"comment_status":"","ping_status":"","sticky":false,"template":"","format":"standard","meta":{"footnotes":""},"categories":[2815],"tags":[1111,11,18703,1777,674,1011,27,811,1307,12,25,104],"class_list":{"0":"post-267689","1":"post","2":"type-post","3":"status-publish","4":"format-standard","5":"has-post-thumbnail","7":"category-lille","8":"tag-actu","9":"tag-actualites","10":"tag-braderie-de-lille","11":"tag-eu","12":"tag-europe","13":"tag-fr","14":"tag-france","15":"tag-hauts-de-france","16":"tag-lille","17":"tag-news","18":"tag-republique-francaise","19":"tag-societe"},"share_on_mastodon":{"url":"https:\/\/pubeurope.com\/@fr\/114901887524441055","error":""},"_links":{"self":[{"href":"https:\/\/www.europesays.com\/fr\/wp-json\/wp\/v2\/posts\/267689","targetHints":{"allow":["GET"]}}],"collection":[{"href":"https:\/\/www.europesays.com\/fr\/wp-json\/wp\/v2\/posts"}],"about":[{"href":"https:\/\/www.europesays.com\/fr\/wp-json\/wp\/v2\/types\/post"}],"author":[{"embeddable":true,"href":"https:\/\/www.europesays.com\/fr\/wp-json\/wp\/v2\/users\/2"}],"replies":[{"embeddable":true,"href":"https:\/\/www.europesays.com\/fr\/wp-json\/wp\/v2\/comments?post=267689"}],"version-history":[{"count":0,"href":"https:\/\/www.europesays.com\/fr\/wp-json\/wp\/v2\/posts\/267689\/revisions"}],"wp:featuredmedia":[{"embeddable":true,"href":"https:\/\/www.europesays.com\/fr\/wp-json\/wp\/v2\/media\/267690"}],"wp:attachment":[{"href":"https:\/\/www.europesays.com\/fr\/wp-json\/wp\/v2\/media?parent=267689"}],"wp:term":[{"taxonomy":"category","embeddable":true,"href":"https:\/\/www.europesays.com\/fr\/wp-json\/wp\/v2\/categories?post=267689"},{"taxonomy":"post_tag","embeddable":true,"href":"https:\/\/www.europesays.com\/fr\/wp-json\/wp\/v2\/tags?post=267689"}],"curies":[{"name":"wp","href":"https:\/\/api.w.org\/{rel}","templated":true}]}}