{"id":267701,"date":"2025-07-23T09:45:19","date_gmt":"2025-07-23T09:45:19","guid":{"rendered":"https:\/\/www.europesays.com\/fr\/267701\/"},"modified":"2025-07-23T09:45:19","modified_gmt":"2025-07-23T09:45:19","slug":"le-modele-europeen-confirme-les-tres-fortes-pluies-a-paris-et-en-ile-de-france-a-quoi-faut-il-sattendre","status":"publish","type":"post","link":"https:\/\/www.europesays.com\/fr\/267701\/","title":{"rendered":"le mod\u00e8le europ\u00e9en confirme les tr\u00e8s fortes pluies \u00e0 Paris et en \u00cele-de-France ! \u00c0 quoi faut-il s&rsquo;attendre ?"},"content":{"rendered":"<p> <img decoding=\"async\" fetchpriority=\"high\" src=\"https:\/\/www.europesays.com\/fr\/wp-content\/uploads\/2025\/07\/dailymotion-x9nfbc6_1024.jpg\"  width=\"768\" height=\"432\" id=\"x9nfbc6\"\/>  <\/p>\n<p>C\u2019est une m\u00e9t\u00e9o extr\u00eamement chaotique qui est attendue \u00e0 Paris et en \u00cele-de-France au cours des prochaines heures, avec des pluies orageuses parfois tr\u00e8s soutenues. \u00c0 quoi faut-il concr\u00e8tement s\u2019attendre ? Retrouvez nos pr\u00e9visions m\u00e9t\u00e9o compl\u00e8tes dans cet article.<\/p>\n<p>    <img decoding=\"async\" fetchpriority=\"high\" src=\"https:\/\/www.europesays.com\/fr\/wp-content\/uploads\/2025\/04\/marc-hay.jpg\" alt=\"Marc Hay\" width=\"40\" height=\"40\"\/>    <a class=\"nombre text-hv\" href=\"https:\/\/www.tameteo.com\/auteur\/marc-hay\/\" title=\"Marc Hay\" target=\"_blank\" rel=\"noopener\">Marc Hay<\/a>         23\/07\/2025 11:00   3 min   <\/p>\n<p><strong>Un temps tr\u00e8s instable<\/strong> est attendu au cours des prochaines heures \u00e0 Paris et au-dessus de l\u2019\u00cele-de-France, <strong>avec de fortes averses orageuses. <\/strong>Selon les derni\u00e8res pr\u00e9visions, les cumuls de pluie pourraient \u00eatre tr\u00e8s importants dans les 36 prochaines heures, <strong>avec l\u2019\u00e9quivalent d\u2019un mois de pr\u00e9cipitations attendu sur la r\u00e9gion parisienne.<\/strong><\/p>\n<p>La responsable de cette forte instabilit\u00e9 est<strong> une nouvelle goutte froide<\/strong> qui va circuler en plein sur le pays au cours des prochaines heures. C\u2019est elle qui va engendrer ces nombreuses averses orageuses, <strong>faisant grimper rapidement les cumuls de pluie.<\/strong><\/p>\n<p>\u00c0 quoi faut-il s\u2019attendre \u00e0 Paris et en \u00cele-de-France ? Quelles seront les heures les plus arros\u00e9es ? <strong>Quelles quantit\u00e9s de pluie sont attendues ?<\/strong> Et quand peut-on esp\u00e9rer une am\u00e9lioration ? Pour toutes les r\u00e9ponses, retrouvez nos derni\u00e8res pr\u00e9visions dans cet article.<\/p>\n<p>De fortes pluies attendues <\/p>\n<p>Les averses orageuses vont donc se multiplier au cours des prochaines heures au-dessus de l\u2019<a href=\"https:\/\/www.tameteo.com\/meteo-Europe-France-Ile+de+France-1-1-135-29.html\" data-mrf-recirculation=\"cuerpo_intext\" target=\"_blank\" rel=\"noopener\">\u00cele-de-France<\/a>.<strong> Elles pourront \u00eatre fortes et s\u2019accompagner de tr\u00e8s fortes pluies en peu de temps.<\/strong><\/p>\n<p><img loading=\"lazy\" decoding=\"async\" fetchpriority=\"low\" class=\"lazy \" src=\"https:\/\/www.europesays.com\/fr\/wp-content\/uploads\/2025\/07\/meteo-le-modele-europeen-confirme-les-tres-fortes-pluies-a-paris-et-en-ile-de-france-a-quoi-faut-il-.png\"  width=\"768\" height=\"432\" alt=\"D'importants cumuls de pluie attendus en \u00cele-de-France.\" title=\"D'importants cumuls de pluie attendus en \u00cele-de-France.\" data-image=\"0ra27j3scvgu\"\/>D&rsquo;importants cumuls de pluie attendus en \u00cele-de-France. <\/p>\n<p>La carte ci-dessus montre les cumuls de pluie attendus d\u2019ici le d\u00e9but de semaine prochaine. <strong>Mais l\u2019essentiel de ces cumuls est attendu entre aujourd\u2019hui et demain, <\/strong>\u00e0 mesure que la goutte froide va transiter sur la <a href=\"https:\/\/www.tameteo.com\/actualites\/previsions\/tameteo.com\" target=\"_blank\" rel=\"noopener\">France<\/a> et traverser le pays d\u2019ouest en est.<\/p>\n<p><a class=\"imagen \" href=\"https:\/\/www.tameteo.com\/actualites\/previsions\/meteo-plus-de-50-l-m-sous-les-orages-parfois-de-la-grele-une-grande-partie-de-la-france-en-vigilance-jaune-automne.html\" title=\"M\u00e9t\u00e9o : plus de 50 L\/m\u00b2 sous les orages forts, avec gr\u00eale et vent, une grande partie de la France en vigilance jaune !\" target=\"_blank\" rel=\"noopener\"><img loading=\"lazy\" decoding=\"async\" fetchpriority=\"low\" class=\"lazy img-body non-editable\" src=\"https:\/\/www.europesays.com\/fr\/wp-content\/uploads\/2025\/07\/meteo-plus-de-50-l-m-sous-les-orages-parfois-de-la-grele-une-grande-partie-de-la-france-en-vigilance.png\"  width=\"320\" height=\"225\" alt=\"M\u00e9t\u00e9o : plus de 50 L\/m\u00b2 sous les orages forts, avec gr\u00eale et vent, une grande partie de la France en vigilance jaune !\"\/><\/a><\/p>\n<p>Les cumuls s\u2019annoncent importants, <strong>avec des pr\u00e9cipitations pouvant localement approcher les 40 \u00e0 50 litres d\u2019eau par m\u00e8tre carr\u00e9. <\/strong>Si ces fortes pluies tombent en tr\u00e8s peu de temps, elles pourraient provoquer <strong>des ruissellements, voire des inondations, <\/strong>d\u2019o\u00f9 la vigilance jaune actuellement en vigueur pour la r\u00e9gion parisienne.<\/p>\n<p>Pas d&rsquo;am\u00e9lioration avant samedi <\/p>\n<p>Les prochaines heures s\u2019annoncent donc tr\u00e8s instables,<strong> et les averses orageuses vont se poursuivre tout au long de la journ\u00e9e, et se prolonger la nuit prochaine et demain.<\/strong><\/p>\n<p><img loading=\"lazy\" decoding=\"async\" fetchpriority=\"low\" class=\"lazy \" src=\"https:\/\/www.europesays.com\/fr\/wp-content\/uploads\/2025\/07\/1753263918_610_meteo-le-modele-europeen-confirme-les-tres-fortes-pluies-a-paris-et-en-ile-de-france-a-quoi-faut-il-.png\"  width=\"768\" height=\"432\" alt=\"Averses orageuses parfois fortes ce jeudi matin en \u00cele-de-France.\" title=\"Averses orageuses parfois fortes ce jeudi matin en \u00cele-de-France.\" data-image=\"szaz962lvvmb\"\/>Averses orageuses parfois fortes ce jeudi matin en \u00cele-de-France. <\/p>\n<p>Ces averses orageuses concerneront donc \u00e0 nouveau l\u2019\u00cele-de-France jeudi, <strong>et le temps devrait \u00e9galement rester perturb\u00e9 vendredi, <\/strong>avec toujours des averses.<\/p>\n<p><a class=\"imagen \" href=\"https:\/\/www.tameteo.com\/actualites\/science\/vortex-polaire-un-phenomene-secret-pourrait-bientot-plonger-l-europe-dans-un-mega-hiver-glacial-climat.html\" title=\"Vortex polaire : un ph\u00e9nom\u00e8ne secret pourrait bient\u00f4t plonger l\u2019Europe dans un m\u00e9ga-hiver glacial !\" target=\"_blank\" rel=\"noopener\"><img loading=\"lazy\" decoding=\"async\" fetchpriority=\"low\" class=\"lazy img-body non-editable\" src=\"https:\/\/www.europesays.com\/fr\/wp-content\/uploads\/2025\/07\/polarwirbel-kollaps-wie-ein-geheimes-wetterphanomen-europa-bald-in-einen-eiskalten-mega-winter-sturz.jpeg\"  width=\"320\" height=\"225\" alt=\"Vortex polaire : un ph\u00e9nom\u00e8ne secret pourrait bient\u00f4t plonger l\u2019Europe dans un m\u00e9ga-hiver glacial !\"\/><\/a><\/p>\n<p><strong>Il faudra attendre la journ\u00e9e de samedi pour retrouver un temps plus sec, <\/strong>avec de belles \u00e9claircies et surtout des temp\u00e9ratures \u00e0 nouveau plus douces.<\/p>\n<p>Les temp\u00e9ratures s\u2019annoncent un peu plus douces ce week-end, mais il ne faut pas non plus s\u2019attendre \u00e0 de grosses chaleurs en \u00cele-de-France. <strong>\u00c0 Paris, les temp\u00e9ratures ne devraient pas d\u00e9passer les 25 degr\u00e9s.<\/strong><\/p>\n","protected":false},"excerpt":{"rendered":"C\u2019est une m\u00e9t\u00e9o extr\u00eamement chaotique qui est attendue \u00e0 Paris et en \u00cele-de-France au cours des prochaines heures,&hellip;\n","protected":false},"author":2,"featured_media":267702,"comment_status":"","ping_status":"","sticky":false,"template":"","format":"standard","meta":{"footnotes":""},"categories":[1592],"tags":[1111,11,1777,674,28341,1011,27,40716,662,2839,2487,12,626,25],"class_list":{"0":"post-267701","1":"post","2":"type-post","3":"status-publish","4":"format-standard","5":"has-post-thumbnail","7":"category-ile-de-france","8":"tag-actu","9":"tag-actualites","10":"tag-eu","11":"tag-europe","12":"tag-fortes-pluies","13":"tag-fr","14":"tag-france","15":"tag-goutte-froide","16":"tag-ile-de-france","17":"tag-inondations","18":"tag-meteo","19":"tag-news","20":"tag-paris","21":"tag-republique-francaise"},"share_on_mastodon":{"url":"https:\/\/pubeurope.com\/@fr\/114901911219641746","error":""},"_links":{"self":[{"href":"https:\/\/www.europesays.com\/fr\/wp-json\/wp\/v2\/posts\/267701","targetHints":{"allow":["GET"]}}],"collection":[{"href":"https:\/\/www.europesays.com\/fr\/wp-json\/wp\/v2\/posts"}],"about":[{"href":"https:\/\/www.europesays.com\/fr\/wp-json\/wp\/v2\/types\/post"}],"author":[{"embeddable":true,"href":"https:\/\/www.europesays.com\/fr\/wp-json\/wp\/v2\/users\/2"}],"replies":[{"embeddable":true,"href":"https:\/\/www.europesays.com\/fr\/wp-json\/wp\/v2\/comments?post=267701"}],"version-history":[{"count":0,"href":"https:\/\/www.europesays.com\/fr\/wp-json\/wp\/v2\/posts\/267701\/revisions"}],"wp:featuredmedia":[{"embeddable":true,"href":"https:\/\/www.europesays.com\/fr\/wp-json\/wp\/v2\/media\/267702"}],"wp:attachment":[{"href":"https:\/\/www.europesays.com\/fr\/wp-json\/wp\/v2\/media?parent=267701"}],"wp:term":[{"taxonomy":"category","embeddable":true,"href":"https:\/\/www.europesays.com\/fr\/wp-json\/wp\/v2\/categories?post=267701"},{"taxonomy":"post_tag","embeddable":true,"href":"https:\/\/www.europesays.com\/fr\/wp-json\/wp\/v2\/tags?post=267701"}],"curies":[{"name":"wp","href":"https:\/\/api.w.org\/{rel}","templated":true}]}}