{"id":267703,"date":"2025-07-23T09:46:08","date_gmt":"2025-07-23T09:46:08","guid":{"rendered":"https:\/\/www.europesays.com\/fr\/267703\/"},"modified":"2025-07-23T09:46:08","modified_gmt":"2025-07-23T09:46:08","slug":"cette-agence-immobiliere-en-ligne-de-paris-epinglee-pour-ses-pratiques-commerciales-trompeuses","status":"publish","type":"post","link":"https:\/\/www.europesays.com\/fr\/267703\/","title":{"rendered":"cette agence immobili\u00e8re en ligne de Paris \u00e9pingl\u00e9e pour ses \u00ab\u00a0pratiques commerciales trompeuses\u00a0\u00bb"},"content":{"rendered":"<p>            Par<br \/>\n        <strong><br \/>\n            <a href=\"https:\/\/actu.fr\/auteur\/dorinegoth\" title=\"Consulter tous les articles de Dorine Goth\" target=\"_blank\" rel=\"noopener\">Dorine Goth<\/a><br \/>\n        <\/strong><\/p>\n<p>        Publi\u00e9 le<\/p>\n<p>            23 juil. 2025 \u00e0 11h35<br \/>\n        ; mis \u00e0 jour le 23 juil. 2025 \u00e0 11h39    <\/p>\n<p>\u00c0 Paris, <a href=\"https:\/\/actu.fr\/ile-de-france\/paris_75056\/reprise-du-marche-immobilier-a-paris-quels-sont-les-quartiers-qui-resistent-a-la-hausse-des-prix_62779066.html\" target=\"_blank\" rel=\"noopener\">l\u2019immobilier est une jungle<\/a>. Et face au d\u00e9sespoir des locataires, certaines agences immobili\u00e8res n\u2019h\u00e9sitent pas \u00e0 jouer avec la l\u00e9galit\u00e9. C\u2019est le cas de l\u2019enseigne<strong> \u00ab\u2009Nous G\u00e9rons\u2009\u00bb,<\/strong> domicili\u00e9e dans le 11e arrondissement de Paris, et sp\u00e9cialiste de la visite \u00ab\u2009\u00e0 distance\u2009\u00bb des biens en location. Le 22\u00a0juillet 2025, elle a \u00e9t\u00e9 \u00e9pingl\u00e9e par la <a href=\"https:\/\/actu.fr\/societe\/fraude-a-la-consommation-les-signalements-se-comptent-par-milliers-dans-le-val-de-marne_59637697.html\" target=\"_blank\" rel=\"noopener\">Direction g\u00e9n\u00e9rale de la concurrence, de la consommation et de la r\u00e9pression des fraudes<\/a> (DGCCRF) pour<strong> \u00ab\u2009pratiques commerciales trompeuses\u2009\u00bb.<\/strong> Une sanction qui intervient apr\u00e8s six mois d\u2019enqu\u00eate, entre novembre 2024et mars\u00a02025.<\/p>\n<p>Surfaces major\u00e9es, frais illicites\u2026<\/p>\n<p class=\" wall-content\">Au cours de l\u2019investigation, les agents ont mis en \u00e9vidence de nombreux manquements. Le bar\u00e8me des honoraires de location sur le site et certaines <a href=\"https:\/\/actu.fr\/economie\/logement-ce-qui-va-changer-avec-le-nouveau-diagnostic-de-performance-energetique_39497412.html\" target=\"_blank\" rel=\"noopener\">informations obligatoires<\/a> sont inexistants sur les annonces. Plus grave, des pratiques commerciales trompeuses sur le site internet ont \u00e9t\u00e9 d\u00e9voil\u00e9es.<\/p>\n<p class=\" wall-content\">Il est reproch\u00e9 l\u2019absence de caract\u00e9ristiques essentielles des biens avec l\u2019application de compl\u00e9ments de loyers sans l\u2019exprimer comme tel et \u00ab\u2009des indications ou pr\u00e9sentations fausses ou de nature \u00e0 induire en erreur sur les droits de l\u2019agence immobili\u00e8re\u2009\u00bb. Elle est accus\u00e9e de proposer des annonces de location avec des loyers ne respectant pas <a href=\"https:\/\/actu.fr\/ile-de-france\/paris_75056\/le-prix-de-votre-logement-a-paris-respecte-t-il-la-loi-le-nouvel-arrete-d-encadrement-des-loyers-disponible_61183535.html\" target=\"_blank\" rel=\"noopener\">l\u2019encadrement des loyers<\/a>, avec des<strong> surfaces major\u00e9es<\/strong>\u00a0et des montants d\u2019<strong>honoraires sup\u00e9rieurs<\/strong> au montant l\u00e9galement autoris\u00e9. Des frais de signature \u00e9lectronique sont aussi illicitement factur\u00e9s.<\/p>\n<p>\u00ab\u2009Si vous voulez vous faire arnaquer, allez-y\u2009!\u2009\u00bb<\/p>\n<p class=\" wall-content\">Sur Google, les avis sont plus que critiques. Des locataires d\u00e9noncent des<strong> <a href=\"https:\/\/actu.fr\/economie\/avec-la-hausse-de-l-indice-de-reference-les-locataires-vont-ils-payer-leur-loyer-plus-cher-d-ici-fin-2024_61745059.html\" target=\"_blank\" rel=\"noopener\">augmentations de loyers<\/a> en cours d\u2019ann\u00e9e<\/strong>, sans justificatif ou encore des peines \u00e0 r\u00e9cup\u00e9rer leurs cautions. \u00ab\u2009En tant que locataire, la gestion est absolument catastrophique\u2009: tentatives d\u2019augmentations du loyer plusieurs fois dans l\u2019ann\u00e9e, aucune r\u00e9ponse aux mails, injoignable au t\u00e9l\u00e9phone, les interlocuteurs changent constamment, mauvaises informations transmises. Une \u00e9toile c\u2019est d\u00e9j\u00e0 beaucoup trop\u2009\u00bb, d\u00e9plore un internaute.<\/p>\n<p class=\" wall-content\">\u00ab\u2009Si vous voulez vous faire arnaquer perp\u00e9tuellement, allez-y, vous allez \u00eatre servi\u2009\u00bb, abonde un autre. La soci\u00e9t\u00e9 \u00e0<strong> deux mois<\/strong> pour se conformer \u00e0 la l\u00e9gislation.<\/p>\n<p class=\" wall-content\">Suivez toute l\u2019actualit\u00e9 de vos villes et m\u00e9dias favoris en vous inscrivant \u00e0 <a href=\"https:\/\/moncompte.actu.fr\" title=\"D\u00e9couvez Mon Actu\" rel=\"nofollow noopener\" data-trk=\"{&quot;cta&quot;:{&quot;action&quot;:&quot;https:\\\/\\\/moncompte.actu.fr&quot;,&quot;category&quot;:&quot;mon compte&quot;,&quot;from&quot;:&quot;article footer&quot;,&quot;name&quot;:&quot;Mon actu&quot;,&quot;type&quot;:&quot;cta&quot;}}\" target=\"_blank\">Mon Actu<\/a>.<\/p>\n","protected":false},"excerpt":{"rendered":"Par Dorine Goth Publi\u00e9 le 23 juil. 2025 \u00e0 11h35 ; mis \u00e0 jour le 23 juil. 2025&hellip;\n","protected":false},"author":2,"featured_media":267704,"comment_status":"","ping_status":"","sticky":false,"template":"","format":"standard","meta":{"footnotes":""},"categories":[1888],"tags":[1111,1928,11,1927,1777,674,3696,1011,27,1006,1116,12,1926,626,1925,25],"class_list":{"0":"post-267703","1":"post","2":"type-post","3":"status-publish","4":"format-standard","5":"has-post-thumbnail","7":"category-paris","8":"tag-actu","9":"tag-actu-paris","10":"tag-actualites","11":"tag-actualites-paris","12":"tag-eu","13":"tag-europe","14":"tag-evenements","15":"tag-fr","16":"tag-france","17":"tag-fraude","18":"tag-immobilier","19":"tag-news","20":"tag-news-paris","21":"tag-paris","22":"tag-paris-news","23":"tag-republique-francaise"},"share_on_mastodon":{"url":"https:\/\/pubeurope.com\/@fr\/114901915025759927","error":""},"_links":{"self":[{"href":"https:\/\/www.europesays.com\/fr\/wp-json\/wp\/v2\/posts\/267703","targetHints":{"allow":["GET"]}}],"collection":[{"href":"https:\/\/www.europesays.com\/fr\/wp-json\/wp\/v2\/posts"}],"about":[{"href":"https:\/\/www.europesays.com\/fr\/wp-json\/wp\/v2\/types\/post"}],"author":[{"embeddable":true,"href":"https:\/\/www.europesays.com\/fr\/wp-json\/wp\/v2\/users\/2"}],"replies":[{"embeddable":true,"href":"https:\/\/www.europesays.com\/fr\/wp-json\/wp\/v2\/comments?post=267703"}],"version-history":[{"count":0,"href":"https:\/\/www.europesays.com\/fr\/wp-json\/wp\/v2\/posts\/267703\/revisions"}],"wp:featuredmedia":[{"embeddable":true,"href":"https:\/\/www.europesays.com\/fr\/wp-json\/wp\/v2\/media\/267704"}],"wp:attachment":[{"href":"https:\/\/www.europesays.com\/fr\/wp-json\/wp\/v2\/media?parent=267703"}],"wp:term":[{"taxonomy":"category","embeddable":true,"href":"https:\/\/www.europesays.com\/fr\/wp-json\/wp\/v2\/categories?post=267703"},{"taxonomy":"post_tag","embeddable":true,"href":"https:\/\/www.europesays.com\/fr\/wp-json\/wp\/v2\/tags?post=267703"}],"curies":[{"name":"wp","href":"https:\/\/api.w.org\/{rel}","templated":true}]}}