{"id":267715,"date":"2025-07-23T09:52:13","date_gmt":"2025-07-23T09:52:13","guid":{"rendered":"https:\/\/www.europesays.com\/fr\/267715\/"},"modified":"2025-07-23T09:52:13","modified_gmt":"2025-07-23T09:52:13","slug":"donald-trump-laffaire-epstein-et-la-machine-infernale-du-complotisme","status":"publish","type":"post","link":"https:\/\/www.europesays.com\/fr\/267715\/","title":{"rendered":"Donald Trump, l\u2019affaire Epstein et la machine infernale du complotisme"},"content":{"rendered":"\n<p class=\"article__paragraph  \">Une premi\u00e8re le\u00e7on peut \u00eatre tir\u00e9e des soubresauts de l\u2019affaire Jeffrey Epstein dans laquelle l\u2019administration de Donald Trump est emp\u00eatr\u00e9e depuis le 7\u00a0juillet et la publication par le d\u00e9partement de la justice d\u2019une courte note invalidant les th\u00e8ses les plus radicales d\u00e9fendues par une partie de sa base. Apr\u00e8s plus de huit ans d\u2019institutionnalisation des \u00ab\u00a0faits alternatifs\u00a0\u00bb en lieu et place des faits et d\u2019instrumentalisation opini\u00e2tre des th\u00e9ories du complot \u2013\u00a0en particulier pendant la pand\u00e9mie de Covid-19\u00a0ou lors de sa d\u00e9faite \u00e9lectorale de 2020 \u2013, le pr\u00e9sident des Etats-Unis peut mesurer les effets d\u00e9vastateurs de ses exp\u00e9rimentations cyniques et hasardeuses.<\/p>\n<p>                                Lire aussi |  Article r\u00e9serv\u00e9 \u00e0 nos abonn\u00e9s  <a href=\"https:\/\/www.lemonde.fr\/international\/article\/2025\/07\/22\/entre-donald-trump-et-rupert-murdoch-l-affaire-epstein-provoque-un-clash-a-10-milliards-de-dollars_6622886_3210.html\" class=\"js-article-read-also catcher--favoris__link\" data-premium=\"1\" id=\"article-title-3432313\" rel=\"nofollow noopener\" target=\"_blank\">Entre Donald Trump et Rupert Murdoch, l\u2019affaire Epstein, les r\u00e9v\u00e9lations du \u00ab\u00a0Wall Street Journal\u00a0\u00bb et une plainte \u00e0 10\u00a0milliards de dollars<\/a>    <\/p>\n<p>   Lire plus tard  <\/p>\n<p class=\"article__paragraph  \">Apr\u00e8s avoir d\u00e9nonc\u00e9 pendant des mois, avec le renfort de cadres d\u00e9sormais en place au plus haut niveau de l\u2019Etat f\u00e9d\u00e9ral, l\u2019opacit\u00e9 qu\u2019entretiendrait un \u00ab\u00a0Etat profond\u00a0\u00bb pour garantir l\u2019impunit\u00e9 suppos\u00e9e de puissants, <a href=\"https:\/\/www.lemonde.fr\/international\/article\/2025\/07\/13\/etats-unis-les-maga-remontes-contre-la-ministre-de-la-justice-sur-le-traitement-du-cas-jeffrey-epstein_6621033_3210.html\" rel=\"nofollow noopener\" target=\"_blank\">la base trumpiste s\u2019exasp\u00e8re<\/a> de l\u2019incapacit\u00e9 de ses dirigeants \u00e0 pr\u00e9senter des \u00e9l\u00e9ments nouveaux concernant Jeffrey Epstein. Retrouv\u00e9 mort en\u00a02019 dans une cellule de la prison de New York, le financier devait alors r\u00e9pondre d\u2019accusations de p\u00e9docriminalit\u00e9 apr\u00e8s de premi\u00e8res poursuites en\u00a02006.<\/p>\n<p class=\"article__paragraph  \"><a href=\"https:\/\/www.lemonde.fr\/international\/article\/2025\/07\/19\/donald-trump-contre-attaque-pour-tenter-d-eteindre-l-incendie-epstein_6622103_3210.html\" rel=\"nofollow noopener\" target=\"_blank\">Le pr\u00e9sident des Etats-Unis a beau tonner<\/a> contre les rebelles qui ont contribu\u00e9 \u00e0 son retour au pouvoir et m\u00eame les insulter, il \u00e9choue \u00e0 les faire rentrer dans le rang. A sa grande surprise, le complotisme r\u00e9siste aux admonestations et se retourne avec la m\u00eame irrationalit\u00e9 contre ceux qui l\u2019ont flatt\u00e9 en toute impunit\u00e9.<\/p>\n<p>                        <img loading=\"lazy\" decoding=\"async\" src=\"https:\/\/www.europesays.com\/fr\/wp-content\/uploads\/2025\/07\/cae4fed_ftp-import-images-1-4ckqc8uq6c2k-4744a8d199ea4246a04d0319723eabce-0-cc5d167226f640dca1c226ec.jpeg\" alt=\"Donald Trump, \u00e0 la Maison Blanche, le 22\u00a0juillet 2025.\"   width=\"664\" height=\"443\"\/>    Donald Trump, \u00e0 la Maison Blanche, le 22\u00a0juillet 2025.  JULIA DEMAREE NIKHINSON \/ AP                   <\/p>\n<p class=\"article__paragraph  \">La frustration du locataire de la Maison Blanche explique sans doute pourquoi il s\u2019irrite d\u00e9sormais du rappel de faits \u00e9tablis de longue date. Comme de tr\u00e8s nombreuses figures en vue aux Etats-Unis au mitan des ann\u00e9es 1990, il fut en effet proche de Jeffrey Epstein, m\u00eame s\u2019il s\u2019en \u00e9loigna avant que ce dernier ne soit rattrap\u00e9 par la justice. Le Wall Street Journal, qui avait rappel\u00e9 leurs liens pass\u00e9s le 17\u00a0juillet, fait d\u00e9sormais l\u2019objet de poursuites pour diffamation et <a href=\"https:\/\/www.lemonde.fr\/international\/article\/2025\/07\/22\/le-wall-street-journal-se-voit-retirer-son-accreditation-pour-le-voyage-de-donald-trump-en-ecosse-apres-un-article-sur-la-relation-entre-le-president-americain-et-jeffrey-epstein_6622879_3210.html\" rel=\"nofollow noopener\" target=\"_blank\">a \u00e9t\u00e9 emp\u00each\u00e9 de suivre le d\u00e9placement du pr\u00e9sident des Etats-Unis en Ecosse<\/a>. Le sort r\u00e9serv\u00e9 au quotidien conservateur des affaires confirme, apr\u00e8s bien d\u2019autres, que Donald Trump ne tol\u00e8re qu\u2019une seule presse, celle de la connivence, la presse d\u2019information \u00e9tant d\u00e9sign\u00e9e uniform\u00e9ment comme un ennemi.<\/p>\n<p class=\"article__paragraph  \">Depuis son retour derri\u00e8re le bureau Ovale, Donald Trump adopte en effet la m\u00eame tactique vis-\u00e0-vis des m\u00e9dias que pour les autres contre-pouvoirs et tout ce qu\u2019il per\u00e7oit comme tel\u00a0: la menace et l\u2019intimidation. Il vient ainsi de faire plier la cha\u00eene d\u2019information CBS, vis\u00e9e par des accusations jug\u00e9es particuli\u00e8rement l\u00e9g\u00e8res \u00e0 propos de la pr\u00e9sentation d\u2019un entretien de son adversaire d\u00e9mocrate dans la campagne pr\u00e9sidentielle, Kamala Harris. Il a \u00e9galement pes\u00e9 sur le Congr\u00e8s pour faire aboutir une vieille revendication r\u00e9publicaine\u00a0: la suppression du financement de l\u2019audiovisuel public, quelles qu\u2019en soient les cons\u00e9quences pour les zones rurales isol\u00e9es devenues des d\u00e9serts de l\u2019information que comptent les Etats-Unis.<\/p>\n<p class=\"article__paragraph  \">\u00ab\u00a0Vous \u00eates les m\u00e9dias\u00a0maintenant\u00a0\u00bb, avait assur\u00e9, en parlant des r\u00e9seaux sociaux, Elon Musk, au soir de la r\u00e9\u00e9lection de Donald Trump, pour laquelle il avait mis \u00e0 son service l\u2019algorithme de la plateforme X. L\u2019affaire Epstein montre ce que peut donner la marginalisation des canaux d\u2019information traditionnels\u00a0: le brouillage et le brouillard aux d\u00e9pens du d\u00e9bat public et de la salubrit\u00e9 d\u00e9mocratique.<\/p>\n<p>                                Lire aussi |  Article r\u00e9serv\u00e9 \u00e0 nos abonn\u00e9s  <a href=\"https:\/\/www.lemonde.fr\/idees\/article\/2025\/07\/20\/l-affaire-epstein-est-une-nouvelle-version-du-complot-type-contre-l-amerique-authentique_6622324_3232.html\" class=\"js-article-read-also catcher--favoris__link\" data-premium=\"1\" id=\"article-title-3431973\" rel=\"nofollow noopener\" target=\"_blank\">\u00ab\u00a0L\u2019affaire Epstein est une nouvelle version du complot type contre l\u2019Am\u00e9rique authentique\u00a0\u00bb<\/a>    <\/p>\n<p>   Lire plus tard  <\/p>\n<p class=\"author__detail\"> Le Monde <\/p>\n<p>                      <a href=\"https:\/\/www.lemonde.fr\/syndication\/\" class=\"reuse__content\" title=\"R\u00e9utiliser ce contenu\" target=\"_blank\" rel=\"nofollow noopener\">R\u00e9utiliser ce contenu<\/a>      <\/p>\n","protected":false},"excerpt":{"rendered":"Une premi\u00e8re le\u00e7on peut \u00eatre tir\u00e9e des soubresauts de l\u2019affaire Jeffrey Epstein dans laquelle l\u2019administration de Donald Trump&hellip;\n","protected":false},"author":2,"featured_media":267716,"comment_status":"","ping_status":"","sticky":false,"template":"","format":"standard","meta":{"footnotes":""},"categories":[1589],"tags":[11,73,1866,12,1864,1865,1863,308],"class_list":{"0":"post-267715","1":"post","2":"type-post","3":"status-publish","4":"format-standard","5":"has-post-thumbnail","7":"category-etats-unis","8":"tag-actualites","9":"tag-etats-unis","10":"tag-etats-unis-damerique","11":"tag-news","12":"tag-united-states","13":"tag-united-states-of-america","14":"tag-us","15":"tag-usa"},"share_on_mastodon":{"url":"https:\/\/pubeurope.com\/@fr\/114901938596309081","error":""},"_links":{"self":[{"href":"https:\/\/www.europesays.com\/fr\/wp-json\/wp\/v2\/posts\/267715","targetHints":{"allow":["GET"]}}],"collection":[{"href":"https:\/\/www.europesays.com\/fr\/wp-json\/wp\/v2\/posts"}],"about":[{"href":"https:\/\/www.europesays.com\/fr\/wp-json\/wp\/v2\/types\/post"}],"author":[{"embeddable":true,"href":"https:\/\/www.europesays.com\/fr\/wp-json\/wp\/v2\/users\/2"}],"replies":[{"embeddable":true,"href":"https:\/\/www.europesays.com\/fr\/wp-json\/wp\/v2\/comments?post=267715"}],"version-history":[{"count":0,"href":"https:\/\/www.europesays.com\/fr\/wp-json\/wp\/v2\/posts\/267715\/revisions"}],"wp:featuredmedia":[{"embeddable":true,"href":"https:\/\/www.europesays.com\/fr\/wp-json\/wp\/v2\/media\/267716"}],"wp:attachment":[{"href":"https:\/\/www.europesays.com\/fr\/wp-json\/wp\/v2\/media?parent=267715"}],"wp:term":[{"taxonomy":"category","embeddable":true,"href":"https:\/\/www.europesays.com\/fr\/wp-json\/wp\/v2\/categories?post=267715"},{"taxonomy":"post_tag","embeddable":true,"href":"https:\/\/www.europesays.com\/fr\/wp-json\/wp\/v2\/tags?post=267715"}],"curies":[{"name":"wp","href":"https:\/\/api.w.org\/{rel}","templated":true}]}}