{"id":267717,"date":"2025-07-23T09:53:10","date_gmt":"2025-07-23T09:53:10","guid":{"rendered":"https:\/\/www.europesays.com\/fr\/267717\/"},"modified":"2025-07-23T09:53:10","modified_gmt":"2025-07-23T09:53:10","slug":"bae-systems-protocole-turquie-royaume-uni-sur-les-typhoon","status":"publish","type":"post","link":"https:\/\/www.europesays.com\/fr\/267717\/","title":{"rendered":"BAE Systems : protocole Turquie-Royaume-Uni sur les Typhoon"},"content":{"rendered":"<p>                    BAE Systems annonce que le Royaume-Uni et la Turquie ont sign\u00e9 un protocole d&rsquo;accord en vue d&rsquo;un potentiel achat d&rsquo;avions de combat Eurofighter Typhoon. <\/p>\n<p>L&rsquo;accord a \u00e9t\u00e9 paraph\u00e9 par les ministres de la D\u00e9fense des deux pays lors du salon international de l&rsquo;industrie de d\u00e9fense \u00e0 Istanbul. <\/p>\n<p>Le groupe, fortement impliqu\u00e9 dans le programme Typhoon, souligne le r\u00f4le strat\u00e9gique de l&rsquo;appareil au sein de l&rsquo;OTAN. <\/p>\n<p>BAE Systems qui m\u00e8ne une grande partie de la production au Royaume-Uni, indique que le programme g\u00e9n\u00e8re 1,6 milliard \u00a3 de valeur \u00e9conomique annuelle et soutient environ 21 000 emplois, dont de nombreux ing\u00e9nieurs hautement qualifi\u00e9s. BAE Systems indique qu&rsquo;il collaborera \u00e9troitement avec les deux gouvernements pour finaliser un accord de vente.<\/p>\n","protected":false},"excerpt":{"rendered":"BAE Systems annonce que le Royaume-Uni et la Turquie ont sign\u00e9 un protocole d&rsquo;accord en vue d&rsquo;un potentiel&hellip;\n","protected":false},"author":2,"featured_media":2490,"comment_status":"","ping_status":"","sticky":false,"template":"","format":"standard","meta":{"footnotes":""},"categories":[1588],"tags":[11,340,1777,674,12,473,1853,1851,1850,1852],"class_list":{"0":"post-267717","1":"post","2":"type-post","3":"status-publish","4":"format-standard","5":"has-post-thumbnail","7":"category-royaume-uni","8":"tag-actualites","9":"tag-bourse","10":"tag-eu","11":"tag-europe","12":"tag-news","13":"tag-royaume-uni","14":"tag-royaume-uni-de-grande-bretagne-et-dirlande-du-nord","15":"tag-uk","16":"tag-united-kingdom","17":"tag-united-kingdom-of-great-britain-and-northern-ireland"},"share_on_mastodon":{"url":"https:\/\/pubeurope.com\/@fr\/114901942582232377","error":""},"_links":{"self":[{"href":"https:\/\/www.europesays.com\/fr\/wp-json\/wp\/v2\/posts\/267717","targetHints":{"allow":["GET"]}}],"collection":[{"href":"https:\/\/www.europesays.com\/fr\/wp-json\/wp\/v2\/posts"}],"about":[{"href":"https:\/\/www.europesays.com\/fr\/wp-json\/wp\/v2\/types\/post"}],"author":[{"embeddable":true,"href":"https:\/\/www.europesays.com\/fr\/wp-json\/wp\/v2\/users\/2"}],"replies":[{"embeddable":true,"href":"https:\/\/www.europesays.com\/fr\/wp-json\/wp\/v2\/comments?post=267717"}],"version-history":[{"count":0,"href":"https:\/\/www.europesays.com\/fr\/wp-json\/wp\/v2\/posts\/267717\/revisions"}],"wp:featuredmedia":[{"embeddable":true,"href":"https:\/\/www.europesays.com\/fr\/wp-json\/wp\/v2\/media\/2490"}],"wp:attachment":[{"href":"https:\/\/www.europesays.com\/fr\/wp-json\/wp\/v2\/media?parent=267717"}],"wp:term":[{"taxonomy":"category","embeddable":true,"href":"https:\/\/www.europesays.com\/fr\/wp-json\/wp\/v2\/categories?post=267717"},{"taxonomy":"post_tag","embeddable":true,"href":"https:\/\/www.europesays.com\/fr\/wp-json\/wp\/v2\/tags?post=267717"}],"curies":[{"name":"wp","href":"https:\/\/api.w.org\/{rel}","templated":true}]}}