{"id":267718,"date":"2025-07-23T09:54:14","date_gmt":"2025-07-23T09:54:14","guid":{"rendered":"https:\/\/www.europesays.com\/fr\/267718\/"},"modified":"2025-07-23T09:54:14","modified_gmt":"2025-07-23T09:54:14","slug":"pourquoi-la-france-et-lallemagne-sopposent-sur-le-futur-avion-de-combat-europeen","status":"publish","type":"post","link":"https:\/\/www.europesays.com\/fr\/267718\/","title":{"rendered":"pourquoi la France et l\u2019Allemagne s\u2019opposent sur le futur avion de combat europ\u00e9en ?"},"content":{"rendered":"<p>Une s\u00e9ance de c\u00e2linoth\u00e9rapie entre la France et<a href=\"https:\/\/www.parismatch.com\/actu\/international\/en-allemagne-lextreme-droite-devient-le-premier-parti-du-pays-selon-un-sondage-250393\" rel=\"nofollow noopener\" target=\"_blank\" data-ylk=\"slk:l\u2019Allemagne;elm:context_link;itc:0;sec:content-canvas\" class=\"link \"> l\u2019Allemagne<\/a>. Ce mercredi 23\u00a0juillet, Emmanuel Macron se rend dans une villa de la banlieue berlinoise. Une soir\u00e9e o\u00f9 le pr\u00e9sident doit, apr\u00e8s une promenade et un concert de jazz, d\u00eener avec le chancelier allemand <a href=\"https:\/\/www.parismatch.com\/actu\/international\/friedrich-merz-le-nouvel-homme-fort-de-lallemagne-247805\" rel=\"nofollow noopener\" target=\"_blank\" data-ylk=\"slk:Friedrich Merz;elm:context_link;itc:0;sec:content-canvas\" class=\"link \">Friedrich Merz<\/a>.<\/p>\n<p>L\u2019objectif de la rencontre\u00a0: r\u00e9soudre un certain nombre de d\u00e9saccords de longue date entre les deux pays, notamment en mati\u00e8re de d\u00e9fense. Les deux hommes devraient aborder l\u2019\u00e9pineuse question du Syst\u00e8me de combat a\u00e9rien du futur (SCAF), l\u2019avion de chasse de nouvelle g\u00e9n\u00e9ration europ\u00e9en, un projet colossal, estim\u00e9 \u00e0 100\u00a0milliards d\u2019euros et pr\u00e9vu pour 2040 qui doit remplacer les <a href=\"https:\/\/www.parismatch.com\/actu\/international\/comment-le-pakistan-a-t-il-abattu-un-rafale-indien-254455\" rel=\"nofollow noopener\" target=\"_blank\" data-ylk=\"slk:Rafale fran\u00e7ais;elm:context_link;itc:0;sec:content-canvas\" class=\"link \">Rafale fran\u00e7ais<\/a> et les Eurofighter allemands.<\/p>\n<p>Le n\u0153ud du probl\u00e8me<\/p>\n<p>Ce projet tr\u00e8s ambitieux men\u00e9 par la France, l\u2019Allemagne et l\u2019Espagne &#8211; qui doit notamment permettre de r\u00e9duire la d\u00e9pendance europ\u00e9enne aux mat\u00e9riels am\u00e9ricains &#8211; est menac\u00e9 par une bataille entre industriels, notamment au sujet de la gouvernance du projet.<\/p>\n<p>En effet, le SCAF ne se limite pas \u00e0 un simple chasseur de combat puisqu\u2019il int\u00e9grera des drones et des syst\u00e8mes connect\u00e9s. Dans la r\u00e9partition actuelle, le fran\u00e7ais Dassault Aviation a \u00e9t\u00e9 d\u00e9sign\u00e9 ma\u00eetre d\u2019\u0153uvre pour la conception et la construction du chasseur.<\/p>\n<p><a href=\"https:\/\/www.parismatch.com\/actu\/economie\/airbus-decroche-la-plus-importante-commande-de-lhistoire-de-laviation-civile-226456\" rel=\"nofollow noopener\" target=\"_blank\" data-ylk=\"slk:Airbus;elm:context_link;itc:0;sec:content-canvas\" class=\"link \">Airbus<\/a> prend la t\u00eate du d\u00e9veloppement des drones et des syst\u00e8mes logiciels, tandis que l\u2019espagnol Indra se charge des capteurs. Ce sch\u00e9ma avait \u00e9t\u00e9 valid\u00e9 par les trois gouvernements au lancement du programme. Mais Dassault estime que ce leader&#8230;<\/p>\n<p><a href=\"https:\/\/www.parismatch.com\/actu\/international\/defense-pourquoi-la-france-et-lallemagne-sopposent-sur-le-futur-avion-de-combat-europeen-254656?at_medium=affiliate&amp;at_campaign=Yahoo\" rel=\"nofollow noopener\" target=\"_blank\" data-ylk=\"slk:Lire la suite sur ParisMatch;elm:context_link;itc:0;sec:content-canvas\" class=\"link \">Lire la suite sur ParisMatch<\/a><\/p>\n","protected":false},"excerpt":{"rendered":"Une s\u00e9ance de c\u00e2linoth\u00e9rapie entre la France et l\u2019Allemagne. Ce mercredi 23\u00a0juillet, Emmanuel Macron se rend dans une&hellip;\n","protected":false},"author":2,"featured_media":267719,"comment_status":"","ping_status":"","sticky":false,"template":"","format":"standard","meta":{"footnotes":""},"categories":[1587],"tags":[11,672,1804,30837,40717,20286,1805,1803,1777,674,1801,3442,18375,8972,12,1802],"class_list":{"0":"post-267718","1":"post","2":"type-post","3":"status-publish","4":"format-standard","5":"has-post-thumbnail","7":"category-allemagne","8":"tag-actualites","9":"tag-allemagne","10":"tag-bundesrepublik-deutschland","11":"tag-combat-aerien","12":"tag-concert-de-jazz","13":"tag-dassault-aviation","14":"tag-de","15":"tag-deutschland","16":"tag-eu","17":"tag-europe","18":"tag-germany","19":"tag-lallemagne","20":"tag-les-deux-hommes","21":"tag-milliards-deuros","22":"tag-news","23":"tag-republique-federale-dallemagne"},"share_on_mastodon":{"url":"https:\/\/pubeurope.com\/@fr\/114901946495833537","error":""},"_links":{"self":[{"href":"https:\/\/www.europesays.com\/fr\/wp-json\/wp\/v2\/posts\/267718","targetHints":{"allow":["GET"]}}],"collection":[{"href":"https:\/\/www.europesays.com\/fr\/wp-json\/wp\/v2\/posts"}],"about":[{"href":"https:\/\/www.europesays.com\/fr\/wp-json\/wp\/v2\/types\/post"}],"author":[{"embeddable":true,"href":"https:\/\/www.europesays.com\/fr\/wp-json\/wp\/v2\/users\/2"}],"replies":[{"embeddable":true,"href":"https:\/\/www.europesays.com\/fr\/wp-json\/wp\/v2\/comments?post=267718"}],"version-history":[{"count":0,"href":"https:\/\/www.europesays.com\/fr\/wp-json\/wp\/v2\/posts\/267718\/revisions"}],"wp:featuredmedia":[{"embeddable":true,"href":"https:\/\/www.europesays.com\/fr\/wp-json\/wp\/v2\/media\/267719"}],"wp:attachment":[{"href":"https:\/\/www.europesays.com\/fr\/wp-json\/wp\/v2\/media?parent=267718"}],"wp:term":[{"taxonomy":"category","embeddable":true,"href":"https:\/\/www.europesays.com\/fr\/wp-json\/wp\/v2\/categories?post=267718"},{"taxonomy":"post_tag","embeddable":true,"href":"https:\/\/www.europesays.com\/fr\/wp-json\/wp\/v2\/tags?post=267718"}],"curies":[{"name":"wp","href":"https:\/\/api.w.org\/{rel}","templated":true}]}}