{"id":26773,"date":"2025-04-15T14:51:09","date_gmt":"2025-04-15T14:51:09","guid":{"rendered":"https:\/\/www.europesays.com\/fr\/26773\/"},"modified":"2025-04-15T14:51:09","modified_gmt":"2025-04-15T14:51:09","slug":"rencontre-de-la-silver-eco-cci-une-edition-2025-au-coeur-des-enjeux-du","status":"publish","type":"post","link":"https:\/\/www.europesays.com\/fr\/26773\/","title":{"rendered":"\u00ab\u00a0Rencontre de la Silver \u00c9co\u00a0\u00bb CCI : une \u00e9dition 2025 au c\u0153ur des enjeux du (\u2026)"},"content":{"rendered":"<p>                    <img loading=\"lazy\" decoding=\"async\" src=\"https:\/\/www.europesays.com\/fr\/wp-content\/uploads\/2025\/04\/566569c0584f71e972942ee9b63aac.png\" class=\"img-responsive post-image\" width=\"680\" height=\"510\" alt=\"&quot;Rencontre de la Silver\" title=\"&quot;Rencontre de la Silver \u00c9co&quot; CCI : une \u00e9dition 2025 au c\u0153ur des enjeux du vieillissement actif\"\/><\/p>\n<p class=\"chapo\">La chambre de commerce et d\u2019industrie Nice C\u00f4te d\u2019Azur organise, le jeudi 24 avril 2025, son \u00e9v\u00e9nement annuel \u00ab\u00a0La rencontre de la Silver \u00c9co\u00a0\u00bb, d\u00e9di\u00e9 aux enjeux de la Silver \u00c9conomie, secteur en forte croissance sur le territoire azur\u00e9en. Cette journ\u00e9e th\u00e9matique, ouverte aux professionnels comme aux s\u00e9niors, mettra en lumi\u00e8re les solutions innovantes destin\u00e9es \u00e0 accompagner le vieillissement de la population.<\/p>\n<p>                    La Silver \u00c9conomie, un march\u00e9 en plein essor dans les Alpes-Maritimes<\/p>\n<p>Avec une croissance de 11\u00a0% en dix ans, le march\u00e9 des services et produits destin\u00e9s aux plus de 60 ans conna\u00eet un v\u00e9ritable d\u00e9veloppement dans les Alpes-Maritimes. Cette dynamique s\u2019explique notamment par l\u2019augmentation de l\u2019esp\u00e9rance de vie et par la volont\u00e9 croissante d\u2019adapter notre soci\u00e9t\u00e9 aux besoins des s\u00e9niors. Le d\u00e9partement compte 560 \u00e9tablissements actifs dans ce domaine, contribuant \u00e0 la cr\u00e9ation d\u2019emplois et au d\u00e9veloppement de solutions innovantes\u00a0: e-sant\u00e9, habitat adapt\u00e9, t\u00e9l\u00e9assistance, mobilit\u00e9 douce, etc.<\/p>\n<p>Un rendez-vous pour f\u00e9d\u00e9rer l\u2019\u00e9cosyst\u00e8me local<\/p>\n<p>Organis\u00e9e \u00e0 la CCI Nice C\u00f4te d\u2019Azur, la rencontre de la Silver \u00c9co r\u00e9unira un large panel d\u2019acteurs\u00a0: institutions, entreprises, chercheurs, usagers, et associations. Objectif\u00a0: \u00e9changer sur les d\u00e9fis sociaux, \u00e9conomiques et technologiques li\u00e9s au vieillissement, partager les bonnes pratiques et favoriser les synergies.<br class=\"autobr\"\/><br \/>\nL\u2019\u00e9v\u00e9nement est organis\u00e9 en partenariat avec Harmonie Mutuelle, la Maison de l\u2019Intelligence Artificielle, IMREDD, le CEA, Ulysseus, Universit\u00e9 C\u00f4te d\u2019Azur, la M\u00e9tropole Nice C\u00f4te d\u2019Azur, la R\u00e9gion Sud, la Ville de Nice et Silver Valley.<\/p>\n<p>Un programme rythm\u00e9 entre conf\u00e9rences, ateliers et d\u00e9monstrations<\/p>\n<p>La journ\u00e9e s\u2019articulera autour de temps forts\u00a0:<br class=\"autobr\"\/><br \/>\n<strong>9h00 \u2013 11h00\u00a0: Atelier BtoB<\/strong><br class=\"autobr\"\/><br \/>\n\u00ab\u00a0Boostez votre business model dans le secteur en pleine expansion de la Silver \u00c9co\u00a0\u00bb, anim\u00e9 par Romain Ganneau (Silver Valley). Un workshop pour mieux structurer son offre sur ce march\u00e9 porteur.<\/p>\n<p><strong>11h00 \u2013 12h00\u00a0: Conf\u00e9rence grand public<\/strong><br class=\"autobr\"\/><br \/>\n\u00ab\u00a0Bouger plus, vivre mieux\u00a0: l\u2019Activit\u00e9 Physique, une cl\u00e9 pour tous\u00a0?\u00a0\u00bb, avec<strong> Julien Monier <\/strong> (Azur Sport Sant\u00e9), pour sensibiliser aux bienfaits de l\u2019activit\u00e9 physique adapt\u00e9e, levier essentiel contre la s\u00e9dentarit\u00e9.<\/p>\n<p><strong>13h30 \u2013 16h30\u00a0: Ateliers et d\u00e9monstrations<\/strong><br class=\"autobr\"\/><br \/>\neSport &amp; Silver Geek\u00a0: simulateur de conduite, jeux vid\u00e9o<br class=\"autobr\"\/><br \/>\nCin\u00e9-d\u00e9bat autour du film \u00ab\u00a0Je veille sur toi\u00a0\u00bb<br class=\"autobr\"\/><br \/>\nD\u00e9mos IA et jeux cognitifs<\/p>\n<p><strong>Village exposants\u00a0: <\/strong> pr\u00e9sentation de solutions concr\u00e8tes pour les s\u00e9niors<\/p>\n<p>L\u2019\u00e9v\u00e9nement se tiendra dans les locaux de la CCI NCA 20 boulevard Carabacel \u00e0 Nice\u00a0; <a href=\"https:\/\/newdeal.cote-azur.cci.fr\/participation_evenement.fl?eventCode=202503-875&amp;utk=$PerToken$&amp;dummy=true\" class=\"spip_out\" rel=\"external nofollow noopener\" target=\"_blank\">Inscription gratuite en ligne<\/a><\/p>\n<p>Visuel de Une\u00a0: d\u00e9tail affiche 2025  \u00a9CCI NCA<\/p>\n","protected":false},"excerpt":{"rendered":"La chambre de commerce et d\u2019industrie Nice C\u00f4te d\u2019Azur organise, le jeudi 24 avril 2025, son \u00e9v\u00e9nement annuel&hellip;\n","protected":false},"author":2,"featured_media":26774,"comment_status":"","ping_status":"","sticky":false,"template":"","format":"standard","meta":{"footnotes":""},"categories":[2819],"tags":[1111,11,2408,1777,674,1011,27,12,2401,882,25],"class_list":{"0":"post-26773","1":"post","2":"type-post","3":"status-publish","4":"format-standard","5":"has-post-thumbnail","7":"category-nice","8":"tag-actu","9":"tag-actualites","10":"tag-appels-d","11":"tag-eu","12":"tag-europe","13":"tag-fr","14":"tag-france","15":"tag-news","16":"tag-nice","17":"tag-provence-alpes-cote-dazur","18":"tag-republique-francaise"},"share_on_mastodon":{"url":"https:\/\/pubeurope.com\/@fr\/114342545567305012","error":""},"_links":{"self":[{"href":"https:\/\/www.europesays.com\/fr\/wp-json\/wp\/v2\/posts\/26773","targetHints":{"allow":["GET"]}}],"collection":[{"href":"https:\/\/www.europesays.com\/fr\/wp-json\/wp\/v2\/posts"}],"about":[{"href":"https:\/\/www.europesays.com\/fr\/wp-json\/wp\/v2\/types\/post"}],"author":[{"embeddable":true,"href":"https:\/\/www.europesays.com\/fr\/wp-json\/wp\/v2\/users\/2"}],"replies":[{"embeddable":true,"href":"https:\/\/www.europesays.com\/fr\/wp-json\/wp\/v2\/comments?post=26773"}],"version-history":[{"count":0,"href":"https:\/\/www.europesays.com\/fr\/wp-json\/wp\/v2\/posts\/26773\/revisions"}],"wp:featuredmedia":[{"embeddable":true,"href":"https:\/\/www.europesays.com\/fr\/wp-json\/wp\/v2\/media\/26774"}],"wp:attachment":[{"href":"https:\/\/www.europesays.com\/fr\/wp-json\/wp\/v2\/media?parent=26773"}],"wp:term":[{"taxonomy":"category","embeddable":true,"href":"https:\/\/www.europesays.com\/fr\/wp-json\/wp\/v2\/categories?post=26773"},{"taxonomy":"post_tag","embeddable":true,"href":"https:\/\/www.europesays.com\/fr\/wp-json\/wp\/v2\/tags?post=26773"}],"curies":[{"name":"wp","href":"https:\/\/api.w.org\/{rel}","templated":true}]}}