{"id":267730,"date":"2025-07-23T10:00:13","date_gmt":"2025-07-23T10:00:13","guid":{"rendered":"https:\/\/www.europesays.com\/fr\/267730\/"},"modified":"2025-07-23T10:00:13","modified_gmt":"2025-07-23T10:00:13","slug":"cfj-du-grand-spectacle-au-gouverneur-federation-francaise-de-golf-ffgolf","status":"publish","type":"post","link":"https:\/\/www.europesays.com\/fr\/267730\/","title":{"rendered":"CFJ : Du grand spectacle au Gouverneur &#8211; F\u00e9d\u00e9ration fran\u00e7aise de golf (ffgolf)"},"content":{"rendered":"<ol>\n<li><a href=\"https:\/\/news.google.com\/rss\/articles\/CBMilAFBVV95cUxPSGdhMFRaUzRfVHlBTlRnVm51d0s0ZXZCSDY3VHMxUmdWUGRSRXlBME40WE1pMmNuR01MNHVXeFN4WUR3THRjZlFjZzl4M1RPZ0lIUTh3dzNyQ0Z5UjRqOEZwMDlVQVJySHg0NFJlOTliZlZ5a1RGV0lLUnNYSUVCMzRmd1Z0UkxCSEJ0SF9KOEQ0Y3di?oc=5\" target=\"_blank\" rel=\"nofollow noopener\">CFJ : Du grand spectacle au Gouverneur<\/a>&nbsp;&nbsp;F\u00e9d\u00e9ration fran\u00e7aise de golf (ffgolf)<\/li>\n<li><a href=\"https:\/\/news.google.com\/rss\/articles\/CBMiowFBVV95cUxQbmRuTjM3SnZrcnU1dlZ1ODVuTEZrR3c0dGNoajl1RWZrWE03YldKSEhRU09OWFFpa0ZLRGFTRXM4OUkxQ1hKWW1fV0pValRGbHQ3V0pKcDYxQThDbXdCRmVnTWpkZ3hpMEF6QVVkVlQ4R2w1LWJ1TkVSaW1fMG1oQUg3RHQxTEZRZXRfWk81V21BdkV0YzVsaTdGUFJnOUVOeWpB?oc=5\" target=\"_blank\" rel=\"nofollow noopener\">CFJ : Les parents loin des yeux mais pas du c\u0153ur<\/a>&nbsp;&nbsp;F\u00e9d\u00e9ration fran\u00e7aise de golf (ffgolf)<\/li>\n<li><a href=\"https:\/\/news.google.com\/rss\/articles\/CBMisAFBVV95cUxPQ1pZOWxxWXUteUQ3N2NCdktCbjRPcTdZRWwxTkVrNFRxMFk3NDRHSDVTNnpVSmJZNVZNV05zVjNFNU9YbElWVHU0QUZwUUJkS0RzZHl4dXR2UnBZd2NfYWtSRWh0MTg1Yk1QbkJ3SEhkUmVRaG5ja0h0bUlpbVZLRk51bjVJVUZfa0cwcVFWVjlKV3hjc3pXaWxJeU5RNWhfQ3NaSEpndjJwNGtQM2lYMw?oc=5\" target=\"_blank\" rel=\"nofollow noopener\">Golf &#8211; Claude-Bernard Emmanuelli en lice aux championnats de France<\/a>&nbsp;&nbsp;Corse Net Infos<\/li>\n<li><a href=\"https:\/\/news.google.com\/rss\/articles\/CBMi8gFBVV95cUxOWDFHbW4tVmdabEFVc0lYUmxpcmNrM1pScGYtUXlfaFN4TEM5Z0ptMXpfNW9kZGFFbmpqZmxXbk5SbHQ2NzNkZHBYazlvaFh3Nk5uZjRpLWFtWkFVQ1RyY0FjMGN2c19Sb1V5ZnhCRzF6ZFhrTy1lZWJvcUdqVGdnWmtlMzJFNnFqREY5eTk2RHhCQ1prRmdZcnNDNFEzZ1VJcjhpWkpqX094THpJSU1ONmtuNk5KVlExVnA5eDIwYnZ0T1V4aU82dXN1Qmlta0kyVVBUdTc1VTN4UmRUNnlZZFJTM3VjXzZ5ZXNfN1NuMkQ4dw?oc=5\" target=\"_blank\" rel=\"nofollow noopener\">Golf. Championnats de France jeunes : une g\u00e9n\u00e9ration U12 \u00ab qui promet \u00bb en Pays de la Loire<\/a>&nbsp;&nbsp;Ouest-France<\/li>\n<li><a href=\"https:\/\/news.google.com\/rss\/articles\/CBMilgFBVV95cUxOczl2X0liaWEzT2FTSno4SDlqSnd2YmFQb2VCQjZjYUZIQ1N2YVRVU0pCOUs2a1drU19aX3BoQ2RRLWVrTWxWWnlCRnhKb09DaFNkVk9fZGI0dXRJMTRQSElpVjladzNHYjUzbWdSWFRxeVBMa0V4T1J2RGVaYThPS2tRR3BwZjVoMHlhMDJxM0prUkpwR2c?oc=5\" target=\"_blank\" rel=\"nofollow noopener\">Championnat de France U12\/Benjamins du 21 au 26 juillet 2025<\/a>&nbsp;&nbsp;Ligue de Bretagne de Golf<\/li>\n<\/ol>\n","protected":false},"excerpt":{"rendered":"CFJ : Du grand spectacle au Gouverneur&nbsp;&nbsp;F\u00e9d\u00e9ration fran\u00e7aise de golf (ffgolf) CFJ : Les parents loin des yeux&hellip;\n","protected":false},"author":2,"featured_media":267731,"comment_status":"","ping_status":"","sticky":false,"template":"","format":"standard","meta":{"footnotes":""},"categories":[1418],"tags":[1011,27,1472,60],"class_list":{"0":"post-267730","1":"post","2":"type-post","3":"status-publish","4":"format-standard","5":"has-post-thumbnail","7":"category-golf","8":"tag-fr","9":"tag-france","10":"tag-golf","11":"tag-sports"},"share_on_mastodon":{"url":"https:\/\/pubeurope.com\/@fr\/114901969995274299","error":""},"_links":{"self":[{"href":"https:\/\/www.europesays.com\/fr\/wp-json\/wp\/v2\/posts\/267730","targetHints":{"allow":["GET"]}}],"collection":[{"href":"https:\/\/www.europesays.com\/fr\/wp-json\/wp\/v2\/posts"}],"about":[{"href":"https:\/\/www.europesays.com\/fr\/wp-json\/wp\/v2\/types\/post"}],"author":[{"embeddable":true,"href":"https:\/\/www.europesays.com\/fr\/wp-json\/wp\/v2\/users\/2"}],"replies":[{"embeddable":true,"href":"https:\/\/www.europesays.com\/fr\/wp-json\/wp\/v2\/comments?post=267730"}],"version-history":[{"count":0,"href":"https:\/\/www.europesays.com\/fr\/wp-json\/wp\/v2\/posts\/267730\/revisions"}],"wp:featuredmedia":[{"embeddable":true,"href":"https:\/\/www.europesays.com\/fr\/wp-json\/wp\/v2\/media\/267731"}],"wp:attachment":[{"href":"https:\/\/www.europesays.com\/fr\/wp-json\/wp\/v2\/media?parent=267730"}],"wp:term":[{"taxonomy":"category","embeddable":true,"href":"https:\/\/www.europesays.com\/fr\/wp-json\/wp\/v2\/categories?post=267730"},{"taxonomy":"post_tag","embeddable":true,"href":"https:\/\/www.europesays.com\/fr\/wp-json\/wp\/v2\/tags?post=267730"}],"curies":[{"name":"wp","href":"https:\/\/api.w.org\/{rel}","templated":true}]}}