{"id":267732,"date":"2025-07-23T10:02:12","date_gmt":"2025-07-23T10:02:12","guid":{"rendered":"https:\/\/www.europesays.com\/fr\/267732\/"},"modified":"2025-07-23T10:02:12","modified_gmt":"2025-07-23T10:02:12","slug":"devenu-international-lors-de-la-tournee-dete-ce-palois-reconnait-avoir-ete-proche-de-signer-a-toulouse","status":"publish","type":"post","link":"https:\/\/www.europesays.com\/fr\/267732\/","title":{"rendered":"devenu international lors de la tourn\u00e9e d\u2019\u00e9t\u00e9, ce Palois reconna\u00eet avoir \u00e9t\u00e9 proche de signer \u00e0 Toulouse"},"content":{"rendered":"<p>Il fait partie des belles surprises de cette tourn\u00e9e estivale. Comme de nombreux joueurs, Thibault Daubagna a profit\u00e9 de l\u2019absence de nombreux cadres pour f\u00eater ses premi\u00e8res s\u00e9lections avec le XV de France. Le demi de m\u00eal\u00e9e de 31 ans a eu le bonheur d\u2019honorer ses capes face \u00e0 la Nouvelle-Z\u00e9lande. Une r\u00e9compense pour ce cadre de la Section Paloise, avec laquelle il a toujours \u00e9volu\u00e9.<\/p>\n<p>Daubagna a failli signer \u00e0 Toulouse en 2019<\/p>\n<p>Pour autant, Daubagna aurait pu s\u2019offrir d\u2019autres d\u00e9fis. En 2019, le Stade Toulousain l\u2019a ainsi contact\u00e9 pour venir concurrencer Antoine Dupont et compenser le d\u00e9part de S\u00e9bastien B\u00e9zy. S\u2019il a h\u00e9sit\u00e9, le demi de m\u00eal\u00e9e a fait le choix de la stabilit\u00e9, comme il l\u2019a expliqu\u00e9 \u00e0 <a href=\"https:\/\/www.rugbyrama.fr\/2025\/07\/18\/tournee-du-xv-de-france-en-nouvelle-zelande-daubagna-il-y-a-deux-mois-je-ny-aurais-pas-cru-12831536.php\" rel=\"nofollow noopener\" target=\"_blank\">Rugbyrama.<\/a> <\/p>\n<blockquote>\n<p>\u00ab\u00a0Je suis un vrai B\u00e9arnais, n\u00e9 \u00e0 Juran\u00e7on. J\u2019ai d\u00e9marr\u00e9 \u00e0 la Section paloise en 1999 et en partir aurait \u00e9t\u00e9 \u00e9videmment difficile. J\u2019ai n\u00e9anmoins failli rejoindre Toulouse (en 2019). L\u2019id\u00e9e me plaisait mais le projet \u00e9tait aussi super concurrentiel, puisque j\u2019aurais \u00e9t\u00e9 le num\u00e9ro\u00a02 d\u2019Antoine Dupont. Je n\u2019ai pas de regret, aujourd\u2019hui. Je suis fier d\u2019avoir particip\u00e9 au renouveau de la Section paloise, qui vient d\u2019ailleurs de se qualifier pour la premi\u00e8re fois en Champions Cup. Ce club travaille bien\u00a0\u00bb<\/p>\n<\/blockquote>\n<p>Partagez cette info avec vos amis et vos proches en cliquant ici<br \/>Pour r\u00e9sumer<\/p>\n<p>Un cadre de la Section Paloise, qui a f\u00eat\u00e9 ses premi\u00e8res s\u00e9lections lors de la tourn\u00e9e du XV de France en Nouvelle-Z\u00e9lande, aurait pu signer avec le Stade Toulousain. Thibault Daubagna \u00e9tait en contact avec le club en 2019.<\/p>\n<p> <img decoding=\"async\" width=\"76\" height=\"76\" loading=\"lazy\" src=\"https:\/\/www.europesays.com\/fr\/wp-content\/uploads\/2025\/04\/avatar-quinze.png\" alt=\"Arnaud D\u00e9chelotte\"\/><\/p>\n","protected":false},"excerpt":{"rendered":"Il fait partie des belles surprises de cette tourn\u00e9e estivale. Comme de nombreux joueurs, Thibault Daubagna a profit\u00e9&hellip;\n","protected":false},"author":2,"featured_media":267733,"comment_status":"","ping_status":"","sticky":false,"template":"","format":"standard","meta":{"footnotes":""},"categories":[1416],"tags":[1011,27,479,1468,60],"class_list":{"0":"post-267732","1":"post","2":"type-post","3":"status-publish","4":"format-standard","5":"has-post-thumbnail","7":"category-rugby","8":"tag-fr","9":"tag-france","10":"tag-rugby","11":"tag-rugby-football","12":"tag-sports"},"share_on_mastodon":{"url":"https:\/\/pubeurope.com\/@fr\/114901977923624784","error":""},"_links":{"self":[{"href":"https:\/\/www.europesays.com\/fr\/wp-json\/wp\/v2\/posts\/267732","targetHints":{"allow":["GET"]}}],"collection":[{"href":"https:\/\/www.europesays.com\/fr\/wp-json\/wp\/v2\/posts"}],"about":[{"href":"https:\/\/www.europesays.com\/fr\/wp-json\/wp\/v2\/types\/post"}],"author":[{"embeddable":true,"href":"https:\/\/www.europesays.com\/fr\/wp-json\/wp\/v2\/users\/2"}],"replies":[{"embeddable":true,"href":"https:\/\/www.europesays.com\/fr\/wp-json\/wp\/v2\/comments?post=267732"}],"version-history":[{"count":0,"href":"https:\/\/www.europesays.com\/fr\/wp-json\/wp\/v2\/posts\/267732\/revisions"}],"wp:featuredmedia":[{"embeddable":true,"href":"https:\/\/www.europesays.com\/fr\/wp-json\/wp\/v2\/media\/267733"}],"wp:attachment":[{"href":"https:\/\/www.europesays.com\/fr\/wp-json\/wp\/v2\/media?parent=267732"}],"wp:term":[{"taxonomy":"category","embeddable":true,"href":"https:\/\/www.europesays.com\/fr\/wp-json\/wp\/v2\/categories?post=267732"},{"taxonomy":"post_tag","embeddable":true,"href":"https:\/\/www.europesays.com\/fr\/wp-json\/wp\/v2\/tags?post=267732"}],"curies":[{"name":"wp","href":"https:\/\/api.w.org\/{rel}","templated":true}]}}