{"id":267734,"date":"2025-07-23T10:03:09","date_gmt":"2025-07-23T10:03:09","guid":{"rendered":"https:\/\/www.europesays.com\/fr\/267734\/"},"modified":"2025-07-23T10:03:09","modified_gmt":"2025-07-23T10:03:09","slug":"insolite-atp-roger-federer-aux-cotes-de-rafael-nadal-quelquun-est-pret-a-nous-affronter-tous-les-deux-we-love-tennis","status":"publish","type":"post","link":"https:\/\/www.europesays.com\/fr\/267734\/","title":{"rendered":"Insolite, ATP &gt; Roger Federer, aux c\u00f4t\u00e9s de Rafael Nadal : &quot;Quelqu&#039;un est pr\u00eat \u00e0 nous affronter tous les deux ?&quot; &#8211; We Love Tennis"},"content":{"rendered":"<ol>\n<li><a href=\"https:\/\/news.google.com\/rss\/articles\/CBMiwwFBVV95cUxNYWxpS0hpSTdReVlGam1UQTRUNExsaHN5bncwenJyUUQ2ZWlteUtIS1gwbHNFUk1HQm1yclNDWVEtOEhoS1JZbTA2VS1ZUTB4MEc2Wm0yeWxma1NGNHRsVUpxcS1VZE9xRjVEdllWbFVRTzI3b2tzdG5zbl91clBkckpudzdMb0lHNlBZUnVfcDFEOU1VNF9sWGtTdGRTb3pNdmFyMkFoRDF6eFlxRzRLbTdmaFFyTzdWaDZ6Y2NDa01hYzg?oc=5\" target=\"_blank\" rel=\"nofollow noopener\">Insolite, ATP &gt; Roger Federer, aux c\u00f4t\u00e9s de Rafael Nadal : \u00ab\u00a0Quelqu&rsquo;un est pr\u00eat \u00e0 nous affronter tous les deux ?\u00a0\u00bb<\/a>&nbsp;&nbsp;We Love Tennis<\/li>\n<li><a href=\"https:\/\/news.google.com\/rss\/articles\/CBMiqgFBVV95cUxNS0kxT0h4MHB3MmN2bFZ3eEFOc0tmUUVYWFVhS3lsSEtCalM2di16RUFzWWg2TDJzV2VnaFRyQjBmTElvbFJ5S2E0Q3VBMHY2c1hHeW01MWZyYjBLTUl6UFg4X0E5MDlqYThDQkVFMFplQ2k1ckxjY2QtSEh0Qk1lS1ZZdnpmcHdOYWxKTFBlRHZlWU9sQWRpWW5OVXFDWjBrOF9ZSnN5MkFVUQ?oc=5\" target=\"_blank\" rel=\"nofollow noopener\">Nadal et Federer au golf ensemble, la photo qui fait du bien<\/a>&nbsp;&nbsp;Le Figaro<\/li>\n<li><a href=\"https:\/\/news.google.com\/rss\/articles\/CBMiuwFBVV95cUxNOXhrN0loQ0VKdGhDdnVLSHhmeDlDaldZbTNmaHVBc1dUc2lVRXRHRnpQXzVQSjV4WnpLZVJvTEd2ZVFMWl9WX3I0TGJmU3MySzRBNHlyZEo5TFhpSmtRZ3U2TGRvYkd3M01vdEJIc0NRSVdjRFNyam9ucEdFTHBnTDFTaWgxb1VETFZtYnNtQTk5SDA1Snd0R1BYODU2NzJaU281clNOaHJXbndXS0pqd2hSSmJxaXg3TG5V?oc=5\" target=\"_blank\" rel=\"nofollow noopener\">Roger Federer rend visite \u00e0 Rafael Nadal dans son acad\u00e9mie de Majorque<\/a>&nbsp;&nbsp;L&rsquo;\u00c9quipe<\/li>\n<li><a href=\"https:\/\/news.google.com\/rss\/articles\/CBMisgFBVV95cUxOTF9HMk9IaGcwd3hZT1UzeWVyT1lBUVZYRUZERlc0d184ekluQWxUa1pQMi1NbDZEcW1Kd2cwOTA1dmNxSDN5dVdIM0lzVFh4dnVMRnRsLUxPWWZMM01kc0tiWkJtTGlteVE5cHMyX3pKdHFsQVdKQU85M1JvQlpPSnhxY21IcDl1LWZlR0dXbWg2bnktQjVjWWJET3FCWVBIcFc5TUF1bW05YzR4M3FIaFVR0gGwAUFVX3lxTE53NGZDTXVWbXc4RkgtWWxHLTh0REFYTlpQY2xlS2RTZlN4TEoycTZxb2EwNXIwU1lzYW51Y29QVUlKYTNBczN3MjRSS1BiMWkybTY3OGlpU2RFeVVMdXRzTlFTQ1NpQWtrME94N0hkYm8xbl9RRDlucFg4dDVwMzA0S2RhSXpJaVlwaHA3cGlkLTBEMGoyV1J0eF8xUndvci1TUzRBX2VuekVDLV9ZRGpY?oc=5\" target=\"_blank\" rel=\"nofollow noopener\">Federer &#8211; Nadal, les retrouvailles \u00e0 Majorque<\/a>&nbsp;&nbsp;Orange Actualit\u00e9s | Sports<\/li>\n<li><a href=\"https:\/\/news.google.com\/rss\/articles\/CBMi8gFBVV95cUxQbDlPN0VELTRxeFBmZ2JpSmhsYXhoNEVmUkdPaEpPOE9ELU5sa0MtU0N5SFNQa3VobDl1dUhEMnNYcDRpTUZqX1M2SF9lRFJCWTZCci1ZVzNBSjN2RGJMS1lmSVFhSUNnZ0RsUWczUVhiZGJxVkY2ZnpaU3RCZ1hBSlc0YV9HclZ5dVpJS3RzcVI0UlhvWXVFZHNSazNrUHlfc2tsU1ZtLXJtcGV5eXp6Rng0bVVaeEFTYXE2dGdhQ05MYzRzX2VOV3pGZmhjYVpjS1ZxVE9hd0ZqbTZpbF9HWkdfMEJ2UFJ5c1A2bl92Z2NCUQ?oc=5\" target=\"_blank\" rel=\"nofollow noopener\">Tennis. Roger Federer en visite \u00e0 l\u2019acad\u00e9mie de Rafael Nadal \u00e0 Majorque<\/a>&nbsp;&nbsp;Ouest-France<\/li>\n<\/ol>\n","protected":false},"excerpt":{"rendered":"Insolite, ATP &gt; Roger Federer, aux c\u00f4t\u00e9s de Rafael Nadal : \u00ab\u00a0Quelqu&rsquo;un est pr\u00eat \u00e0 nous affronter tous&hellip;\n","protected":false},"author":2,"featured_media":254015,"comment_status":"","ping_status":"","sticky":false,"template":"","format":"standard","meta":{"footnotes":""},"categories":[1415],"tags":[2199,1011,27,1960,60,1467],"class_list":{"0":"post-267734","1":"post","2":"type-post","3":"status-publish","4":"format-standard","5":"has-post-thumbnail","7":"category-tennis","8":"tag-federer","9":"tag-fr","10":"tag-france","11":"tag-nadal","12":"tag-sports","13":"tag-tennis"},"share_on_mastodon":{"url":"https:\/\/pubeurope.com\/@fr\/114901981785489672","error":""},"_links":{"self":[{"href":"https:\/\/www.europesays.com\/fr\/wp-json\/wp\/v2\/posts\/267734","targetHints":{"allow":["GET"]}}],"collection":[{"href":"https:\/\/www.europesays.com\/fr\/wp-json\/wp\/v2\/posts"}],"about":[{"href":"https:\/\/www.europesays.com\/fr\/wp-json\/wp\/v2\/types\/post"}],"author":[{"embeddable":true,"href":"https:\/\/www.europesays.com\/fr\/wp-json\/wp\/v2\/users\/2"}],"replies":[{"embeddable":true,"href":"https:\/\/www.europesays.com\/fr\/wp-json\/wp\/v2\/comments?post=267734"}],"version-history":[{"count":0,"href":"https:\/\/www.europesays.com\/fr\/wp-json\/wp\/v2\/posts\/267734\/revisions"}],"wp:featuredmedia":[{"embeddable":true,"href":"https:\/\/www.europesays.com\/fr\/wp-json\/wp\/v2\/media\/254015"}],"wp:attachment":[{"href":"https:\/\/www.europesays.com\/fr\/wp-json\/wp\/v2\/media?parent=267734"}],"wp:term":[{"taxonomy":"category","embeddable":true,"href":"https:\/\/www.europesays.com\/fr\/wp-json\/wp\/v2\/categories?post=267734"},{"taxonomy":"post_tag","embeddable":true,"href":"https:\/\/www.europesays.com\/fr\/wp-json\/wp\/v2\/tags?post=267734"}],"curies":[{"name":"wp","href":"https:\/\/api.w.org\/{rel}","templated":true}]}}